{"id":1304,"date":"2024-03-26T13:11:17","date_gmt":"2024-03-26T12:11:17","guid":{"rendered":"https:\/\/blogdiario.info\/magazine\/?p=1304"},"modified":"2024-03-26T13:11:55","modified_gmt":"2024-03-26T12:11:55","slug":"la-protesta-de-los-agricultores-llega-a-westminster","status":"publish","type":"post","link":"https:\/\/blogdiario.info\/magazine\/2024\/03\/26\/la-protesta-de-los-agricultores-llega-a-westminster\/","title":{"rendered":"La protesta de los agricultores llega a Westminster"},"content":{"rendered":"\n<figure class=\"wp-block-image size-full\"><img loading=\"lazy\" decoding=\"async\" width=\"600\" height=\"377\" src=\"https:\/\/blogdiario.info\/magazine\/images\/2024\/03\/track_20240326_4-1.jpg\" alt=\"\" class=\"wp-image-1306\" srcset=\"https:\/\/blogdiario.info\/magazine\/images\/2024\/03\/track_20240326_4-1.jpg 600w, https:\/\/blogdiario.info\/magazine\/images\/2024\/03\/track_20240326_4-1-300x189.jpg 300w\" sizes=\"auto, (max-width: 600px) 100vw, 600px\" \/><\/figure>\n\n\n\n<p>Londres, 25\/03\/2024<br>La caravana de tractores circulando alrededor de Parliament Square, di\u00f3 un panorama claro del mal estado de la agricultura brit\u00e1nica.<\/p>\n\n\n\n<p>Lo mismo se podr\u00eda decir de la escena que recibieron  los parlamentarios que miraban desde sus oficinas, cuando m\u00e1s de un centenar de veh\u00edculos agr\u00edcolas, con luces cegadoras y bocinas ensordecedoras, protagonizaron una de las protestas m\u00e1s ruidosas que Westminster haya presenciado.<\/p>\n\n\n\n<p>Empujados por el efecto ruinoso que las importaciones baratas est\u00e1n teniendo en sus negocios, los agricultores esperaban paralizar la capital, como lo han hecho los agricultores franceses en Par\u00eds en los \u00faltimos meses.<\/p>\n\n\n\n<figure class=\"wp-block-image size-full\"><img loading=\"lazy\" decoding=\"async\" width=\"600\" height=\"374\" src=\"https:\/\/blogdiario.info\/magazine\/images\/2024\/03\/track_20240326_2-1.jpg\" alt=\"\" class=\"wp-image-1310\" srcset=\"https:\/\/blogdiario.info\/magazine\/images\/2024\/03\/track_20240326_2-1.jpg 600w, https:\/\/blogdiario.info\/magazine\/images\/2024\/03\/track_20240326_2-1-300x187.jpg 300w\" sizes=\"auto, (max-width: 600px) 100vw, 600px\" \/><\/figure>\n\n\n\n<p>Lo que quiz\u00e1s no se hayan dado cuenta es que en Londres, el tr\u00e1fico avanza lentamente a la velocidad de un tractor en un carril rural, lo que significa que no hicieron mucha diferencia en el atasco normal de las horas de punta .<\/p>\n\n\n\n<p>Los agricultores en la protesta mencionaron el hecho de que el Gobierno est\u00e1 pagando a los agricultores para que cultiven flores silvestres en campos muy f\u00e9rtiles.<\/p>\n\n\n\n<p>Adem\u00e1s, los ciudadanos ingleses son m\u00e1s respetuosos de la ley que en Francia, por lo que los tractores llegaron a las 18.00 horas, tal como dictaba la polic\u00eda, y no hubo bloqueos de carreteras con fardos de heno.<\/p>\n\n\n\n<p>El se\u00f1or Gibson, de 43 a\u00f1os,  explic\u00f3 por qu\u00e9 los agricultores como \u00e9l han llegado al l\u00edmite de sus fuerzas:<\/p>\n\n\n\n<p>&#8220;A los agricultores de este pa\u00eds les encanta producir alimentos de alta calidad para la gente, tenemos los est\u00e1ndares m\u00e1s altos del mundo, somos los mejores del mundo en hacerlo&#8221;, dijo. \u201cPero hacer eso es costoso, y en lugar de apoyar a los agricultores brit\u00e1nicos, el Gobierno permite importaciones baratas, producidas utilizando productos qu\u00edmicos y m\u00e9todos que est\u00e1n prohibidos aqu\u00ed.<\/p>\n\n\n\n<p>\u201cQuieren que nos convirtamos en productores con bajas emisiones de carbono para cumplir sus objetivos ecol\u00f3gicos, pero lo est\u00e1n haciendo deslocalizando la producci\u00f3n de carbono a otros pa\u00edses. Es simplemente ilusorio\u201d.<br>Los grupos que organizaron la protesta dicen que las importaciones de alimentos baratos y las pol\u00edticas poco solidarias ponen en riesgo la seguridad alimentaria del Reino Unido.<\/p>\n\n\n\n<p>Gibson y su hermano Jeff son la quinta generaci\u00f3n de su familia que cultiva su parcela de102 hectareas cerca de Canterbury (a cuatro horas en tractor), pero teme que sean los \u00faltimos.<\/p>\n\n\n\n<p>\u201cSomos una explotaci\u00f3n mixta, con ganado vacuno, cerdos, patatas, cereales y una tienda agr\u00edcola\u201d, afirma, \u201cpero en este momento vendemos cereales por debajo del coste de producci\u00f3n. No pedimos subvenciones, s\u00f3lo queremos igualdad de condiciones. Trabajo 70 horas a la semana, seis d\u00edas a la semana, pero si el gobierno no toma medidas dr\u00e1sticas contra estas importaciones baratas, vamos a cerrar el negocio\u201d.<\/p>\n\n\n\n<p>Como muchos otros agricultores en la protesta, menciona el hecho de que el Gobierno est\u00e1 pagando a los agricultores para que cultiven flores silvestres en campos muy f\u00e9rtiles &#8220;lo que no contribuye precisamente a la seguridad alimentaria&#8221;.<\/p>\n\n\n<div class=\"wp-block-image\">\n<figure class=\"alignleft size-full\"><img loading=\"lazy\" decoding=\"async\" width=\"400\" height=\"402\" src=\"https:\/\/blogdiario.info\/magazine\/images\/2024\/03\/track_20240326_3-3.jpg\" alt=\"\" class=\"wp-image-1309\" srcset=\"https:\/\/blogdiario.info\/magazine\/images\/2024\/03\/track_20240326_3-3.jpg 400w, https:\/\/blogdiario.info\/magazine\/images\/2024\/03\/track_20240326_3-3-150x150.jpg 150w\" sizes=\"auto, (max-width: 400px) 100vw, 400px\" \/><figcaption class=\"wp-element-caption\">Pasando por Whitehall, se ven a personas que sostienen carteles que dicen &#8220;Sin agricultores, no hay comida&#8221;  <\/figcaption><\/figure><\/div>\n\n\n<p>Richard Yeoman, de 39 a\u00f1os, un administrador de una granja de Eastbourne que con sensatez tom\u00f3 el tren a Londres, dice que el due\u00f1o de su granja tiene que pagarle con sus ahorros porque las 100 vacas y las 1.500 ovejas de la granja no est\u00e1n generando ganancias. <br><br>&#8220;Trabajamos para nada&#8221;, afirma. \u201cMi gobernador me paga de su propio bolsillo porque no gana dinero. El Gobierno dijo que ayudar\u00eda a los agricultores cuando sali\u00e9ramos de la UE, pero no ha hecho nada. Si esto contin\u00faa, el terreno simplemente se vender\u00e1 para viviendas y eso ser\u00e1 todo\u201d.<br><br>Seguridad alimentaria en riesgo<br>Steve Bell, de 39 a\u00f1os, que tiene una granja org\u00e1nica en Hellingly, East Sussex, con 50 cabezas de ganado vacuno, s\u00f3lo quiere que el p\u00fablico aprecie lo que hacen y compran los agricultores brit\u00e1nicos.<\/p>\n\n\n\n<p>&#8220;Somos org\u00e1nicos, somos una granja regenerativa e intentamos vender nuestra carne localmente&#8221;, dice. \u201cTenemos los medios para producir buenos alimentos aqu\u00ed, pero las importaciones nos est\u00e1n socavando porque es m\u00e1s caro producir alimentos de buena calidad seg\u00fan los est\u00e1ndares que se esperan de nosotros. S\u00f3lo quiero que la gente entienda eso y lo mantenga brit\u00e1nico\u201d.<\/p>\n\n\n\n<p>Save British Farming y Fairness for Farmers of Kent, que organizaron la protesta, dicen que las importaciones de alimentos baratos y las pol\u00edticas poco solidarias ponen en riesgo la seguridad alimentaria del Reino Unido.<br>Los agricultores permanecieron en la capital hasta bien entrada la noche.<\/p>\n\n\n\n<p>Aparte de Francia, ha habido protestas similares en Grecia, Alemania, Portugal y Polonia contra las regulaciones de la Uni\u00f3n Europea y las importaciones baratas.<\/p>\n\n\n\n<p>En la conferencia NFU del mes pasado, el Primer Ministro Rishi Sunak dijo a los agricultores: \u201cYo los respaldar\u00e9\u201d, mientras describ\u00eda los planes del Gobierno para impulsar la seguridad alimentaria del Reino Unido.<\/p>\n\n\n\n<p>Pero la fundadora del grupo de campa\u00f1a Save British Farming, Liz Webster, dijo: \u201cLas encuestas muestran que el p\u00fablico respalda la agricultura y los alimentos brit\u00e1nicos y quiere mantener nuestros altos est\u00e1ndares alimentarios y apoyar a los productores locales.<\/p>\n\n\n\n<p>&#8220;Necesitamos un cambio radical de pol\u00edtica y una salida urgente de estos terribles acuerdos comerciales que diezmar\u00e1n los alimentos brit\u00e1nicos&#8221;.<\/p>\n\n\n\n<p><small>Copyright \u00a9 2024 ElCanillita.info \/ BlogDiario.info \/ SalaStampa.eu, servicio mundial de prensa<\/small><\/p>\n","protected":false},"excerpt":{"rendered":"<p>M\u00e1s de 150 veh\u00edculos agr\u00edcolas, con luces cegadoras y bocinas ensordecedoras, protagonizaron una de las protestas m\u00e1s ruidosas que ha presenciado Westminster.<\/p>\n","protected":false},"author":1,"featured_media":1305,"comment_status":"closed","ping_status":"closed","sticky":false,"template":"","format":"standard","meta":{"footnotes":"","_links_to":"","_links_to_target":""},"categories":[97,109,62,139,138],"tags":[117],"class_list":["post-1304","post","type-post","status-publish","format-standard","has-post-thumbnail","hentry","category-elcanillita","category-dc24","category-actualidad","category-agricultura","category-reino-unido","tag-reino-unido","entry","rows"],"yoast_head":"<!-- This site is optimized with the Yoast SEO plugin v27.4 - https:\/\/yoast.com\/product\/yoast-seo-wordpress\/ -->\n<title>La protesta de los agricultores llega a Westminster - BlogDiario Magazine<\/title>\n<meta name=\"robots\" content=\"index, follow, max-snippet:-1, max-image-preview:large, max-video-preview:-1\" \/>\n<link rel=\"canonical\" href=\"https:\/\/blogdiario.info\/magazine\/2024\/03\/26\/la-protesta-de-los-agricultores-llega-a-westminster\/\" \/>\n<meta property=\"og:locale\" content=\"es_ES\" \/>\n<meta property=\"og:type\" content=\"article\" \/>\n<meta property=\"og:title\" content=\"La protesta de los agricultores llega a Westminster - BlogDiario Magazine\" \/>\n<meta property=\"og:description\" content=\"M\u00e1s de 150 veh\u00edculos agr\u00edcolas, con luces cegadoras y bocinas ensordecedoras, protagonizaron una de las protestas m\u00e1s ruidosas que ha presenciado Westminster.\" \/>\n<meta property=\"og:url\" content=\"https:\/\/blogdiario.info\/magazine\/2024\/03\/26\/la-protesta-de-los-agricultores-llega-a-westminster\/\" \/>\n<meta property=\"og:site_name\" content=\"BlogDiario Magazine\" \/>\n<meta property=\"article:published_time\" content=\"2024-03-26T12:11:17+00:00\" \/>\n<meta property=\"article:modified_time\" content=\"2024-03-26T12:11:55+00:00\" \/>\n<meta property=\"og:image\" content=\"https:\/\/blogdiario.info\/magazine\/images\/2024\/03\/track_20240326_5-1.jpg\" \/>\n\t<meta property=\"og:image:width\" content=\"600\" \/>\n\t<meta property=\"og:image:height\" content=\"376\" \/>\n\t<meta property=\"og:image:type\" content=\"image\/jpeg\" \/>\n<meta name=\"author\" content=\"World Press Service | Servicio de Prensa Mundial\" \/>\n<meta name=\"twitter:card\" content=\"summary_large_image\" \/>\n<meta name=\"twitter:label1\" content=\"Escrito por\" \/>\n\t<meta name=\"twitter:data1\" content=\"World Press Service | Servicio de Prensa Mundial\" \/>\n\t<meta name=\"twitter:label2\" content=\"Tiempo de lectura\" \/>\n\t<meta name=\"twitter:data2\" content=\"5 minutos\" \/>\n<script type=\"application\/ld+json\" class=\"yoast-schema-graph\">{\"@context\":\"https:\\\/\\\/schema.org\",\"@graph\":[{\"@type\":\"Article\",\"@id\":\"https:\\\/\\\/blogdiario.info\\\/magazine\\\/2024\\\/03\\\/26\\\/la-protesta-de-los-agricultores-llega-a-westminster\\\/#article\",\"isPartOf\":{\"@id\":\"https:\\\/\\\/blogdiario.info\\\/magazine\\\/2024\\\/03\\\/26\\\/la-protesta-de-los-agricultores-llega-a-westminster\\\/\"},\"author\":{\"name\":\"World Press Service | Servicio de Prensa Mundial\",\"@id\":\"https:\\\/\\\/blogdiario.info\\\/magazine\\\/#\\\/schema\\\/person\\\/b2422fe85574d945bad55513bb0c7354\"},\"headline\":\"La protesta de los agricultores llega a Westminster\",\"datePublished\":\"2024-03-26T12:11:17+00:00\",\"dateModified\":\"2024-03-26T12:11:55+00:00\",\"mainEntityOfPage\":{\"@id\":\"https:\\\/\\\/blogdiario.info\\\/magazine\\\/2024\\\/03\\\/26\\\/la-protesta-de-los-agricultores-llega-a-westminster\\\/\"},\"wordCount\":915,\"publisher\":{\"@id\":\"https:\\\/\\\/blogdiario.info\\\/magazine\\\/#organization\"},\"image\":{\"@id\":\"https:\\\/\\\/blogdiario.info\\\/magazine\\\/2024\\\/03\\\/26\\\/la-protesta-de-los-agricultores-llega-a-westminster\\\/#primaryimage\"},\"thumbnailUrl\":\"https:\\\/\\\/blogdiario.info\\\/magazine\\\/images\\\/2024\\\/03\\\/track_20240326_5-1.jpg\",\"keywords\":[\"Reino Unido\"],\"articleSection\":[\".\",\".\",\"Actualidad\",\"Agricultura\",\"Reino Unido\"],\"inLanguage\":\"es-AR\"},{\"@type\":\"WebPage\",\"@id\":\"https:\\\/\\\/blogdiario.info\\\/magazine\\\/2024\\\/03\\\/26\\\/la-protesta-de-los-agricultores-llega-a-westminster\\\/\",\"url\":\"https:\\\/\\\/blogdiario.info\\\/magazine\\\/2024\\\/03\\\/26\\\/la-protesta-de-los-agricultores-llega-a-westminster\\\/\",\"name\":\"La protesta de los agricultores llega a Westminster - BlogDiario Magazine\",\"isPartOf\":{\"@id\":\"https:\\\/\\\/blogdiario.info\\\/magazine\\\/#website\"},\"primaryImageOfPage\":{\"@id\":\"https:\\\/\\\/blogdiario.info\\\/magazine\\\/2024\\\/03\\\/26\\\/la-protesta-de-los-agricultores-llega-a-westminster\\\/#primaryimage\"},\"image\":{\"@id\":\"https:\\\/\\\/blogdiario.info\\\/magazine\\\/2024\\\/03\\\/26\\\/la-protesta-de-los-agricultores-llega-a-westminster\\\/#primaryimage\"},\"thumbnailUrl\":\"https:\\\/\\\/blogdiario.info\\\/magazine\\\/images\\\/2024\\\/03\\\/track_20240326_5-1.jpg\",\"datePublished\":\"2024-03-26T12:11:17+00:00\",\"dateModified\":\"2024-03-26T12:11:55+00:00\",\"breadcrumb\":{\"@id\":\"https:\\\/\\\/blogdiario.info\\\/magazine\\\/2024\\\/03\\\/26\\\/la-protesta-de-los-agricultores-llega-a-westminster\\\/#breadcrumb\"},\"inLanguage\":\"es-AR\",\"potentialAction\":[{\"@type\":\"ReadAction\",\"target\":[\"https:\\\/\\\/blogdiario.info\\\/magazine\\\/2024\\\/03\\\/26\\\/la-protesta-de-los-agricultores-llega-a-westminster\\\/\"]}]},{\"@type\":\"ImageObject\",\"inLanguage\":\"es-AR\",\"@id\":\"https:\\\/\\\/blogdiario.info\\\/magazine\\\/2024\\\/03\\\/26\\\/la-protesta-de-los-agricultores-llega-a-westminster\\\/#primaryimage\",\"url\":\"https:\\\/\\\/blogdiario.info\\\/magazine\\\/images\\\/2024\\\/03\\\/track_20240326_5-1.jpg\",\"contentUrl\":\"https:\\\/\\\/blogdiario.info\\\/magazine\\\/images\\\/2024\\\/03\\\/track_20240326_5-1.jpg\",\"width\":600,\"height\":376},{\"@type\":\"BreadcrumbList\",\"@id\":\"https:\\\/\\\/blogdiario.info\\\/magazine\\\/2024\\\/03\\\/26\\\/la-protesta-de-los-agricultores-llega-a-westminster\\\/#breadcrumb\",\"itemListElement\":[{\"@type\":\"ListItem\",\"position\":1,\"name\":\"Home\",\"item\":\"https:\\\/\\\/blogdiario.info\\\/magazine\\\/\"},{\"@type\":\"ListItem\",\"position\":2,\"name\":\"La protesta de los agricultores llega a Westminster\"}]},{\"@type\":\"WebSite\",\"@id\":\"https:\\\/\\\/blogdiario.info\\\/magazine\\\/#website\",\"url\":\"https:\\\/\\\/blogdiario.info\\\/magazine\\\/\",\"name\":\"BlogDiario Magazine\",\"description\":\"Suplemento multiling\u00fce de ElCanillita.Info\",\"publisher\":{\"@id\":\"https:\\\/\\\/blogdiario.info\\\/magazine\\\/#organization\"},\"potentialAction\":[{\"@type\":\"SearchAction\",\"target\":{\"@type\":\"EntryPoint\",\"urlTemplate\":\"https:\\\/\\\/blogdiario.info\\\/magazine\\\/?s={search_term_string}\"},\"query-input\":{\"@type\":\"PropertyValueSpecification\",\"valueRequired\":true,\"valueName\":\"search_term_string\"}}],\"inLanguage\":\"es-AR\"},{\"@type\":\"Organization\",\"@id\":\"https:\\\/\\\/blogdiario.info\\\/magazine\\\/#organization\",\"name\":\"Guzzo Photos & Graphic Publications\",\"url\":\"https:\\\/\\\/blogdiario.info\\\/magazine\\\/\",\"logo\":{\"@type\":\"ImageObject\",\"inLanguage\":\"es-AR\",\"@id\":\"https:\\\/\\\/blogdiario.info\\\/magazine\\\/#\\\/schema\\\/logo\\\/image\\\/\",\"url\":\"https:\\\/\\\/blogdiario.info\\\/magazine\\\/images\\\/2020\\\/01\\\/cropped-blogdia_magazine.jpg\",\"contentUrl\":\"https:\\\/\\\/blogdiario.info\\\/magazine\\\/images\\\/2020\\\/01\\\/cropped-blogdia_magazine.jpg\",\"width\":589,\"height\":55,\"caption\":\"Guzzo Photos & Graphic Publications\"},\"image\":{\"@id\":\"https:\\\/\\\/blogdiario.info\\\/magazine\\\/#\\\/schema\\\/logo\\\/image\\\/\"}},{\"@type\":\"Person\",\"@id\":\"https:\\\/\\\/blogdiario.info\\\/magazine\\\/#\\\/schema\\\/person\\\/b2422fe85574d945bad55513bb0c7354\",\"name\":\"World Press Service | Servicio de Prensa Mundial\"}]}<\/script>\n<!-- \/ Yoast SEO plugin. -->","yoast_head_json":{"title":"La protesta de los agricultores llega a Westminster - BlogDiario Magazine","robots":{"index":"index","follow":"follow","max-snippet":"max-snippet:-1","max-image-preview":"max-image-preview:large","max-video-preview":"max-video-preview:-1"},"canonical":"https:\/\/blogdiario.info\/magazine\/2024\/03\/26\/la-protesta-de-los-agricultores-llega-a-westminster\/","og_locale":"es_ES","og_type":"article","og_title":"La protesta de los agricultores llega a Westminster - BlogDiario Magazine","og_description":"M\u00e1s de 150 veh\u00edculos agr\u00edcolas, con luces cegadoras y bocinas ensordecedoras, protagonizaron una de las protestas m\u00e1s ruidosas que ha presenciado Westminster.","og_url":"https:\/\/blogdiario.info\/magazine\/2024\/03\/26\/la-protesta-de-los-agricultores-llega-a-westminster\/","og_site_name":"BlogDiario Magazine","article_published_time":"2024-03-26T12:11:17+00:00","article_modified_time":"2024-03-26T12:11:55+00:00","og_image":[{"width":600,"height":376,"url":"https:\/\/blogdiario.info\/magazine\/images\/2024\/03\/track_20240326_5-1.jpg","type":"image\/jpeg"}],"author":"World Press Service | Servicio de Prensa Mundial","twitter_card":"summary_large_image","twitter_misc":{"Escrito por":"World Press Service | Servicio de Prensa Mundial","Tiempo de lectura":"5 minutos"},"schema":{"@context":"https:\/\/schema.org","@graph":[{"@type":"Article","@id":"https:\/\/blogdiario.info\/magazine\/2024\/03\/26\/la-protesta-de-los-agricultores-llega-a-westminster\/#article","isPartOf":{"@id":"https:\/\/blogdiario.info\/magazine\/2024\/03\/26\/la-protesta-de-los-agricultores-llega-a-westminster\/"},"author":{"name":"World Press Service | Servicio de Prensa Mundial","@id":"https:\/\/blogdiario.info\/magazine\/#\/schema\/person\/b2422fe85574d945bad55513bb0c7354"},"headline":"La protesta de los agricultores llega a Westminster","datePublished":"2024-03-26T12:11:17+00:00","dateModified":"2024-03-26T12:11:55+00:00","mainEntityOfPage":{"@id":"https:\/\/blogdiario.info\/magazine\/2024\/03\/26\/la-protesta-de-los-agricultores-llega-a-westminster\/"},"wordCount":915,"publisher":{"@id":"https:\/\/blogdiario.info\/magazine\/#organization"},"image":{"@id":"https:\/\/blogdiario.info\/magazine\/2024\/03\/26\/la-protesta-de-los-agricultores-llega-a-westminster\/#primaryimage"},"thumbnailUrl":"https:\/\/blogdiario.info\/magazine\/images\/2024\/03\/track_20240326_5-1.jpg","keywords":["Reino Unido"],"articleSection":[".",".","Actualidad","Agricultura","Reino Unido"],"inLanguage":"es-AR"},{"@type":"WebPage","@id":"https:\/\/blogdiario.info\/magazine\/2024\/03\/26\/la-protesta-de-los-agricultores-llega-a-westminster\/","url":"https:\/\/blogdiario.info\/magazine\/2024\/03\/26\/la-protesta-de-los-agricultores-llega-a-westminster\/","name":"La protesta de los agricultores llega a Westminster - BlogDiario Magazine","isPartOf":{"@id":"https:\/\/blogdiario.info\/magazine\/#website"},"primaryImageOfPage":{"@id":"https:\/\/blogdiario.info\/magazine\/2024\/03\/26\/la-protesta-de-los-agricultores-llega-a-westminster\/#primaryimage"},"image":{"@id":"https:\/\/blogdiario.info\/magazine\/2024\/03\/26\/la-protesta-de-los-agricultores-llega-a-westminster\/#primaryimage"},"thumbnailUrl":"https:\/\/blogdiario.info\/magazine\/images\/2024\/03\/track_20240326_5-1.jpg","datePublished":"2024-03-26T12:11:17+00:00","dateModified":"2024-03-26T12:11:55+00:00","breadcrumb":{"@id":"https:\/\/blogdiario.info\/magazine\/2024\/03\/26\/la-protesta-de-los-agricultores-llega-a-westminster\/#breadcrumb"},"inLanguage":"es-AR","potentialAction":[{"@type":"ReadAction","target":["https:\/\/blogdiario.info\/magazine\/2024\/03\/26\/la-protesta-de-los-agricultores-llega-a-westminster\/"]}]},{"@type":"ImageObject","inLanguage":"es-AR","@id":"https:\/\/blogdiario.info\/magazine\/2024\/03\/26\/la-protesta-de-los-agricultores-llega-a-westminster\/#primaryimage","url":"https:\/\/blogdiario.info\/magazine\/images\/2024\/03\/track_20240326_5-1.jpg","contentUrl":"https:\/\/blogdiario.info\/magazine\/images\/2024\/03\/track_20240326_5-1.jpg","width":600,"height":376},{"@type":"BreadcrumbList","@id":"https:\/\/blogdiario.info\/magazine\/2024\/03\/26\/la-protesta-de-los-agricultores-llega-a-westminster\/#breadcrumb","itemListElement":[{"@type":"ListItem","position":1,"name":"Home","item":"https:\/\/blogdiario.info\/magazine\/"},{"@type":"ListItem","position":2,"name":"La protesta de los agricultores llega a Westminster"}]},{"@type":"WebSite","@id":"https:\/\/blogdiario.info\/magazine\/#website","url":"https:\/\/blogdiario.info\/magazine\/","name":"BlogDiario Magazine","description":"Suplemento multiling\u00fce de ElCanillita.Info","publisher":{"@id":"https:\/\/blogdiario.info\/magazine\/#organization"},"potentialAction":[{"@type":"SearchAction","target":{"@type":"EntryPoint","urlTemplate":"https:\/\/blogdiario.info\/magazine\/?s={search_term_string}"},"query-input":{"@type":"PropertyValueSpecification","valueRequired":true,"valueName":"search_term_string"}}],"inLanguage":"es-AR"},{"@type":"Organization","@id":"https:\/\/blogdiario.info\/magazine\/#organization","name":"Guzzo Photos & Graphic Publications","url":"https:\/\/blogdiario.info\/magazine\/","logo":{"@type":"ImageObject","inLanguage":"es-AR","@id":"https:\/\/blogdiario.info\/magazine\/#\/schema\/logo\/image\/","url":"https:\/\/blogdiario.info\/magazine\/images\/2020\/01\/cropped-blogdia_magazine.jpg","contentUrl":"https:\/\/blogdiario.info\/magazine\/images\/2020\/01\/cropped-blogdia_magazine.jpg","width":589,"height":55,"caption":"Guzzo Photos & Graphic Publications"},"image":{"@id":"https:\/\/blogdiario.info\/magazine\/#\/schema\/logo\/image\/"}},{"@type":"Person","@id":"https:\/\/blogdiario.info\/magazine\/#\/schema\/person\/b2422fe85574d945bad55513bb0c7354","name":"World Press Service | Servicio de Prensa Mundial"}]}},"views":570,"_links":{"self":[{"href":"https:\/\/blogdiario.info\/magazine\/wp-json\/wp\/v2\/posts\/1304","targetHints":{"allow":["GET"]}}],"collection":[{"href":"https:\/\/blogdiario.info\/magazine\/wp-json\/wp\/v2\/posts"}],"about":[{"href":"https:\/\/blogdiario.info\/magazine\/wp-json\/wp\/v2\/types\/post"}],"author":[{"embeddable":true,"href":"https:\/\/blogdiario.info\/magazine\/wp-json\/wp\/v2\/users\/1"}],"replies":[{"embeddable":true,"href":"https:\/\/blogdiario.info\/magazine\/wp-json\/wp\/v2\/comments?post=1304"}],"version-history":[{"count":0,"href":"https:\/\/blogdiario.info\/magazine\/wp-json\/wp\/v2\/posts\/1304\/revisions"}],"wp:featuredmedia":[{"embeddable":true,"href":"https:\/\/blogdiario.info\/magazine\/wp-json\/wp\/v2\/media\/1305"}],"wp:attachment":[{"href":"https:\/\/blogdiario.info\/magazine\/wp-json\/wp\/v2\/media?parent=1304"}],"wp:term":[{"taxonomy":"category","embeddable":true,"href":"https:\/\/blogdiario.info\/magazine\/wp-json\/wp\/v2\/categories?post=1304"},{"taxonomy":"post_tag","embeddable":true,"href":"https:\/\/blogdiario.info\/magazine\/wp-json\/wp\/v2\/tags?post=1304"}],"curies":[{"name":"wp","href":"https:\/\/api.w.org\/{rel}","templated":true}]}}