{"id":1268,"date":"2024-02-24T03:56:42","date_gmt":"2024-02-24T02:56:42","guid":{"rendered":"https:\/\/blogdiario.info\/magazine\/?p=1268"},"modified":"2024-02-24T03:58:42","modified_gmt":"2024-02-24T02:58:42","slug":"lord-cameron-recorrio-las-islas-malvinas-despues-de-que-el-lider-argentino-pidiera-la-entrega-del-poder","status":"publish","type":"post","link":"https:\/\/blogdiario.info\/magazine\/2024\/02\/24\/lord-cameron-recorrio-las-islas-malvinas-despues-de-que-el-lider-argentino-pidiera-la-entrega-del-poder\/","title":{"rendered":"Lord Cameron recorri\u00f3 las Islas Malvinas despu\u00e9s de que el l\u00edder argentino pidiera la entrega del poder"},"content":{"rendered":"\n<figure class=\"wp-block-image size-full\"><img loading=\"lazy\" decoding=\"async\" width=\"600\" height=\"374\" src=\"https:\/\/blogdiario.info\/magazine\/images\/2024\/02\/cam_2_20240220.jpg\" alt=\"\" class=\"wp-image-1269\" srcset=\"https:\/\/blogdiario.info\/magazine\/images\/2024\/02\/cam_2_20240220.jpg 600w, https:\/\/blogdiario.info\/magazine\/images\/2024\/02\/cam_2_20240220-300x187.jpg 300w\" sizes=\"auto, (max-width: 600px) 100vw, 600px\" \/><figcaption class=\"wp-element-caption\"><strong>Lord Cameron visit\u00f3 el cementerio de San Carlos en las Islas Malvinas <\/strong><\/figcaption><\/figure>\n\n\n\n<p>Islas Falkland &#8211; Malvinas, 20 de Febrero de 2024<br>Lord Cameron ha dicho que espera que el pueblo de las Islas Malvinas quiera seguir siendo brit\u00e1nico \u201cpara siempre\u201d, e insisti\u00f3 en que un impulso para mejorar las relaciones con Argentina no se producir\u00e1 a sus expensas.<\/p>\n\n\n\n<p>En la primera visita a las islas de un Ministro de Asuntos Exteriores en 30 a\u00f1os, rest\u00f3 importancia a las sugerencias del presidente argentino Javier Milei de que podr\u00eda haber una negociaci\u00f3n sobre el futuro del territorio de ultramar del Reino Unido.<\/p>\n\n\n\n<p>El ex primer ministro realiz\u00f3 un recorrido en helic\u00f3ptero por las islas, deteni\u00e9ndose en San Carlos y Goose Green, dos de los lugares m\u00e1s importantes de la guerra de 1982.<\/p>\n\n\n\n<p>Hablando en la capital, Stanley, dijo: &#8220;Perm\u00edtanme ser absolutamente claro: en lo que a nosotros respecta, mientras las Islas Malvinas quieran ser parte de la familia del Reino Unido, son absolutamente bienvenidas a ser parte de esa familia y lo haremos&#8221;. En lo que a m\u00ed respecta, nuestro deber es apoyarlos, respaldarlos y ayudar a protegerlos y defenderlos absolutamente, durante el tiempo que quieran. &#8220;Y espero que eso sea por mucho, mucho tiempo, posiblemente para siempre&#8221;.<\/p>\n\n\n\n<p>San Carlos Water recibi\u00f3 el sobrenombre de \u201ccallej\u00f3n de las bombas\u201d debido a los sostenidos ataques a\u00e9reos que enfrentaron los buques de guerra brit\u00e1nicos durante la operaci\u00f3n para desembarcar tropas en las islas.<\/p>\n\n\n\n<p>Tres barcos de la Royal Navy se perdieron durante la Batalla de San Carlos en Mayo de 1982.<\/p>\n\n\n\n<figure class=\"wp-block-image size-full is-resized\"><img loading=\"lazy\" decoding=\"async\" width=\"600\" height=\"375\" src=\"https:\/\/blogdiario.info\/magazine\/images\/2024\/02\/cam_1_20240220.jpg\" alt=\"\" class=\"wp-image-1270\" style=\"aspect-ratio:1.6;width:733px;height:auto\" srcset=\"https:\/\/blogdiario.info\/magazine\/images\/2024\/02\/cam_1_20240220.jpg 600w, https:\/\/blogdiario.info\/magazine\/images\/2024\/02\/cam_1_20240220-300x188.jpg 300w\" sizes=\"auto, (max-width: 600px) 100vw, 600px\" \/><\/figure>\n\n\n\n<p>Lord Cameron inspeccion\u00f3 las tumbas en el cementerio, incluida la del Teniente Coronel H Jones, comandante del 2\u00b0 Batall\u00f3n Para que gan\u00f3 una Cruz Victoria p\u00f3stuma durante la guerra, antes de depositar una corona de flores en el monumento a los que murieron.<\/p>\n\n\n\n<p> El teniente coronel Jones muri\u00f3 en la batalla de Goose Green y Lord Cameron tambi\u00e9n visit\u00f3 el asentamiento all\u00ed como parte de su gira.<br><br>La visita de Lord Cameron fue la primera de un secretario de Asuntos Exteriores brit\u00e1nico en 30 a\u00f1os.  Visit\u00f3 el museo y habl\u00f3 con los residentes locales en el sal\u00f3n comunitario.<\/p>\n\n\n\n<p>Durante la guerra, los isle\u00f1os fueron retenidos en el edificio hasta que las fuerzas argentinas se rindieron.  La batalla tuvo un alto coste: 18 soldados brit\u00e1nicos murieron, incluido el teniente coronel H Jones.<\/p>\n\n\n\n<p>Lord Cameron escribi\u00f3 en el libro de visitas del sal\u00f3n comunitario: \u201cGracias por mantener viva su memoria\u201d. Tambi\u00e9n rindi\u00f3 homenaje a los muertos del otro lado del conflicto con una discreta visita al cementerio militar argentino.<\/p>\n\n\n\n<p>Javier Milei, el presidente de Argentina, que se reuni\u00f3 con Lord Cameron en Enero, ha pedido que las islas del Atl\u00e1ntico Sur sean entregadas a Buenos Aires.<\/p>\n\n\n\n<p>El Secretario de Relaciones Exteriores se reuni\u00f3 con los lugare\u00f1os, incluidos algunos ni\u00f1os, mientras recorr\u00eda un museo y un centro comunitario.  <\/p>\n\n\n\n<p>Pero antes de su llegada al territorio de ultramar del Reino Unido, Lord Cameron dijo: \u201cLas Islas Malvinas son una parte valiosa de la familia brit\u00e1nica, y tenemos claro que mientras quieran seguir siendo parte de la familia, la cuesti\u00f3n de la soberan\u00eda no ser\u00e1 discutida para discusi\u00f3n\u201d.<\/p>\n\n\n\n<p>La sombra de la Guerra de las Malvinas de 1982 se cierne sobre las relaciones entre el Reino Unido y Argentina, pero Lord Cameron y Milei tuvieron una reuni\u00f3n \u201cc\u00e1lida y cordial\u201d en el Foro Econ\u00f3mico Mundial en Davos.<\/p>\n\n\n\n<p>Sobre la cuesti\u00f3n de las Malvinas, el Ministerio de Asuntos Exteriores dijo que &#8220;estar\u00edan de acuerdo en no estar de acuerdo y lo har\u00edan cort\u00e9smente&#8221;.<\/p>\n\n\n\n<p>La visita de Lord Cameron es la primera de un miembro del Gabinete desde el viaje de Sir Michael Fallon en 2016, cuando era secretario de Defensa. La \u00faltima visita de un ministro de Asuntos Exteriores fue la de Lord Hurd en 1994.<\/p>\n\n\n\n<p>Las Malvinas, conocidas como Islas Malvinas en Argentina, est\u00e1n a unas<strong> <\/strong>12874.75<strong> <\/strong>kms de Gran Breta\u00f1a y a 482.8 kilometros  de Argentina continental.  El conflicto de 1982 se cobr\u00f3 la vida de 255 militares brit\u00e1nicos, tres isle\u00f1os y 649 militares argentinos.<\/p>\n\n\n\n<p>En un refer\u00e9ndum de 2013, los isle\u00f1os votaron abrumadoramente a favor de conservar su estatus como territorio de ultramar del Reino Unido.<\/p>\n\n\n\n<p>Sin embargo, Milei ha sugerido que el Reino Unido deber\u00eda abordar la cuesti\u00f3n de forma similar a la entrega de Hong Kong a China en 1997.<br><br><small>Copyright \u00a9 2024 BlogDiario.info \/ SalaStampa.Eu, servicio mundial de prensa<\/small><\/p>\n\n\n\n<p><br><br><\/p>\n","protected":false},"excerpt":{"rendered":"<p>El viaje del Secretario de Asuntos Exteriores es una demostraci\u00f3n de alto perfil de que las islas son &#8220;parte de la familia brit\u00e1nica&#8221; en medio de llamados a conversaciones.<\/p>\n","protected":false},"author":1,"featured_media":1270,"comment_status":"closed","ping_status":"closed","sticky":false,"template":"","format":"standard","meta":{"footnotes":"","_links_to":"","_links_to_target":""},"categories":[97,109,62,41,112],"tags":[],"class_list":["post-1268","post","type-post","status-publish","format-standard","has-post-thumbnail","hentry","category-elcanillita","category-dc24","category-actualidad","category-politica-esp","category-united-kingdom","entry","rows"],"yoast_head":"<!-- This site is optimized with the Yoast SEO plugin v27.4 - https:\/\/yoast.com\/product\/yoast-seo-wordpress\/ -->\n<title>Lord Cameron recorri\u00f3 las Islas Malvinas despu\u00e9s de que el l\u00edder argentino pidiera la entrega del poder - BlogDiario Magazine<\/title>\n<meta name=\"robots\" content=\"index, follow, max-snippet:-1, max-image-preview:large, max-video-preview:-1\" \/>\n<link rel=\"canonical\" href=\"https:\/\/blogdiario.info\/magazine\/2024\/02\/24\/lord-cameron-recorrio-las-islas-malvinas-despues-de-que-el-lider-argentino-pidiera-la-entrega-del-poder\/\" \/>\n<meta property=\"og:locale\" content=\"es_ES\" \/>\n<meta property=\"og:type\" content=\"article\" \/>\n<meta property=\"og:title\" content=\"Lord Cameron recorri\u00f3 las Islas Malvinas despu\u00e9s de que el l\u00edder argentino pidiera la entrega del poder - BlogDiario Magazine\" \/>\n<meta property=\"og:description\" content=\"El viaje del Secretario de Asuntos Exteriores es una demostraci\u00f3n de alto perfil de que las islas son &quot;parte de la familia brit\u00e1nica&quot; en medio de llamados a conversaciones.\" \/>\n<meta property=\"og:url\" content=\"https:\/\/blogdiario.info\/magazine\/2024\/02\/24\/lord-cameron-recorrio-las-islas-malvinas-despues-de-que-el-lider-argentino-pidiera-la-entrega-del-poder\/\" \/>\n<meta property=\"og:site_name\" content=\"BlogDiario Magazine\" \/>\n<meta property=\"article:published_time\" content=\"2024-02-24T02:56:42+00:00\" \/>\n<meta property=\"article:modified_time\" content=\"2024-02-24T02:58:42+00:00\" \/>\n<meta property=\"og:image\" content=\"https:\/\/blogdiario.info\/magazine\/images\/2024\/02\/cam_1_20240220.jpg\" \/>\n\t<meta property=\"og:image:width\" content=\"600\" \/>\n\t<meta property=\"og:image:height\" content=\"375\" \/>\n\t<meta property=\"og:image:type\" content=\"image\/jpeg\" \/>\n<meta name=\"author\" content=\"World Press Service | Servicio de Prensa Mundial\" \/>\n<meta name=\"twitter:card\" content=\"summary_large_image\" \/>\n<meta name=\"twitter:label1\" content=\"Escrito por\" \/>\n\t<meta name=\"twitter:data1\" content=\"World Press Service | Servicio de Prensa Mundial\" \/>\n\t<meta name=\"twitter:label2\" content=\"Tiempo de lectura\" \/>\n\t<meta name=\"twitter:data2\" content=\"4 minutos\" \/>\n<script type=\"application\/ld+json\" class=\"yoast-schema-graph\">{\"@context\":\"https:\\\/\\\/schema.org\",\"@graph\":[{\"@type\":\"Article\",\"@id\":\"https:\\\/\\\/blogdiario.info\\\/magazine\\\/2024\\\/02\\\/24\\\/lord-cameron-recorrio-las-islas-malvinas-despues-de-que-el-lider-argentino-pidiera-la-entrega-del-poder\\\/#article\",\"isPartOf\":{\"@id\":\"https:\\\/\\\/blogdiario.info\\\/magazine\\\/2024\\\/02\\\/24\\\/lord-cameron-recorrio-las-islas-malvinas-despues-de-que-el-lider-argentino-pidiera-la-entrega-del-poder\\\/\"},\"author\":{\"name\":\"World Press Service | Servicio de Prensa Mundial\",\"@id\":\"https:\\\/\\\/blogdiario.info\\\/magazine\\\/#\\\/schema\\\/person\\\/b2422fe85574d945bad55513bb0c7354\"},\"headline\":\"Lord Cameron recorri\u00f3 las Islas Malvinas despu\u00e9s de que el l\u00edder argentino pidiera la entrega del poder\",\"datePublished\":\"2024-02-24T02:56:42+00:00\",\"dateModified\":\"2024-02-24T02:58:42+00:00\",\"mainEntityOfPage\":{\"@id\":\"https:\\\/\\\/blogdiario.info\\\/magazine\\\/2024\\\/02\\\/24\\\/lord-cameron-recorrio-las-islas-malvinas-despues-de-que-el-lider-argentino-pidiera-la-entrega-del-poder\\\/\"},\"wordCount\":771,\"publisher\":{\"@id\":\"https:\\\/\\\/blogdiario.info\\\/magazine\\\/#organization\"},\"image\":{\"@id\":\"https:\\\/\\\/blogdiario.info\\\/magazine\\\/2024\\\/02\\\/24\\\/lord-cameron-recorrio-las-islas-malvinas-despues-de-que-el-lider-argentino-pidiera-la-entrega-del-poder\\\/#primaryimage\"},\"thumbnailUrl\":\"https:\\\/\\\/blogdiario.info\\\/magazine\\\/images\\\/2024\\\/02\\\/cam_1_20240220.jpg\",\"articleSection\":[\".\",\".\",\"Actualidad\",\"Politica\",\"United Kingdom\"],\"inLanguage\":\"es-AR\"},{\"@type\":\"WebPage\",\"@id\":\"https:\\\/\\\/blogdiario.info\\\/magazine\\\/2024\\\/02\\\/24\\\/lord-cameron-recorrio-las-islas-malvinas-despues-de-que-el-lider-argentino-pidiera-la-entrega-del-poder\\\/\",\"url\":\"https:\\\/\\\/blogdiario.info\\\/magazine\\\/2024\\\/02\\\/24\\\/lord-cameron-recorrio-las-islas-malvinas-despues-de-que-el-lider-argentino-pidiera-la-entrega-del-poder\\\/\",\"name\":\"Lord Cameron recorri\u00f3 las Islas Malvinas despu\u00e9s de que el l\u00edder argentino pidiera la entrega del poder - BlogDiario Magazine\",\"isPartOf\":{\"@id\":\"https:\\\/\\\/blogdiario.info\\\/magazine\\\/#website\"},\"primaryImageOfPage\":{\"@id\":\"https:\\\/\\\/blogdiario.info\\\/magazine\\\/2024\\\/02\\\/24\\\/lord-cameron-recorrio-las-islas-malvinas-despues-de-que-el-lider-argentino-pidiera-la-entrega-del-poder\\\/#primaryimage\"},\"image\":{\"@id\":\"https:\\\/\\\/blogdiario.info\\\/magazine\\\/2024\\\/02\\\/24\\\/lord-cameron-recorrio-las-islas-malvinas-despues-de-que-el-lider-argentino-pidiera-la-entrega-del-poder\\\/#primaryimage\"},\"thumbnailUrl\":\"https:\\\/\\\/blogdiario.info\\\/magazine\\\/images\\\/2024\\\/02\\\/cam_1_20240220.jpg\",\"datePublished\":\"2024-02-24T02:56:42+00:00\",\"dateModified\":\"2024-02-24T02:58:42+00:00\",\"breadcrumb\":{\"@id\":\"https:\\\/\\\/blogdiario.info\\\/magazine\\\/2024\\\/02\\\/24\\\/lord-cameron-recorrio-las-islas-malvinas-despues-de-que-el-lider-argentino-pidiera-la-entrega-del-poder\\\/#breadcrumb\"},\"inLanguage\":\"es-AR\",\"potentialAction\":[{\"@type\":\"ReadAction\",\"target\":[\"https:\\\/\\\/blogdiario.info\\\/magazine\\\/2024\\\/02\\\/24\\\/lord-cameron-recorrio-las-islas-malvinas-despues-de-que-el-lider-argentino-pidiera-la-entrega-del-poder\\\/\"]}]},{\"@type\":\"ImageObject\",\"inLanguage\":\"es-AR\",\"@id\":\"https:\\\/\\\/blogdiario.info\\\/magazine\\\/2024\\\/02\\\/24\\\/lord-cameron-recorrio-las-islas-malvinas-despues-de-que-el-lider-argentino-pidiera-la-entrega-del-poder\\\/#primaryimage\",\"url\":\"https:\\\/\\\/blogdiario.info\\\/magazine\\\/images\\\/2024\\\/02\\\/cam_1_20240220.jpg\",\"contentUrl\":\"https:\\\/\\\/blogdiario.info\\\/magazine\\\/images\\\/2024\\\/02\\\/cam_1_20240220.jpg\",\"width\":600,\"height\":375},{\"@type\":\"BreadcrumbList\",\"@id\":\"https:\\\/\\\/blogdiario.info\\\/magazine\\\/2024\\\/02\\\/24\\\/lord-cameron-recorrio-las-islas-malvinas-despues-de-que-el-lider-argentino-pidiera-la-entrega-del-poder\\\/#breadcrumb\",\"itemListElement\":[{\"@type\":\"ListItem\",\"position\":1,\"name\":\"Home\",\"item\":\"https:\\\/\\\/blogdiario.info\\\/magazine\\\/\"},{\"@type\":\"ListItem\",\"position\":2,\"name\":\"Lord Cameron recorri\u00f3 las Islas Malvinas despu\u00e9s de que el l\u00edder argentino pidiera la entrega del poder\"}]},{\"@type\":\"WebSite\",\"@id\":\"https:\\\/\\\/blogdiario.info\\\/magazine\\\/#website\",\"url\":\"https:\\\/\\\/blogdiario.info\\\/magazine\\\/\",\"name\":\"BlogDiario Magazine\",\"description\":\"Suplemento multiling\u00fce de ElCanillita.Info\",\"publisher\":{\"@id\":\"https:\\\/\\\/blogdiario.info\\\/magazine\\\/#organization\"},\"potentialAction\":[{\"@type\":\"SearchAction\",\"target\":{\"@type\":\"EntryPoint\",\"urlTemplate\":\"https:\\\/\\\/blogdiario.info\\\/magazine\\\/?s={search_term_string}\"},\"query-input\":{\"@type\":\"PropertyValueSpecification\",\"valueRequired\":true,\"valueName\":\"search_term_string\"}}],\"inLanguage\":\"es-AR\"},{\"@type\":\"Organization\",\"@id\":\"https:\\\/\\\/blogdiario.info\\\/magazine\\\/#organization\",\"name\":\"Guzzo Photos & Graphic Publications\",\"url\":\"https:\\\/\\\/blogdiario.info\\\/magazine\\\/\",\"logo\":{\"@type\":\"ImageObject\",\"inLanguage\":\"es-AR\",\"@id\":\"https:\\\/\\\/blogdiario.info\\\/magazine\\\/#\\\/schema\\\/logo\\\/image\\\/\",\"url\":\"https:\\\/\\\/blogdiario.info\\\/magazine\\\/images\\\/2020\\\/01\\\/cropped-blogdia_magazine.jpg\",\"contentUrl\":\"https:\\\/\\\/blogdiario.info\\\/magazine\\\/images\\\/2020\\\/01\\\/cropped-blogdia_magazine.jpg\",\"width\":589,\"height\":55,\"caption\":\"Guzzo Photos & Graphic Publications\"},\"image\":{\"@id\":\"https:\\\/\\\/blogdiario.info\\\/magazine\\\/#\\\/schema\\\/logo\\\/image\\\/\"}},{\"@type\":\"Person\",\"@id\":\"https:\\\/\\\/blogdiario.info\\\/magazine\\\/#\\\/schema\\\/person\\\/b2422fe85574d945bad55513bb0c7354\",\"name\":\"World Press Service | Servicio de Prensa Mundial\"}]}<\/script>\n<!-- \/ Yoast SEO plugin. -->","yoast_head_json":{"title":"Lord Cameron recorri\u00f3 las Islas Malvinas despu\u00e9s de que el l\u00edder argentino pidiera la entrega del poder - BlogDiario Magazine","robots":{"index":"index","follow":"follow","max-snippet":"max-snippet:-1","max-image-preview":"max-image-preview:large","max-video-preview":"max-video-preview:-1"},"canonical":"https:\/\/blogdiario.info\/magazine\/2024\/02\/24\/lord-cameron-recorrio-las-islas-malvinas-despues-de-que-el-lider-argentino-pidiera-la-entrega-del-poder\/","og_locale":"es_ES","og_type":"article","og_title":"Lord Cameron recorri\u00f3 las Islas Malvinas despu\u00e9s de que el l\u00edder argentino pidiera la entrega del poder - BlogDiario Magazine","og_description":"El viaje del Secretario de Asuntos Exteriores es una demostraci\u00f3n de alto perfil de que las islas son \"parte de la familia brit\u00e1nica\" en medio de llamados a conversaciones.","og_url":"https:\/\/blogdiario.info\/magazine\/2024\/02\/24\/lord-cameron-recorrio-las-islas-malvinas-despues-de-que-el-lider-argentino-pidiera-la-entrega-del-poder\/","og_site_name":"BlogDiario Magazine","article_published_time":"2024-02-24T02:56:42+00:00","article_modified_time":"2024-02-24T02:58:42+00:00","og_image":[{"width":600,"height":375,"url":"https:\/\/blogdiario.info\/magazine\/images\/2024\/02\/cam_1_20240220.jpg","type":"image\/jpeg"}],"author":"World Press Service | Servicio de Prensa Mundial","twitter_card":"summary_large_image","twitter_misc":{"Escrito por":"World Press Service | Servicio de Prensa Mundial","Tiempo de lectura":"4 minutos"},"schema":{"@context":"https:\/\/schema.org","@graph":[{"@type":"Article","@id":"https:\/\/blogdiario.info\/magazine\/2024\/02\/24\/lord-cameron-recorrio-las-islas-malvinas-despues-de-que-el-lider-argentino-pidiera-la-entrega-del-poder\/#article","isPartOf":{"@id":"https:\/\/blogdiario.info\/magazine\/2024\/02\/24\/lord-cameron-recorrio-las-islas-malvinas-despues-de-que-el-lider-argentino-pidiera-la-entrega-del-poder\/"},"author":{"name":"World Press Service | Servicio de Prensa Mundial","@id":"https:\/\/blogdiario.info\/magazine\/#\/schema\/person\/b2422fe85574d945bad55513bb0c7354"},"headline":"Lord Cameron recorri\u00f3 las Islas Malvinas despu\u00e9s de que el l\u00edder argentino pidiera la entrega del poder","datePublished":"2024-02-24T02:56:42+00:00","dateModified":"2024-02-24T02:58:42+00:00","mainEntityOfPage":{"@id":"https:\/\/blogdiario.info\/magazine\/2024\/02\/24\/lord-cameron-recorrio-las-islas-malvinas-despues-de-que-el-lider-argentino-pidiera-la-entrega-del-poder\/"},"wordCount":771,"publisher":{"@id":"https:\/\/blogdiario.info\/magazine\/#organization"},"image":{"@id":"https:\/\/blogdiario.info\/magazine\/2024\/02\/24\/lord-cameron-recorrio-las-islas-malvinas-despues-de-que-el-lider-argentino-pidiera-la-entrega-del-poder\/#primaryimage"},"thumbnailUrl":"https:\/\/blogdiario.info\/magazine\/images\/2024\/02\/cam_1_20240220.jpg","articleSection":[".",".","Actualidad","Politica","United Kingdom"],"inLanguage":"es-AR"},{"@type":"WebPage","@id":"https:\/\/blogdiario.info\/magazine\/2024\/02\/24\/lord-cameron-recorrio-las-islas-malvinas-despues-de-que-el-lider-argentino-pidiera-la-entrega-del-poder\/","url":"https:\/\/blogdiario.info\/magazine\/2024\/02\/24\/lord-cameron-recorrio-las-islas-malvinas-despues-de-que-el-lider-argentino-pidiera-la-entrega-del-poder\/","name":"Lord Cameron recorri\u00f3 las Islas Malvinas despu\u00e9s de que el l\u00edder argentino pidiera la entrega del poder - BlogDiario Magazine","isPartOf":{"@id":"https:\/\/blogdiario.info\/magazine\/#website"},"primaryImageOfPage":{"@id":"https:\/\/blogdiario.info\/magazine\/2024\/02\/24\/lord-cameron-recorrio-las-islas-malvinas-despues-de-que-el-lider-argentino-pidiera-la-entrega-del-poder\/#primaryimage"},"image":{"@id":"https:\/\/blogdiario.info\/magazine\/2024\/02\/24\/lord-cameron-recorrio-las-islas-malvinas-despues-de-que-el-lider-argentino-pidiera-la-entrega-del-poder\/#primaryimage"},"thumbnailUrl":"https:\/\/blogdiario.info\/magazine\/images\/2024\/02\/cam_1_20240220.jpg","datePublished":"2024-02-24T02:56:42+00:00","dateModified":"2024-02-24T02:58:42+00:00","breadcrumb":{"@id":"https:\/\/blogdiario.info\/magazine\/2024\/02\/24\/lord-cameron-recorrio-las-islas-malvinas-despues-de-que-el-lider-argentino-pidiera-la-entrega-del-poder\/#breadcrumb"},"inLanguage":"es-AR","potentialAction":[{"@type":"ReadAction","target":["https:\/\/blogdiario.info\/magazine\/2024\/02\/24\/lord-cameron-recorrio-las-islas-malvinas-despues-de-que-el-lider-argentino-pidiera-la-entrega-del-poder\/"]}]},{"@type":"ImageObject","inLanguage":"es-AR","@id":"https:\/\/blogdiario.info\/magazine\/2024\/02\/24\/lord-cameron-recorrio-las-islas-malvinas-despues-de-que-el-lider-argentino-pidiera-la-entrega-del-poder\/#primaryimage","url":"https:\/\/blogdiario.info\/magazine\/images\/2024\/02\/cam_1_20240220.jpg","contentUrl":"https:\/\/blogdiario.info\/magazine\/images\/2024\/02\/cam_1_20240220.jpg","width":600,"height":375},{"@type":"BreadcrumbList","@id":"https:\/\/blogdiario.info\/magazine\/2024\/02\/24\/lord-cameron-recorrio-las-islas-malvinas-despues-de-que-el-lider-argentino-pidiera-la-entrega-del-poder\/#breadcrumb","itemListElement":[{"@type":"ListItem","position":1,"name":"Home","item":"https:\/\/blogdiario.info\/magazine\/"},{"@type":"ListItem","position":2,"name":"Lord Cameron recorri\u00f3 las Islas Malvinas despu\u00e9s de que el l\u00edder argentino pidiera la entrega del poder"}]},{"@type":"WebSite","@id":"https:\/\/blogdiario.info\/magazine\/#website","url":"https:\/\/blogdiario.info\/magazine\/","name":"BlogDiario Magazine","description":"Suplemento multiling\u00fce de ElCanillita.Info","publisher":{"@id":"https:\/\/blogdiario.info\/magazine\/#organization"},"potentialAction":[{"@type":"SearchAction","target":{"@type":"EntryPoint","urlTemplate":"https:\/\/blogdiario.info\/magazine\/?s={search_term_string}"},"query-input":{"@type":"PropertyValueSpecification","valueRequired":true,"valueName":"search_term_string"}}],"inLanguage":"es-AR"},{"@type":"Organization","@id":"https:\/\/blogdiario.info\/magazine\/#organization","name":"Guzzo Photos & Graphic Publications","url":"https:\/\/blogdiario.info\/magazine\/","logo":{"@type":"ImageObject","inLanguage":"es-AR","@id":"https:\/\/blogdiario.info\/magazine\/#\/schema\/logo\/image\/","url":"https:\/\/blogdiario.info\/magazine\/images\/2020\/01\/cropped-blogdia_magazine.jpg","contentUrl":"https:\/\/blogdiario.info\/magazine\/images\/2020\/01\/cropped-blogdia_magazine.jpg","width":589,"height":55,"caption":"Guzzo Photos & Graphic Publications"},"image":{"@id":"https:\/\/blogdiario.info\/magazine\/#\/schema\/logo\/image\/"}},{"@type":"Person","@id":"https:\/\/blogdiario.info\/magazine\/#\/schema\/person\/b2422fe85574d945bad55513bb0c7354","name":"World Press Service | Servicio de Prensa Mundial"}]}},"views":498,"_links":{"self":[{"href":"https:\/\/blogdiario.info\/magazine\/wp-json\/wp\/v2\/posts\/1268","targetHints":{"allow":["GET"]}}],"collection":[{"href":"https:\/\/blogdiario.info\/magazine\/wp-json\/wp\/v2\/posts"}],"about":[{"href":"https:\/\/blogdiario.info\/magazine\/wp-json\/wp\/v2\/types\/post"}],"author":[{"embeddable":true,"href":"https:\/\/blogdiario.info\/magazine\/wp-json\/wp\/v2\/users\/1"}],"replies":[{"embeddable":true,"href":"https:\/\/blogdiario.info\/magazine\/wp-json\/wp\/v2\/comments?post=1268"}],"version-history":[{"count":0,"href":"https:\/\/blogdiario.info\/magazine\/wp-json\/wp\/v2\/posts\/1268\/revisions"}],"wp:featuredmedia":[{"embeddable":true,"href":"https:\/\/blogdiario.info\/magazine\/wp-json\/wp\/v2\/media\/1270"}],"wp:attachment":[{"href":"https:\/\/blogdiario.info\/magazine\/wp-json\/wp\/v2\/media?parent=1268"}],"wp:term":[{"taxonomy":"category","embeddable":true,"href":"https:\/\/blogdiario.info\/magazine\/wp-json\/wp\/v2\/categories?post=1268"},{"taxonomy":"post_tag","embeddable":true,"href":"https:\/\/blogdiario.info\/magazine\/wp-json\/wp\/v2\/tags?post=1268"}],"curies":[{"name":"wp","href":"https:\/\/api.w.org\/{rel}","templated":true}]}}