{"id":125,"date":"2020-06-27T07:49:34","date_gmt":"2020-06-27T10:49:34","guid":{"rendered":"https:\/\/blogdiario.info\/magazine\/?p=125"},"modified":"2022-04-23T06:30:36","modified_gmt":"2022-04-23T09:30:36","slug":"covid-vs-caldo","status":"publish","type":"post","link":"https:\/\/blogdiario.info\/magazine\/2020\/06\/27\/covid-vs-caldo\/","title":{"rendered":"Covid vs. Caldo"},"content":{"rendered":"\n<figure class=\"wp-block-video\"><video controls src=\"https:\/\/blogdiario.info\/magazine\/images\/2020\/06\/Carmen DiMarco.mp4\"><\/video><\/figure>\n\n\n\n<p>Cosmo, 27.06 2020  &#8211; Molti virus si diffondono pi\u00f9 facilmente  nell&#8217;aria fredda e secca dell&#8217;inverno piuttosto che nel caldo e nell&#8217;umidit\u00e0 dell&#8217;estate.<\/p>\n\n\n\n<p>Non \u00e8 ancora ben chiaro, ma potrebbe farlo anche il virus COVID-19.<\/p>\n\n\n\n<p>Una nuova ricerca mostra circa un 3% di calo del rischio di trasmissione per  ogni aumento di 1 \u00b0C oltre i 25 \u00b0C di temperatura. <br><br>Gli esperti dicono che la densit\u00e0 della popolazione,  la mobilit\u00e0 delle persone e la capacit\u00e0 della sanit\u00e0 pubblica  probabilmente hanno maggiore impatto sulla trasmissione  rispetto alla temperatura.<\/p>\n\n\n\n<p>Il virus ha colpito Wuhan,  Milano e New York in inverno, quando  il rischio era pi\u00f9 alto.<\/p>\n\n\n\n<p>Lo studio dice che  il riscaldamento pu\u00f2  contribuire ad abbassarne un po&#8217; la diffusione in queste citt\u00e0, ma  non abbastanza per fermarlo.<\/p>\n\n\n\n<p>Citt\u00e0 umide e tropicali  come Mumbai, Lagos  e Bangkok sono un po&#8217; meno a rischio  tutto l&#8217;anno. Ma non sono immuni  dal COVID-19.<\/p>\n\n\n\n<p>Per esempio, il caldo non ha fermato  l&#8217;epidemia in Brasile.<br><br><small>\u00a9 2020 SalaStampa.Eu  affiliata a USAGM \/ VOA<\/small><\/p>\n\n\n\n<p><\/p>\n","protected":false},"excerpt":{"rendered":"<p>Cosmo, 27.06 2020  &#8211; Molti virus si diffondono pi\u00f9 facilmente  nell&#8217;aria fredda e secca dell&#8217;inverno piuttosto che nel caldo e nell&#8217;umidit\u00e0 dell&#8217;estate.<\/p>\n","protected":false},"author":1,"featured_media":0,"comment_status":"closed","ping_status":"closed","sticky":false,"template":"","format":"standard","meta":{"footnotes":"","_links_to":"","_links_to_target":""},"categories":[57,16,20],"tags":[88],"class_list":["post-125","post","type-post","status-publish","format-standard","hentry","category-cosmo","category-geo-ita","category-societa","tag-mundo","entry","rows"],"yoast_head":"<!-- This site is optimized with the Yoast SEO plugin v27.4 - https:\/\/yoast.com\/product\/yoast-seo-wordpress\/ -->\n<title>Covid vs. Caldo - BlogDiario Magazine<\/title>\n<meta name=\"robots\" content=\"index, follow, max-snippet:-1, max-image-preview:large, max-video-preview:-1\" \/>\n<link rel=\"canonical\" href=\"https:\/\/blogdiario.info\/magazine\/2020\/06\/27\/covid-vs-caldo\/\" \/>\n<meta property=\"og:locale\" content=\"es_ES\" \/>\n<meta property=\"og:type\" content=\"article\" \/>\n<meta property=\"og:title\" content=\"Covid vs. Caldo - BlogDiario Magazine\" \/>\n<meta property=\"og:description\" content=\"Cosmo, 27.06 2020 - Molti virus si diffondono pi\u00f9 facilmente nell&#039;aria fredda e secca dell&#039;inverno piuttosto che nel caldo e nell&#039;umidit\u00e0 dell&#039;estate.\" \/>\n<meta property=\"og:url\" content=\"https:\/\/blogdiario.info\/magazine\/2020\/06\/27\/covid-vs-caldo\/\" \/>\n<meta property=\"og:site_name\" content=\"BlogDiario Magazine\" \/>\n<meta property=\"article:published_time\" content=\"2020-06-27T10:49:34+00:00\" \/>\n<meta property=\"article:modified_time\" content=\"2022-04-23T09:30:36+00:00\" \/>\n<meta name=\"author\" content=\"World Press Service | Servicio de Prensa Mundial\" \/>\n<meta name=\"twitter:card\" content=\"summary_large_image\" \/>\n<meta name=\"twitter:label1\" content=\"Escrito por\" \/>\n\t<meta name=\"twitter:data1\" content=\"World Press Service | Servicio de Prensa Mundial\" \/>\n\t<meta name=\"twitter:label2\" content=\"Tiempo de lectura\" \/>\n\t<meta name=\"twitter:data2\" content=\"1 minuto\" \/>\n<script type=\"application\/ld+json\" class=\"yoast-schema-graph\">{\"@context\":\"https:\\\/\\\/schema.org\",\"@graph\":[{\"@type\":\"Article\",\"@id\":\"https:\\\/\\\/blogdiario.info\\\/magazine\\\/2020\\\/06\\\/27\\\/covid-vs-caldo\\\/#article\",\"isPartOf\":{\"@id\":\"https:\\\/\\\/blogdiario.info\\\/magazine\\\/2020\\\/06\\\/27\\\/covid-vs-caldo\\\/\"},\"author\":{\"name\":\"World Press Service | Servicio de Prensa Mundial\",\"@id\":\"https:\\\/\\\/blogdiario.info\\\/magazine\\\/#\\\/schema\\\/person\\\/b2422fe85574d945bad55513bb0c7354\"},\"headline\":\"Covid vs. Caldo\",\"datePublished\":\"2020-06-27T10:49:34+00:00\",\"dateModified\":\"2022-04-23T09:30:36+00:00\",\"mainEntityOfPage\":{\"@id\":\"https:\\\/\\\/blogdiario.info\\\/magazine\\\/2020\\\/06\\\/27\\\/covid-vs-caldo\\\/\"},\"wordCount\":167,\"publisher\":{\"@id\":\"https:\\\/\\\/blogdiario.info\\\/magazine\\\/#organization\"},\"keywords\":[\"Mundo\"],\"articleSection\":[\"Cosmo\",\"Geo\",\"Societ\u00e0\"],\"inLanguage\":\"es-AR\"},{\"@type\":\"WebPage\",\"@id\":\"https:\\\/\\\/blogdiario.info\\\/magazine\\\/2020\\\/06\\\/27\\\/covid-vs-caldo\\\/\",\"url\":\"https:\\\/\\\/blogdiario.info\\\/magazine\\\/2020\\\/06\\\/27\\\/covid-vs-caldo\\\/\",\"name\":\"Covid vs. Caldo - BlogDiario Magazine\",\"isPartOf\":{\"@id\":\"https:\\\/\\\/blogdiario.info\\\/magazine\\\/#website\"},\"datePublished\":\"2020-06-27T10:49:34+00:00\",\"dateModified\":\"2022-04-23T09:30:36+00:00\",\"breadcrumb\":{\"@id\":\"https:\\\/\\\/blogdiario.info\\\/magazine\\\/2020\\\/06\\\/27\\\/covid-vs-caldo\\\/#breadcrumb\"},\"inLanguage\":\"es-AR\",\"potentialAction\":[{\"@type\":\"ReadAction\",\"target\":[\"https:\\\/\\\/blogdiario.info\\\/magazine\\\/2020\\\/06\\\/27\\\/covid-vs-caldo\\\/\"]}]},{\"@type\":\"BreadcrumbList\",\"@id\":\"https:\\\/\\\/blogdiario.info\\\/magazine\\\/2020\\\/06\\\/27\\\/covid-vs-caldo\\\/#breadcrumb\",\"itemListElement\":[{\"@type\":\"ListItem\",\"position\":1,\"name\":\"Home\",\"item\":\"https:\\\/\\\/blogdiario.info\\\/magazine\\\/\"},{\"@type\":\"ListItem\",\"position\":2,\"name\":\"Covid vs. Caldo\"}]},{\"@type\":\"WebSite\",\"@id\":\"https:\\\/\\\/blogdiario.info\\\/magazine\\\/#website\",\"url\":\"https:\\\/\\\/blogdiario.info\\\/magazine\\\/\",\"name\":\"BlogDiario Magazine\",\"description\":\"Suplemento multiling\u00fce de ElCanillita.Info\",\"publisher\":{\"@id\":\"https:\\\/\\\/blogdiario.info\\\/magazine\\\/#organization\"},\"potentialAction\":[{\"@type\":\"SearchAction\",\"target\":{\"@type\":\"EntryPoint\",\"urlTemplate\":\"https:\\\/\\\/blogdiario.info\\\/magazine\\\/?s={search_term_string}\"},\"query-input\":{\"@type\":\"PropertyValueSpecification\",\"valueRequired\":true,\"valueName\":\"search_term_string\"}}],\"inLanguage\":\"es-AR\"},{\"@type\":\"Organization\",\"@id\":\"https:\\\/\\\/blogdiario.info\\\/magazine\\\/#organization\",\"name\":\"Guzzo Photos & Graphic Publications\",\"url\":\"https:\\\/\\\/blogdiario.info\\\/magazine\\\/\",\"logo\":{\"@type\":\"ImageObject\",\"inLanguage\":\"es-AR\",\"@id\":\"https:\\\/\\\/blogdiario.info\\\/magazine\\\/#\\\/schema\\\/logo\\\/image\\\/\",\"url\":\"https:\\\/\\\/blogdiario.info\\\/magazine\\\/images\\\/2020\\\/01\\\/cropped-blogdia_magazine.jpg\",\"contentUrl\":\"https:\\\/\\\/blogdiario.info\\\/magazine\\\/images\\\/2020\\\/01\\\/cropped-blogdia_magazine.jpg\",\"width\":589,\"height\":55,\"caption\":\"Guzzo Photos & Graphic Publications\"},\"image\":{\"@id\":\"https:\\\/\\\/blogdiario.info\\\/magazine\\\/#\\\/schema\\\/logo\\\/image\\\/\"}},{\"@type\":\"Person\",\"@id\":\"https:\\\/\\\/blogdiario.info\\\/magazine\\\/#\\\/schema\\\/person\\\/b2422fe85574d945bad55513bb0c7354\",\"name\":\"World Press Service | Servicio de Prensa Mundial\"}]}<\/script>\n<!-- \/ Yoast SEO plugin. -->","yoast_head_json":{"title":"Covid vs. Caldo - BlogDiario Magazine","robots":{"index":"index","follow":"follow","max-snippet":"max-snippet:-1","max-image-preview":"max-image-preview:large","max-video-preview":"max-video-preview:-1"},"canonical":"https:\/\/blogdiario.info\/magazine\/2020\/06\/27\/covid-vs-caldo\/","og_locale":"es_ES","og_type":"article","og_title":"Covid vs. Caldo - BlogDiario Magazine","og_description":"Cosmo, 27.06 2020 - Molti virus si diffondono pi\u00f9 facilmente nell'aria fredda e secca dell'inverno piuttosto che nel caldo e nell'umidit\u00e0 dell'estate.","og_url":"https:\/\/blogdiario.info\/magazine\/2020\/06\/27\/covid-vs-caldo\/","og_site_name":"BlogDiario Magazine","article_published_time":"2020-06-27T10:49:34+00:00","article_modified_time":"2022-04-23T09:30:36+00:00","author":"World Press Service | Servicio de Prensa Mundial","twitter_card":"summary_large_image","twitter_misc":{"Escrito por":"World Press Service | Servicio de Prensa Mundial","Tiempo de lectura":"1 minuto"},"schema":{"@context":"https:\/\/schema.org","@graph":[{"@type":"Article","@id":"https:\/\/blogdiario.info\/magazine\/2020\/06\/27\/covid-vs-caldo\/#article","isPartOf":{"@id":"https:\/\/blogdiario.info\/magazine\/2020\/06\/27\/covid-vs-caldo\/"},"author":{"name":"World Press Service | Servicio de Prensa Mundial","@id":"https:\/\/blogdiario.info\/magazine\/#\/schema\/person\/b2422fe85574d945bad55513bb0c7354"},"headline":"Covid vs. Caldo","datePublished":"2020-06-27T10:49:34+00:00","dateModified":"2022-04-23T09:30:36+00:00","mainEntityOfPage":{"@id":"https:\/\/blogdiario.info\/magazine\/2020\/06\/27\/covid-vs-caldo\/"},"wordCount":167,"publisher":{"@id":"https:\/\/blogdiario.info\/magazine\/#organization"},"keywords":["Mundo"],"articleSection":["Cosmo","Geo","Societ\u00e0"],"inLanguage":"es-AR"},{"@type":"WebPage","@id":"https:\/\/blogdiario.info\/magazine\/2020\/06\/27\/covid-vs-caldo\/","url":"https:\/\/blogdiario.info\/magazine\/2020\/06\/27\/covid-vs-caldo\/","name":"Covid vs. Caldo - BlogDiario Magazine","isPartOf":{"@id":"https:\/\/blogdiario.info\/magazine\/#website"},"datePublished":"2020-06-27T10:49:34+00:00","dateModified":"2022-04-23T09:30:36+00:00","breadcrumb":{"@id":"https:\/\/blogdiario.info\/magazine\/2020\/06\/27\/covid-vs-caldo\/#breadcrumb"},"inLanguage":"es-AR","potentialAction":[{"@type":"ReadAction","target":["https:\/\/blogdiario.info\/magazine\/2020\/06\/27\/covid-vs-caldo\/"]}]},{"@type":"BreadcrumbList","@id":"https:\/\/blogdiario.info\/magazine\/2020\/06\/27\/covid-vs-caldo\/#breadcrumb","itemListElement":[{"@type":"ListItem","position":1,"name":"Home","item":"https:\/\/blogdiario.info\/magazine\/"},{"@type":"ListItem","position":2,"name":"Covid vs. Caldo"}]},{"@type":"WebSite","@id":"https:\/\/blogdiario.info\/magazine\/#website","url":"https:\/\/blogdiario.info\/magazine\/","name":"BlogDiario Magazine","description":"Suplemento multiling\u00fce de ElCanillita.Info","publisher":{"@id":"https:\/\/blogdiario.info\/magazine\/#organization"},"potentialAction":[{"@type":"SearchAction","target":{"@type":"EntryPoint","urlTemplate":"https:\/\/blogdiario.info\/magazine\/?s={search_term_string}"},"query-input":{"@type":"PropertyValueSpecification","valueRequired":true,"valueName":"search_term_string"}}],"inLanguage":"es-AR"},{"@type":"Organization","@id":"https:\/\/blogdiario.info\/magazine\/#organization","name":"Guzzo Photos & Graphic Publications","url":"https:\/\/blogdiario.info\/magazine\/","logo":{"@type":"ImageObject","inLanguage":"es-AR","@id":"https:\/\/blogdiario.info\/magazine\/#\/schema\/logo\/image\/","url":"https:\/\/blogdiario.info\/magazine\/images\/2020\/01\/cropped-blogdia_magazine.jpg","contentUrl":"https:\/\/blogdiario.info\/magazine\/images\/2020\/01\/cropped-blogdia_magazine.jpg","width":589,"height":55,"caption":"Guzzo Photos & Graphic Publications"},"image":{"@id":"https:\/\/blogdiario.info\/magazine\/#\/schema\/logo\/image\/"}},{"@type":"Person","@id":"https:\/\/blogdiario.info\/magazine\/#\/schema\/person\/b2422fe85574d945bad55513bb0c7354","name":"World Press Service | Servicio de Prensa Mundial"}]}},"views":1202,"_links":{"self":[{"href":"https:\/\/blogdiario.info\/magazine\/wp-json\/wp\/v2\/posts\/125","targetHints":{"allow":["GET"]}}],"collection":[{"href":"https:\/\/blogdiario.info\/magazine\/wp-json\/wp\/v2\/posts"}],"about":[{"href":"https:\/\/blogdiario.info\/magazine\/wp-json\/wp\/v2\/types\/post"}],"author":[{"embeddable":true,"href":"https:\/\/blogdiario.info\/magazine\/wp-json\/wp\/v2\/users\/1"}],"replies":[{"embeddable":true,"href":"https:\/\/blogdiario.info\/magazine\/wp-json\/wp\/v2\/comments?post=125"}],"version-history":[{"count":0,"href":"https:\/\/blogdiario.info\/magazine\/wp-json\/wp\/v2\/posts\/125\/revisions"}],"wp:attachment":[{"href":"https:\/\/blogdiario.info\/magazine\/wp-json\/wp\/v2\/media?parent=125"}],"wp:term":[{"taxonomy":"category","embeddable":true,"href":"https:\/\/blogdiario.info\/magazine\/wp-json\/wp\/v2\/categories?post=125"},{"taxonomy":"post_tag","embeddable":true,"href":"https:\/\/blogdiario.info\/magazine\/wp-json\/wp\/v2\/tags?post=125"}],"curies":[{"name":"wp","href":"https:\/\/api.w.org\/{rel}","templated":true}]}}