{"id":1146,"date":"2023-12-19T13:10:00","date_gmt":"2023-12-19T12:10:00","guid":{"rendered":"https:\/\/blogdiario.info\/magazine\/?p=1146"},"modified":"2023-12-19T13:47:56","modified_gmt":"2023-12-19T12:47:56","slug":"exvicepresidente-ecuatoriano-se-refugia-en-embajada-de-mexico","status":"publish","type":"post","link":"https:\/\/blogdiario.info\/magazine\/2023\/12\/19\/exvicepresidente-ecuatoriano-se-refugia-en-embajada-de-mexico\/","title":{"rendered":"Exvicepresidente ecuatoriano se refugia en embajada de M\u00e9xico"},"content":{"rendered":"\n<figure class=\"wp-block-video\"><video autoplay controls src=\"https:\/\/blogdiario.info\/magazine\/images\/2023\/12\/Asilo.mp4\"><\/video><\/figure>\n\n\n\n<p><strong>M\u00e9jico, 19\/12\/2023<\/strong><br>La Canciller\u00eda ecuatoriana exhort\u00f3 al gobierno de M\u00e9jico a que \u201cinvite\u201d al exvicepresidente Jorge Glas a cooperar con una investigaci\u00f3n policial por presunta corrupci\u00f3n. Desde el fin de semana, Glas se refugi\u00f3 en la embajada de M\u00e9xico en Quito, como nos informa N\u00e9stor Aguilera.<br><br><small>Autor: N\u00e9stor Aguilera | Ecuador<br>Fecha de publicaci\u00f3n: 2023-12-18 19:16:08 EST<br>Red: VOA<br>Idioma: Espa\u00f1ol (Spanish)<\/small><br><br><small>\u00a9 2023 SalaStampa.Eu affiliate with USAGM &#8211; Edited by Guzzo Photos &amp; Graphic Publications. Copyright \u00a9 1998-2023, VOA. Reprinted by ElCanillita.info with the permission of USAGM &#8211; Washington DC 20036<\/small><br><\/p>\n\n\n\n<figure class=\"wp-block-image size-full\"><a href=\"https:\/\/www.transcribeme.app\/ \" target=\"_blank\" rel=\"noreferrer noopener\"><img loading=\"lazy\" decoding=\"async\" width=\"550\" height=\"100\" src=\"https:\/\/blogdiario.info\/magazine\/images\/2023\/12\/Banner-3@es-1.png\" alt=\"\" class=\"wp-image-1137\" srcset=\"https:\/\/blogdiario.info\/magazine\/images\/2023\/12\/Banner-3@es-1.png 550w, https:\/\/blogdiario.info\/magazine\/images\/2023\/12\/Banner-3@es-1-300x55.png 300w\" sizes=\"auto, (max-width: 550px) 100vw, 550px\" \/><\/a><\/figure>\n","protected":false},"excerpt":{"rendered":"<p>Desde el fin de semana, Glas se refugi\u00f3 en la embajada de M\u00e9xico en Quito.<\/p>\n","protected":false},"author":1,"featured_media":1147,"comment_status":"closed","ping_status":"closed","sticky":false,"template":"","format":"standard","meta":{"footnotes":"","_links_to":"","_links_to_target":""},"categories":[97,109,62,49,124,40],"tags":[94,130],"class_list":["post-1146","post","type-post","status-publish","format-standard","has-post-thumbnail","hentry","category-elcanillita","category-dc24","category-actualidad","category-america-del-nord","category-diplomacia","category-justicia","tag-ecuador","tag-mejico","entry","rows"],"yoast_head":"<!-- This site is optimized with the Yoast SEO plugin v27.4 - https:\/\/yoast.com\/product\/yoast-seo-wordpress\/ -->\n<title>Exvicepresidente ecuatoriano se refugia en embajada de M\u00e9xico - BlogDiario Magazine<\/title>\n<meta name=\"robots\" content=\"index, follow, max-snippet:-1, max-image-preview:large, max-video-preview:-1\" \/>\n<link rel=\"canonical\" href=\"https:\/\/blogdiario.info\/magazine\/2023\/12\/19\/exvicepresidente-ecuatoriano-se-refugia-en-embajada-de-mexico\/\" \/>\n<meta property=\"og:locale\" content=\"es_ES\" \/>\n<meta property=\"og:type\" content=\"article\" \/>\n<meta property=\"og:title\" content=\"Exvicepresidente ecuatoriano se refugia en embajada de M\u00e9xico - BlogDiario Magazine\" \/>\n<meta property=\"og:description\" content=\"Desde el fin de semana, Glas se refugi\u00f3 en la embajada de M\u00e9xico en Quito.\" \/>\n<meta property=\"og:url\" content=\"https:\/\/blogdiario.info\/magazine\/2023\/12\/19\/exvicepresidente-ecuatoriano-se-refugia-en-embajada-de-mexico\/\" \/>\n<meta property=\"og:site_name\" content=\"BlogDiario Magazine\" \/>\n<meta property=\"article:published_time\" content=\"2023-12-19T12:10:00+00:00\" \/>\n<meta property=\"article:modified_time\" content=\"2023-12-19T12:47:56+00:00\" \/>\n<meta property=\"og:image\" content=\"https:\/\/blogdiario.info\/magazine\/images\/2023\/12\/polecuador.png\" \/>\n\t<meta property=\"og:image:width\" content=\"600\" \/>\n\t<meta property=\"og:image:height\" content=\"388\" \/>\n\t<meta property=\"og:image:type\" content=\"image\/png\" \/>\n<meta name=\"author\" content=\"World Press Service | Servicio de Prensa Mundial\" \/>\n<meta name=\"twitter:card\" content=\"summary_large_image\" \/>\n<meta name=\"twitter:label1\" content=\"Escrito por\" \/>\n\t<meta name=\"twitter:data1\" content=\"World Press Service | Servicio de Prensa Mundial\" \/>\n\t<meta name=\"twitter:label2\" content=\"Tiempo de lectura\" \/>\n\t<meta name=\"twitter:data2\" content=\"1 minuto\" \/>\n<script type=\"application\/ld+json\" class=\"yoast-schema-graph\">{\"@context\":\"https:\\\/\\\/schema.org\",\"@graph\":[{\"@type\":\"Article\",\"@id\":\"https:\\\/\\\/blogdiario.info\\\/magazine\\\/2023\\\/12\\\/19\\\/exvicepresidente-ecuatoriano-se-refugia-en-embajada-de-mexico\\\/#article\",\"isPartOf\":{\"@id\":\"https:\\\/\\\/blogdiario.info\\\/magazine\\\/2023\\\/12\\\/19\\\/exvicepresidente-ecuatoriano-se-refugia-en-embajada-de-mexico\\\/\"},\"author\":{\"name\":\"World Press Service | Servicio de Prensa Mundial\",\"@id\":\"https:\\\/\\\/blogdiario.info\\\/magazine\\\/#\\\/schema\\\/person\\\/b2422fe85574d945bad55513bb0c7354\"},\"headline\":\"Exvicepresidente ecuatoriano se refugia en embajada de M\u00e9xico\",\"datePublished\":\"2023-12-19T12:10:00+00:00\",\"dateModified\":\"2023-12-19T12:47:56+00:00\",\"mainEntityOfPage\":{\"@id\":\"https:\\\/\\\/blogdiario.info\\\/magazine\\\/2023\\\/12\\\/19\\\/exvicepresidente-ecuatoriano-se-refugia-en-embajada-de-mexico\\\/\"},\"wordCount\":104,\"publisher\":{\"@id\":\"https:\\\/\\\/blogdiario.info\\\/magazine\\\/#organization\"},\"image\":{\"@id\":\"https:\\\/\\\/blogdiario.info\\\/magazine\\\/2023\\\/12\\\/19\\\/exvicepresidente-ecuatoriano-se-refugia-en-embajada-de-mexico\\\/#primaryimage\"},\"thumbnailUrl\":\"https:\\\/\\\/blogdiario.info\\\/magazine\\\/images\\\/2023\\\/12\\\/polecuador.png\",\"keywords\":[\"Ecuador\",\"M\u00e9jico\"],\"articleSection\":[\".\",\".\",\"Actualidad\",\"America del Nord\",\"Diplomacia\",\"Justicia\"],\"inLanguage\":\"es-AR\"},{\"@type\":\"WebPage\",\"@id\":\"https:\\\/\\\/blogdiario.info\\\/magazine\\\/2023\\\/12\\\/19\\\/exvicepresidente-ecuatoriano-se-refugia-en-embajada-de-mexico\\\/\",\"url\":\"https:\\\/\\\/blogdiario.info\\\/magazine\\\/2023\\\/12\\\/19\\\/exvicepresidente-ecuatoriano-se-refugia-en-embajada-de-mexico\\\/\",\"name\":\"Exvicepresidente ecuatoriano se refugia en embajada de M\u00e9xico - BlogDiario Magazine\",\"isPartOf\":{\"@id\":\"https:\\\/\\\/blogdiario.info\\\/magazine\\\/#website\"},\"primaryImageOfPage\":{\"@id\":\"https:\\\/\\\/blogdiario.info\\\/magazine\\\/2023\\\/12\\\/19\\\/exvicepresidente-ecuatoriano-se-refugia-en-embajada-de-mexico\\\/#primaryimage\"},\"image\":{\"@id\":\"https:\\\/\\\/blogdiario.info\\\/magazine\\\/2023\\\/12\\\/19\\\/exvicepresidente-ecuatoriano-se-refugia-en-embajada-de-mexico\\\/#primaryimage\"},\"thumbnailUrl\":\"https:\\\/\\\/blogdiario.info\\\/magazine\\\/images\\\/2023\\\/12\\\/polecuador.png\",\"datePublished\":\"2023-12-19T12:10:00+00:00\",\"dateModified\":\"2023-12-19T12:47:56+00:00\",\"breadcrumb\":{\"@id\":\"https:\\\/\\\/blogdiario.info\\\/magazine\\\/2023\\\/12\\\/19\\\/exvicepresidente-ecuatoriano-se-refugia-en-embajada-de-mexico\\\/#breadcrumb\"},\"inLanguage\":\"es-AR\",\"potentialAction\":[{\"@type\":\"ReadAction\",\"target\":[\"https:\\\/\\\/blogdiario.info\\\/magazine\\\/2023\\\/12\\\/19\\\/exvicepresidente-ecuatoriano-se-refugia-en-embajada-de-mexico\\\/\"]}]},{\"@type\":\"ImageObject\",\"inLanguage\":\"es-AR\",\"@id\":\"https:\\\/\\\/blogdiario.info\\\/magazine\\\/2023\\\/12\\\/19\\\/exvicepresidente-ecuatoriano-se-refugia-en-embajada-de-mexico\\\/#primaryimage\",\"url\":\"https:\\\/\\\/blogdiario.info\\\/magazine\\\/images\\\/2023\\\/12\\\/polecuador.png\",\"contentUrl\":\"https:\\\/\\\/blogdiario.info\\\/magazine\\\/images\\\/2023\\\/12\\\/polecuador.png\",\"width\":600,\"height\":388},{\"@type\":\"BreadcrumbList\",\"@id\":\"https:\\\/\\\/blogdiario.info\\\/magazine\\\/2023\\\/12\\\/19\\\/exvicepresidente-ecuatoriano-se-refugia-en-embajada-de-mexico\\\/#breadcrumb\",\"itemListElement\":[{\"@type\":\"ListItem\",\"position\":1,\"name\":\"Home\",\"item\":\"https:\\\/\\\/blogdiario.info\\\/magazine\\\/\"},{\"@type\":\"ListItem\",\"position\":2,\"name\":\"Exvicepresidente ecuatoriano se refugia en embajada de M\u00e9xico\"}]},{\"@type\":\"WebSite\",\"@id\":\"https:\\\/\\\/blogdiario.info\\\/magazine\\\/#website\",\"url\":\"https:\\\/\\\/blogdiario.info\\\/magazine\\\/\",\"name\":\"BlogDiario Magazine\",\"description\":\"Suplemento multiling\u00fce de ElCanillita.Info\",\"publisher\":{\"@id\":\"https:\\\/\\\/blogdiario.info\\\/magazine\\\/#organization\"},\"potentialAction\":[{\"@type\":\"SearchAction\",\"target\":{\"@type\":\"EntryPoint\",\"urlTemplate\":\"https:\\\/\\\/blogdiario.info\\\/magazine\\\/?s={search_term_string}\"},\"query-input\":{\"@type\":\"PropertyValueSpecification\",\"valueRequired\":true,\"valueName\":\"search_term_string\"}}],\"inLanguage\":\"es-AR\"},{\"@type\":\"Organization\",\"@id\":\"https:\\\/\\\/blogdiario.info\\\/magazine\\\/#organization\",\"name\":\"Guzzo Photos & Graphic Publications\",\"url\":\"https:\\\/\\\/blogdiario.info\\\/magazine\\\/\",\"logo\":{\"@type\":\"ImageObject\",\"inLanguage\":\"es-AR\",\"@id\":\"https:\\\/\\\/blogdiario.info\\\/magazine\\\/#\\\/schema\\\/logo\\\/image\\\/\",\"url\":\"https:\\\/\\\/blogdiario.info\\\/magazine\\\/images\\\/2020\\\/01\\\/cropped-blogdia_magazine.jpg\",\"contentUrl\":\"https:\\\/\\\/blogdiario.info\\\/magazine\\\/images\\\/2020\\\/01\\\/cropped-blogdia_magazine.jpg\",\"width\":589,\"height\":55,\"caption\":\"Guzzo Photos & Graphic Publications\"},\"image\":{\"@id\":\"https:\\\/\\\/blogdiario.info\\\/magazine\\\/#\\\/schema\\\/logo\\\/image\\\/\"}},{\"@type\":\"Person\",\"@id\":\"https:\\\/\\\/blogdiario.info\\\/magazine\\\/#\\\/schema\\\/person\\\/b2422fe85574d945bad55513bb0c7354\",\"name\":\"World Press Service | Servicio de Prensa Mundial\"}]}<\/script>\n<!-- \/ Yoast SEO plugin. -->","yoast_head_json":{"title":"Exvicepresidente ecuatoriano se refugia en embajada de M\u00e9xico - BlogDiario Magazine","robots":{"index":"index","follow":"follow","max-snippet":"max-snippet:-1","max-image-preview":"max-image-preview:large","max-video-preview":"max-video-preview:-1"},"canonical":"https:\/\/blogdiario.info\/magazine\/2023\/12\/19\/exvicepresidente-ecuatoriano-se-refugia-en-embajada-de-mexico\/","og_locale":"es_ES","og_type":"article","og_title":"Exvicepresidente ecuatoriano se refugia en embajada de M\u00e9xico - BlogDiario Magazine","og_description":"Desde el fin de semana, Glas se refugi\u00f3 en la embajada de M\u00e9xico en Quito.","og_url":"https:\/\/blogdiario.info\/magazine\/2023\/12\/19\/exvicepresidente-ecuatoriano-se-refugia-en-embajada-de-mexico\/","og_site_name":"BlogDiario Magazine","article_published_time":"2023-12-19T12:10:00+00:00","article_modified_time":"2023-12-19T12:47:56+00:00","og_image":[{"width":600,"height":388,"url":"https:\/\/blogdiario.info\/magazine\/images\/2023\/12\/polecuador.png","type":"image\/png"}],"author":"World Press Service | Servicio de Prensa Mundial","twitter_card":"summary_large_image","twitter_misc":{"Escrito por":"World Press Service | Servicio de Prensa Mundial","Tiempo de lectura":"1 minuto"},"schema":{"@context":"https:\/\/schema.org","@graph":[{"@type":"Article","@id":"https:\/\/blogdiario.info\/magazine\/2023\/12\/19\/exvicepresidente-ecuatoriano-se-refugia-en-embajada-de-mexico\/#article","isPartOf":{"@id":"https:\/\/blogdiario.info\/magazine\/2023\/12\/19\/exvicepresidente-ecuatoriano-se-refugia-en-embajada-de-mexico\/"},"author":{"name":"World Press Service | Servicio de Prensa Mundial","@id":"https:\/\/blogdiario.info\/magazine\/#\/schema\/person\/b2422fe85574d945bad55513bb0c7354"},"headline":"Exvicepresidente ecuatoriano se refugia en embajada de M\u00e9xico","datePublished":"2023-12-19T12:10:00+00:00","dateModified":"2023-12-19T12:47:56+00:00","mainEntityOfPage":{"@id":"https:\/\/blogdiario.info\/magazine\/2023\/12\/19\/exvicepresidente-ecuatoriano-se-refugia-en-embajada-de-mexico\/"},"wordCount":104,"publisher":{"@id":"https:\/\/blogdiario.info\/magazine\/#organization"},"image":{"@id":"https:\/\/blogdiario.info\/magazine\/2023\/12\/19\/exvicepresidente-ecuatoriano-se-refugia-en-embajada-de-mexico\/#primaryimage"},"thumbnailUrl":"https:\/\/blogdiario.info\/magazine\/images\/2023\/12\/polecuador.png","keywords":["Ecuador","M\u00e9jico"],"articleSection":[".",".","Actualidad","America del Nord","Diplomacia","Justicia"],"inLanguage":"es-AR"},{"@type":"WebPage","@id":"https:\/\/blogdiario.info\/magazine\/2023\/12\/19\/exvicepresidente-ecuatoriano-se-refugia-en-embajada-de-mexico\/","url":"https:\/\/blogdiario.info\/magazine\/2023\/12\/19\/exvicepresidente-ecuatoriano-se-refugia-en-embajada-de-mexico\/","name":"Exvicepresidente ecuatoriano se refugia en embajada de M\u00e9xico - BlogDiario Magazine","isPartOf":{"@id":"https:\/\/blogdiario.info\/magazine\/#website"},"primaryImageOfPage":{"@id":"https:\/\/blogdiario.info\/magazine\/2023\/12\/19\/exvicepresidente-ecuatoriano-se-refugia-en-embajada-de-mexico\/#primaryimage"},"image":{"@id":"https:\/\/blogdiario.info\/magazine\/2023\/12\/19\/exvicepresidente-ecuatoriano-se-refugia-en-embajada-de-mexico\/#primaryimage"},"thumbnailUrl":"https:\/\/blogdiario.info\/magazine\/images\/2023\/12\/polecuador.png","datePublished":"2023-12-19T12:10:00+00:00","dateModified":"2023-12-19T12:47:56+00:00","breadcrumb":{"@id":"https:\/\/blogdiario.info\/magazine\/2023\/12\/19\/exvicepresidente-ecuatoriano-se-refugia-en-embajada-de-mexico\/#breadcrumb"},"inLanguage":"es-AR","potentialAction":[{"@type":"ReadAction","target":["https:\/\/blogdiario.info\/magazine\/2023\/12\/19\/exvicepresidente-ecuatoriano-se-refugia-en-embajada-de-mexico\/"]}]},{"@type":"ImageObject","inLanguage":"es-AR","@id":"https:\/\/blogdiario.info\/magazine\/2023\/12\/19\/exvicepresidente-ecuatoriano-se-refugia-en-embajada-de-mexico\/#primaryimage","url":"https:\/\/blogdiario.info\/magazine\/images\/2023\/12\/polecuador.png","contentUrl":"https:\/\/blogdiario.info\/magazine\/images\/2023\/12\/polecuador.png","width":600,"height":388},{"@type":"BreadcrumbList","@id":"https:\/\/blogdiario.info\/magazine\/2023\/12\/19\/exvicepresidente-ecuatoriano-se-refugia-en-embajada-de-mexico\/#breadcrumb","itemListElement":[{"@type":"ListItem","position":1,"name":"Home","item":"https:\/\/blogdiario.info\/magazine\/"},{"@type":"ListItem","position":2,"name":"Exvicepresidente ecuatoriano se refugia en embajada de M\u00e9xico"}]},{"@type":"WebSite","@id":"https:\/\/blogdiario.info\/magazine\/#website","url":"https:\/\/blogdiario.info\/magazine\/","name":"BlogDiario Magazine","description":"Suplemento multiling\u00fce de ElCanillita.Info","publisher":{"@id":"https:\/\/blogdiario.info\/magazine\/#organization"},"potentialAction":[{"@type":"SearchAction","target":{"@type":"EntryPoint","urlTemplate":"https:\/\/blogdiario.info\/magazine\/?s={search_term_string}"},"query-input":{"@type":"PropertyValueSpecification","valueRequired":true,"valueName":"search_term_string"}}],"inLanguage":"es-AR"},{"@type":"Organization","@id":"https:\/\/blogdiario.info\/magazine\/#organization","name":"Guzzo Photos & Graphic Publications","url":"https:\/\/blogdiario.info\/magazine\/","logo":{"@type":"ImageObject","inLanguage":"es-AR","@id":"https:\/\/blogdiario.info\/magazine\/#\/schema\/logo\/image\/","url":"https:\/\/blogdiario.info\/magazine\/images\/2020\/01\/cropped-blogdia_magazine.jpg","contentUrl":"https:\/\/blogdiario.info\/magazine\/images\/2020\/01\/cropped-blogdia_magazine.jpg","width":589,"height":55,"caption":"Guzzo Photos & Graphic Publications"},"image":{"@id":"https:\/\/blogdiario.info\/magazine\/#\/schema\/logo\/image\/"}},{"@type":"Person","@id":"https:\/\/blogdiario.info\/magazine\/#\/schema\/person\/b2422fe85574d945bad55513bb0c7354","name":"World Press Service | Servicio de Prensa Mundial"}]}},"views":627,"_links":{"self":[{"href":"https:\/\/blogdiario.info\/magazine\/wp-json\/wp\/v2\/posts\/1146","targetHints":{"allow":["GET"]}}],"collection":[{"href":"https:\/\/blogdiario.info\/magazine\/wp-json\/wp\/v2\/posts"}],"about":[{"href":"https:\/\/blogdiario.info\/magazine\/wp-json\/wp\/v2\/types\/post"}],"author":[{"embeddable":true,"href":"https:\/\/blogdiario.info\/magazine\/wp-json\/wp\/v2\/users\/1"}],"replies":[{"embeddable":true,"href":"https:\/\/blogdiario.info\/magazine\/wp-json\/wp\/v2\/comments?post=1146"}],"version-history":[{"count":0,"href":"https:\/\/blogdiario.info\/magazine\/wp-json\/wp\/v2\/posts\/1146\/revisions"}],"wp:featuredmedia":[{"embeddable":true,"href":"https:\/\/blogdiario.info\/magazine\/wp-json\/wp\/v2\/media\/1147"}],"wp:attachment":[{"href":"https:\/\/blogdiario.info\/magazine\/wp-json\/wp\/v2\/media?parent=1146"}],"wp:term":[{"taxonomy":"category","embeddable":true,"href":"https:\/\/blogdiario.info\/magazine\/wp-json\/wp\/v2\/categories?post=1146"},{"taxonomy":"post_tag","embeddable":true,"href":"https:\/\/blogdiario.info\/magazine\/wp-json\/wp\/v2\/tags?post=1146"}],"curies":[{"name":"wp","href":"https:\/\/api.w.org\/{rel}","templated":true}]}}