{"id":1125,"date":"2023-12-18T12:47:50","date_gmt":"2023-12-18T11:47:50","guid":{"rendered":"https:\/\/blogdiario.info\/magazine\/?p=1125"},"modified":"2023-12-18T13:25:50","modified_gmt":"2023-12-18T12:25:50","slug":"el-empujon-de-pardo","status":"publish","type":"post","link":"https:\/\/blogdiario.info\/magazine\/2023\/12\/18\/el-empujon-de-pardo\/","title":{"rendered":"El empuj\u00f3n de Pardo"},"content":{"rendered":"\n<figure class=\"wp-block-image size-full\"><img loading=\"lazy\" decoding=\"async\" width=\"600\" height=\"404\" src=\"https:\/\/blogdiario.info\/magazine\/images\/2023\/12\/pan3.jpg\" alt=\"\" class=\"wp-image-1126\" srcset=\"https:\/\/blogdiario.info\/magazine\/images\/2023\/12\/pan3.jpg 600w, https:\/\/blogdiario.info\/magazine\/images\/2023\/12\/pan3-300x202.jpg 300w\" sizes=\"auto, (max-width: 600px) 100vw, 600px\" \/><\/figure>\n\n\n\n<p>El 10 de marzo de 1967, el cielo estaba despejado para un bombardeo, pero ambos F-4 Phantom II fueron alcanzados por fuego antia\u00e9reo. El avi\u00f3n de Aman sufri\u00f3 los peores da\u00f1os; su tanque de combustible hab\u00eda sido golpeado y r\u00e1pidamente perdi\u00f3 la mayor parte del combustible. Aman y Houghton determinaron entonces que no ten\u00edan suficiente combustible para llegar a un avi\u00f3n cisterna KC-135 sobre Laos.<\/p>\n\n\n\n<p>Para evitar que Aman y Houghton salieran volando sobre territorio hostil, Pardo decidi\u00f3 intentar empujar el avi\u00f3n. Pardo primero empuj\u00f3 el avi\u00f3n usando el compartimento del paraca\u00eddas de arrastre de Aman, pero la turbulencia interfiri\u00f3.<\/p>\n\n\n\n<figure class=\"wp-block-image size-full is-resized\"><img loading=\"lazy\" decoding=\"async\" width=\"600\" height=\"399\" src=\"https:\/\/blogdiario.info\/magazine\/images\/2023\/12\/pan4.jpg\" alt=\"\" class=\"wp-image-1127\" style=\"aspect-ratio:1.5037593984962405;width:733px;height:auto\" srcset=\"https:\/\/blogdiario.info\/magazine\/images\/2023\/12\/pan4.jpg 600w, https:\/\/blogdiario.info\/magazine\/images\/2023\/12\/pan4-300x200.jpg 300w\" sizes=\"auto, (max-width: 600px) 100vw, 600px\" \/><figcaption class=\"wp-element-caption\">Gancho de cola de un F-4C Phantom II en exhibici\u00f3n en la Base Conjunta Elmendorf-Richardson.<\/figcaption><\/figure>\n\n\n\n<p>Motivo por el cual Pardo us\u00f3 el gancho de cola de Aman para empujar el avi\u00f3n. El Phantom, dise\u00f1ado originalmente como un avi\u00f3n naval para la Armada y el Cuerpo de Marines de los EE. UU., estaba equipado con un gancho de cola de alta resistencia para aterrizajes a bordo de portaaviones y arrestos de emergencia en tierra. Aman baj\u00f3 su gancho trasero y Pardo se movi\u00f3 detr\u00e1s de Aman hasta que el gancho trasero estuvo contra el parabrisas de Pardo. Luego, Aman apag\u00f3 sus dos motores a reacci\u00f3n.<br><br>El empuj\u00f3n funcion\u00f3, reduciendo considerablemente la velocidad de descenso, pero el gancho de cola se deslizaba del parabrisas cada 15 a 30 segundos y cada vez Pardo tuvo que reposicionar su avi\u00f3n para hacerlo de nuevo. Pardo tambi\u00e9n tuvo problemas con un incendio en uno de sus propios motores y tuvo que apagarlo. En los 10 minutos restantes de vuelo, Pardo utiliz\u00f3 el \u00faltimo motor para frenar el descenso de ambos aviones.<\/p>\n\n\n\n<p>Con el avi\u00f3n de Pardo sin combustible despu\u00e9s de empujar al avi\u00f3n de Aman casi 88 millas, los aviones alcanzaron el espacio a\u00e9reo de Laos a una altitud de 6.000 pies (1.800 m). <br>Esto les permiti\u00f3 aproximadamente dos minutos de vuelo. Los pilotos y sus oficiales de sistemas de armas fueron expulsados, evadieron la captura y fueron recogidos por helic\u00f3pteros de rescate.<\/p>\n\n\n\n<figure class=\"wp-block-image size-full\"><img loading=\"lazy\" decoding=\"async\" width=\"600\" height=\"400\" src=\"https:\/\/blogdiario.info\/magazine\/images\/2023\/12\/pancovre_filtered.jpg\" alt=\"\" class=\"wp-image-1132\" srcset=\"https:\/\/blogdiario.info\/magazine\/images\/2023\/12\/pancovre_filtered.jpg 600w, https:\/\/blogdiario.info\/magazine\/images\/2023\/12\/pancovre_filtered-300x200.jpg 300w\" sizes=\"auto, (max-width: 600px) 100vw, 600px\" \/><\/figure>\n\n\n\n<p>Pardo fue inicialmente reprendido por no salvar su propio avi\u00f3n. Sin embargo, en 1989, el ej\u00e9rcito volvi\u00f3 a examinar el caso y otorg\u00f3 a Pardo y Wayne la Estrella de Plata por la maniobra, dos d\u00e9cadas despu\u00e9s del incidente.<br><br>Pardo y Aman finalmente completaron sus carreras en la Fuerza A\u00e9rea y ambos se retiraron con el rango de teniente coronel. En a\u00f1os posteriores, Pardo, al enterarse de que Aman padec\u00eda la enfermedad de Lou Gehrig (esclerosis lateral amiotr\u00f3fica) y que hab\u00eda perdido la voz y la movilidad, cre\u00f3 la Fundaci\u00f3n Earl Aman recaudando suficiente dinero para comprarle a Aman un sintetizador de voz, una silla de ruedas motorizada y una computadora. Posteriormente, la fundaci\u00f3n y la Asociaci\u00f3n de Pilotos de Caza de Red River Valley recaudaron fondos para comprar una camioneta, que Aman utiliz\u00f3 como transporte hasta su muerte.<\/p>\n\n\n\n<p>La maniobra de vuelo fue posteriormente objeto de un episodio de PUNTA; True Callings, los cr\u00e9ditos del episodio &#8220;saludaron&#8221; a Pardo por su coraje e ingenio.<\/p>\n\n\n\n<figure class=\"wp-block-image size-full\"><img loading=\"lazy\" decoding=\"async\" width=\"600\" height=\"400\" src=\"https:\/\/blogdiario.info\/magazine\/images\/2023\/12\/pan2.jpg\" alt=\"\" class=\"wp-image-1129\" srcset=\"https:\/\/blogdiario.info\/magazine\/images\/2023\/12\/pan2.jpg 600w, https:\/\/blogdiario.info\/magazine\/images\/2023\/12\/pan2-300x200.jpg 300w\" sizes=\"auto, (max-width: 600px) 100vw, 600px\" \/><\/figure>\n\n\n\n<p>Bob Pardo falleci\u00f3 el 5 de diciembre de 2023.<br><br><small>Copyright \u00a9 2023 ElCanillita.info \/ BlogDiario.info, servicio mundial de prensa<\/small><\/p>\n\n\n\n<p><br>\u200b<\/p>\n","protected":false},"excerpt":{"rendered":"<p>El Empuje de Pardo, fue una maniobra de aviaci\u00f3n llevada a cabo por el entonces Capit\u00e1n (Teniente Coronel Retirado de la USAF) John R. &#8220;Bob&#8221; Pardo, para mover el F-4 Phantom II gravemente da\u00f1ado de su compa\u00f1ero, al espacio a\u00e9reo amigo durante la Guerra de Vietnam. <\/p>\n<p><small>Esta imagen es un trabajo de un aviador de la Fuerza A\u00e9rea de EE. UU., tomada como parte de sus deberes oficiales. Como obra del gobierno federal el archivo es de dominio p\u00fablico.<\/small>  <\/p>\n","protected":false},"author":1,"featured_media":1133,"comment_status":"closed","ping_status":"closed","sticky":false,"template":"","format":"standard","meta":{"footnotes":"","_links_to":"","_links_to_target":""},"categories":[97,109,49,129],"tags":[74],"class_list":["post-1125","post","type-post","status-publish","format-standard","has-post-thumbnail","hentry","category-elcanillita","category-dc24","category-america-del-nord","category-obituario","tag-usa","entry","rows"],"yoast_head":"<!-- This site is optimized with the Yoast SEO plugin v27.4 - https:\/\/yoast.com\/product\/yoast-seo-wordpress\/ -->\n<title>El empuj\u00f3n de Pardo - BlogDiario Magazine<\/title>\n<meta name=\"robots\" content=\"index, follow, max-snippet:-1, max-image-preview:large, max-video-preview:-1\" \/>\n<link rel=\"canonical\" href=\"https:\/\/blogdiario.info\/magazine\/2023\/12\/18\/el-empujon-de-pardo\/\" \/>\n<meta property=\"og:locale\" content=\"es_ES\" \/>\n<meta property=\"og:type\" content=\"article\" \/>\n<meta property=\"og:title\" content=\"El empuj\u00f3n de Pardo - BlogDiario Magazine\" \/>\n<meta property=\"og:description\" content=\"El Empuje de Pardo, fue una maniobra de aviaci\u00f3n llevada a cabo por el entonces Capit\u00e1n (Teniente Coronel Retirado de la USAF) John R. &quot;Bob&quot; Pardo, para mover el F-4 Phantom II gravemente da\u00f1ado de su compa\u00f1ero, al espacio a\u00e9reo amigo durante la Guerra de Vietnam.  Esta imagen es un trabajo de un aviador de la Fuerza A\u00e9rea de EE. UU., tomada como parte de sus deberes oficiales. Como obra del gobierno federal el archivo es de dominio p\u00fablico.\" \/>\n<meta property=\"og:url\" content=\"https:\/\/blogdiario.info\/magazine\/2023\/12\/18\/el-empujon-de-pardo\/\" \/>\n<meta property=\"og:site_name\" content=\"BlogDiario Magazine\" \/>\n<meta property=\"article:published_time\" content=\"2023-12-18T11:47:50+00:00\" \/>\n<meta property=\"article:modified_time\" content=\"2023-12-18T12:25:50+00:00\" \/>\n<meta property=\"og:image\" content=\"https:\/\/blogdiario.info\/magazine\/images\/2023\/12\/pan1_filtered.jpg\" \/>\n\t<meta property=\"og:image:width\" content=\"600\" \/>\n\t<meta property=\"og:image:height\" content=\"411\" \/>\n\t<meta property=\"og:image:type\" content=\"image\/jpeg\" \/>\n<meta name=\"author\" content=\"World Press Service | Servicio de Prensa Mundial\" \/>\n<meta name=\"twitter:card\" content=\"summary_large_image\" \/>\n<meta name=\"twitter:label1\" content=\"Escrito por\" \/>\n\t<meta name=\"twitter:data1\" content=\"World Press Service | Servicio de Prensa Mundial\" \/>\n\t<meta name=\"twitter:label2\" content=\"Tiempo de lectura\" \/>\n\t<meta name=\"twitter:data2\" content=\"4 minutos\" \/>\n<script type=\"application\/ld+json\" class=\"yoast-schema-graph\">{\"@context\":\"https:\\\/\\\/schema.org\",\"@graph\":[{\"@type\":\"Article\",\"@id\":\"https:\\\/\\\/blogdiario.info\\\/magazine\\\/2023\\\/12\\\/18\\\/el-empujon-de-pardo\\\/#article\",\"isPartOf\":{\"@id\":\"https:\\\/\\\/blogdiario.info\\\/magazine\\\/2023\\\/12\\\/18\\\/el-empujon-de-pardo\\\/\"},\"author\":{\"name\":\"World Press Service | Servicio de Prensa Mundial\",\"@id\":\"https:\\\/\\\/blogdiario.info\\\/magazine\\\/#\\\/schema\\\/person\\\/b2422fe85574d945bad55513bb0c7354\"},\"headline\":\"El empuj\u00f3n de Pardo\",\"datePublished\":\"2023-12-18T11:47:50+00:00\",\"dateModified\":\"2023-12-18T12:25:50+00:00\",\"mainEntityOfPage\":{\"@id\":\"https:\\\/\\\/blogdiario.info\\\/magazine\\\/2023\\\/12\\\/18\\\/el-empujon-de-pardo\\\/\"},\"wordCount\":553,\"publisher\":{\"@id\":\"https:\\\/\\\/blogdiario.info\\\/magazine\\\/#organization\"},\"image\":{\"@id\":\"https:\\\/\\\/blogdiario.info\\\/magazine\\\/2023\\\/12\\\/18\\\/el-empujon-de-pardo\\\/#primaryimage\"},\"thumbnailUrl\":\"https:\\\/\\\/blogdiario.info\\\/magazine\\\/images\\\/2023\\\/12\\\/pan1_filtered.jpg\",\"keywords\":[\"USA\"],\"articleSection\":[\".\",\".\",\"America del Nord\",\"Obituario\"],\"inLanguage\":\"es-AR\"},{\"@type\":\"WebPage\",\"@id\":\"https:\\\/\\\/blogdiario.info\\\/magazine\\\/2023\\\/12\\\/18\\\/el-empujon-de-pardo\\\/\",\"url\":\"https:\\\/\\\/blogdiario.info\\\/magazine\\\/2023\\\/12\\\/18\\\/el-empujon-de-pardo\\\/\",\"name\":\"El empuj\u00f3n de Pardo - BlogDiario Magazine\",\"isPartOf\":{\"@id\":\"https:\\\/\\\/blogdiario.info\\\/magazine\\\/#website\"},\"primaryImageOfPage\":{\"@id\":\"https:\\\/\\\/blogdiario.info\\\/magazine\\\/2023\\\/12\\\/18\\\/el-empujon-de-pardo\\\/#primaryimage\"},\"image\":{\"@id\":\"https:\\\/\\\/blogdiario.info\\\/magazine\\\/2023\\\/12\\\/18\\\/el-empujon-de-pardo\\\/#primaryimage\"},\"thumbnailUrl\":\"https:\\\/\\\/blogdiario.info\\\/magazine\\\/images\\\/2023\\\/12\\\/pan1_filtered.jpg\",\"datePublished\":\"2023-12-18T11:47:50+00:00\",\"dateModified\":\"2023-12-18T12:25:50+00:00\",\"breadcrumb\":{\"@id\":\"https:\\\/\\\/blogdiario.info\\\/magazine\\\/2023\\\/12\\\/18\\\/el-empujon-de-pardo\\\/#breadcrumb\"},\"inLanguage\":\"es-AR\",\"potentialAction\":[{\"@type\":\"ReadAction\",\"target\":[\"https:\\\/\\\/blogdiario.info\\\/magazine\\\/2023\\\/12\\\/18\\\/el-empujon-de-pardo\\\/\"]}]},{\"@type\":\"ImageObject\",\"inLanguage\":\"es-AR\",\"@id\":\"https:\\\/\\\/blogdiario.info\\\/magazine\\\/2023\\\/12\\\/18\\\/el-empujon-de-pardo\\\/#primaryimage\",\"url\":\"https:\\\/\\\/blogdiario.info\\\/magazine\\\/images\\\/2023\\\/12\\\/pan1_filtered.jpg\",\"contentUrl\":\"https:\\\/\\\/blogdiario.info\\\/magazine\\\/images\\\/2023\\\/12\\\/pan1_filtered.jpg\",\"width\":600,\"height\":411},{\"@type\":\"BreadcrumbList\",\"@id\":\"https:\\\/\\\/blogdiario.info\\\/magazine\\\/2023\\\/12\\\/18\\\/el-empujon-de-pardo\\\/#breadcrumb\",\"itemListElement\":[{\"@type\":\"ListItem\",\"position\":1,\"name\":\"Home\",\"item\":\"https:\\\/\\\/blogdiario.info\\\/magazine\\\/\"},{\"@type\":\"ListItem\",\"position\":2,\"name\":\"El empuj\u00f3n de Pardo\"}]},{\"@type\":\"WebSite\",\"@id\":\"https:\\\/\\\/blogdiario.info\\\/magazine\\\/#website\",\"url\":\"https:\\\/\\\/blogdiario.info\\\/magazine\\\/\",\"name\":\"BlogDiario Magazine\",\"description\":\"Suplemento multiling\u00fce de ElCanillita.Info\",\"publisher\":{\"@id\":\"https:\\\/\\\/blogdiario.info\\\/magazine\\\/#organization\"},\"potentialAction\":[{\"@type\":\"SearchAction\",\"target\":{\"@type\":\"EntryPoint\",\"urlTemplate\":\"https:\\\/\\\/blogdiario.info\\\/magazine\\\/?s={search_term_string}\"},\"query-input\":{\"@type\":\"PropertyValueSpecification\",\"valueRequired\":true,\"valueName\":\"search_term_string\"}}],\"inLanguage\":\"es-AR\"},{\"@type\":\"Organization\",\"@id\":\"https:\\\/\\\/blogdiario.info\\\/magazine\\\/#organization\",\"name\":\"Guzzo Photos & Graphic Publications\",\"url\":\"https:\\\/\\\/blogdiario.info\\\/magazine\\\/\",\"logo\":{\"@type\":\"ImageObject\",\"inLanguage\":\"es-AR\",\"@id\":\"https:\\\/\\\/blogdiario.info\\\/magazine\\\/#\\\/schema\\\/logo\\\/image\\\/\",\"url\":\"https:\\\/\\\/blogdiario.info\\\/magazine\\\/images\\\/2020\\\/01\\\/cropped-blogdia_magazine.jpg\",\"contentUrl\":\"https:\\\/\\\/blogdiario.info\\\/magazine\\\/images\\\/2020\\\/01\\\/cropped-blogdia_magazine.jpg\",\"width\":589,\"height\":55,\"caption\":\"Guzzo Photos & Graphic Publications\"},\"image\":{\"@id\":\"https:\\\/\\\/blogdiario.info\\\/magazine\\\/#\\\/schema\\\/logo\\\/image\\\/\"}},{\"@type\":\"Person\",\"@id\":\"https:\\\/\\\/blogdiario.info\\\/magazine\\\/#\\\/schema\\\/person\\\/b2422fe85574d945bad55513bb0c7354\",\"name\":\"World Press Service | Servicio de Prensa Mundial\"}]}<\/script>\n<!-- \/ Yoast SEO plugin. -->","yoast_head_json":{"title":"El empuj\u00f3n de Pardo - BlogDiario Magazine","robots":{"index":"index","follow":"follow","max-snippet":"max-snippet:-1","max-image-preview":"max-image-preview:large","max-video-preview":"max-video-preview:-1"},"canonical":"https:\/\/blogdiario.info\/magazine\/2023\/12\/18\/el-empujon-de-pardo\/","og_locale":"es_ES","og_type":"article","og_title":"El empuj\u00f3n de Pardo - BlogDiario Magazine","og_description":"El Empuje de Pardo, fue una maniobra de aviaci\u00f3n llevada a cabo por el entonces Capit\u00e1n (Teniente Coronel Retirado de la USAF) John R. \"Bob\" Pardo, para mover el F-4 Phantom II gravemente da\u00f1ado de su compa\u00f1ero, al espacio a\u00e9reo amigo durante la Guerra de Vietnam.  Esta imagen es un trabajo de un aviador de la Fuerza A\u00e9rea de EE. UU., tomada como parte de sus deberes oficiales. Como obra del gobierno federal el archivo es de dominio p\u00fablico.","og_url":"https:\/\/blogdiario.info\/magazine\/2023\/12\/18\/el-empujon-de-pardo\/","og_site_name":"BlogDiario Magazine","article_published_time":"2023-12-18T11:47:50+00:00","article_modified_time":"2023-12-18T12:25:50+00:00","og_image":[{"width":600,"height":411,"url":"https:\/\/blogdiario.info\/magazine\/images\/2023\/12\/pan1_filtered.jpg","type":"image\/jpeg"}],"author":"World Press Service | Servicio de Prensa Mundial","twitter_card":"summary_large_image","twitter_misc":{"Escrito por":"World Press Service | Servicio de Prensa Mundial","Tiempo de lectura":"4 minutos"},"schema":{"@context":"https:\/\/schema.org","@graph":[{"@type":"Article","@id":"https:\/\/blogdiario.info\/magazine\/2023\/12\/18\/el-empujon-de-pardo\/#article","isPartOf":{"@id":"https:\/\/blogdiario.info\/magazine\/2023\/12\/18\/el-empujon-de-pardo\/"},"author":{"name":"World Press Service | Servicio de Prensa Mundial","@id":"https:\/\/blogdiario.info\/magazine\/#\/schema\/person\/b2422fe85574d945bad55513bb0c7354"},"headline":"El empuj\u00f3n de Pardo","datePublished":"2023-12-18T11:47:50+00:00","dateModified":"2023-12-18T12:25:50+00:00","mainEntityOfPage":{"@id":"https:\/\/blogdiario.info\/magazine\/2023\/12\/18\/el-empujon-de-pardo\/"},"wordCount":553,"publisher":{"@id":"https:\/\/blogdiario.info\/magazine\/#organization"},"image":{"@id":"https:\/\/blogdiario.info\/magazine\/2023\/12\/18\/el-empujon-de-pardo\/#primaryimage"},"thumbnailUrl":"https:\/\/blogdiario.info\/magazine\/images\/2023\/12\/pan1_filtered.jpg","keywords":["USA"],"articleSection":[".",".","America del Nord","Obituario"],"inLanguage":"es-AR"},{"@type":"WebPage","@id":"https:\/\/blogdiario.info\/magazine\/2023\/12\/18\/el-empujon-de-pardo\/","url":"https:\/\/blogdiario.info\/magazine\/2023\/12\/18\/el-empujon-de-pardo\/","name":"El empuj\u00f3n de Pardo - BlogDiario Magazine","isPartOf":{"@id":"https:\/\/blogdiario.info\/magazine\/#website"},"primaryImageOfPage":{"@id":"https:\/\/blogdiario.info\/magazine\/2023\/12\/18\/el-empujon-de-pardo\/#primaryimage"},"image":{"@id":"https:\/\/blogdiario.info\/magazine\/2023\/12\/18\/el-empujon-de-pardo\/#primaryimage"},"thumbnailUrl":"https:\/\/blogdiario.info\/magazine\/images\/2023\/12\/pan1_filtered.jpg","datePublished":"2023-12-18T11:47:50+00:00","dateModified":"2023-12-18T12:25:50+00:00","breadcrumb":{"@id":"https:\/\/blogdiario.info\/magazine\/2023\/12\/18\/el-empujon-de-pardo\/#breadcrumb"},"inLanguage":"es-AR","potentialAction":[{"@type":"ReadAction","target":["https:\/\/blogdiario.info\/magazine\/2023\/12\/18\/el-empujon-de-pardo\/"]}]},{"@type":"ImageObject","inLanguage":"es-AR","@id":"https:\/\/blogdiario.info\/magazine\/2023\/12\/18\/el-empujon-de-pardo\/#primaryimage","url":"https:\/\/blogdiario.info\/magazine\/images\/2023\/12\/pan1_filtered.jpg","contentUrl":"https:\/\/blogdiario.info\/magazine\/images\/2023\/12\/pan1_filtered.jpg","width":600,"height":411},{"@type":"BreadcrumbList","@id":"https:\/\/blogdiario.info\/magazine\/2023\/12\/18\/el-empujon-de-pardo\/#breadcrumb","itemListElement":[{"@type":"ListItem","position":1,"name":"Home","item":"https:\/\/blogdiario.info\/magazine\/"},{"@type":"ListItem","position":2,"name":"El empuj\u00f3n de Pardo"}]},{"@type":"WebSite","@id":"https:\/\/blogdiario.info\/magazine\/#website","url":"https:\/\/blogdiario.info\/magazine\/","name":"BlogDiario Magazine","description":"Suplemento multiling\u00fce de ElCanillita.Info","publisher":{"@id":"https:\/\/blogdiario.info\/magazine\/#organization"},"potentialAction":[{"@type":"SearchAction","target":{"@type":"EntryPoint","urlTemplate":"https:\/\/blogdiario.info\/magazine\/?s={search_term_string}"},"query-input":{"@type":"PropertyValueSpecification","valueRequired":true,"valueName":"search_term_string"}}],"inLanguage":"es-AR"},{"@type":"Organization","@id":"https:\/\/blogdiario.info\/magazine\/#organization","name":"Guzzo Photos & Graphic Publications","url":"https:\/\/blogdiario.info\/magazine\/","logo":{"@type":"ImageObject","inLanguage":"es-AR","@id":"https:\/\/blogdiario.info\/magazine\/#\/schema\/logo\/image\/","url":"https:\/\/blogdiario.info\/magazine\/images\/2020\/01\/cropped-blogdia_magazine.jpg","contentUrl":"https:\/\/blogdiario.info\/magazine\/images\/2020\/01\/cropped-blogdia_magazine.jpg","width":589,"height":55,"caption":"Guzzo Photos & Graphic Publications"},"image":{"@id":"https:\/\/blogdiario.info\/magazine\/#\/schema\/logo\/image\/"}},{"@type":"Person","@id":"https:\/\/blogdiario.info\/magazine\/#\/schema\/person\/b2422fe85574d945bad55513bb0c7354","name":"World Press Service | Servicio de Prensa Mundial"}]}},"views":415,"_links":{"self":[{"href":"https:\/\/blogdiario.info\/magazine\/wp-json\/wp\/v2\/posts\/1125","targetHints":{"allow":["GET"]}}],"collection":[{"href":"https:\/\/blogdiario.info\/magazine\/wp-json\/wp\/v2\/posts"}],"about":[{"href":"https:\/\/blogdiario.info\/magazine\/wp-json\/wp\/v2\/types\/post"}],"author":[{"embeddable":true,"href":"https:\/\/blogdiario.info\/magazine\/wp-json\/wp\/v2\/users\/1"}],"replies":[{"embeddable":true,"href":"https:\/\/blogdiario.info\/magazine\/wp-json\/wp\/v2\/comments?post=1125"}],"version-history":[{"count":0,"href":"https:\/\/blogdiario.info\/magazine\/wp-json\/wp\/v2\/posts\/1125\/revisions"}],"wp:featuredmedia":[{"embeddable":true,"href":"https:\/\/blogdiario.info\/magazine\/wp-json\/wp\/v2\/media\/1133"}],"wp:attachment":[{"href":"https:\/\/blogdiario.info\/magazine\/wp-json\/wp\/v2\/media?parent=1125"}],"wp:term":[{"taxonomy":"category","embeddable":true,"href":"https:\/\/blogdiario.info\/magazine\/wp-json\/wp\/v2\/categories?post=1125"},{"taxonomy":"post_tag","embeddable":true,"href":"https:\/\/blogdiario.info\/magazine\/wp-json\/wp\/v2\/tags?post=1125"}],"curies":[{"name":"wp","href":"https:\/\/api.w.org\/{rel}","templated":true}]}}