{"id":1109,"date":"2023-12-08T15:30:51","date_gmt":"2023-12-08T14:30:51","guid":{"rendered":"https:\/\/blogdiario.info\/magazine\/?p=1109"},"modified":"2023-12-08T15:39:42","modified_gmt":"2023-12-08T14:39:42","slug":"despues-de-johnson-investigaran-al-presidente-fernandez-y-su-vice-por-la-gestion-de-la-pandemia","status":"publish","type":"post","link":"https:\/\/blogdiario.info\/magazine\/2023\/12\/08\/despues-de-johnson-investigaran-al-presidente-fernandez-y-su-vice-por-la-gestion-de-la-pandemia\/","title":{"rendered":"Despu\u00e9s de Johnson, \u00bfinvestigar\u00e1n al Presidente Fernandez y a su vice por la gesti\u00f3n de la pandemia en Argentina?"},"content":{"rendered":"\n<figure class=\"wp-block-video\"><video controls src=\"https:\/\/blogdiario.info\/magazine\/images\/2023\/12\/BorisEd.mp4\"><\/video><\/figure>\n\n\n\n<p>BlogDiario.info, 08\/12\/2023<br>Boris Johnson se enfrenta a la investigaci\u00f3n de Covid para defender su gesti\u00f3n de la pandemia despu\u00e9s de haber sido criticado por ex asesores cient\u00edficos, asistentes pol\u00edticos y colegas ministros.<\/p>\n\n\n\n<p>Con el renacimiento de la democracia argentina, \u00bfinvestigar\u00e1n al Presidente Alberto Fernandez y a su vice, por mangonear la crisis derivada del Covid, retirandose a un mundo paralelo, mientras la situaci\u00f3n sanitaria en el pa\u00eds colapsaba en el caos?<br><br><small>Copyright \u00a9 2023 ElCanillita.info \/ BlogDiario.info, servicio mundial de prensa<\/small><\/p>\n","protected":false},"excerpt":{"rendered":"<p>Intenso escrutinio de las decisiones y el liderazgo del ex primer ministro, as\u00ed como de la cultura en el n\u00famero 10, durante dos d\u00edas de testimonios en Paddington, al oeste de Londres.<\/p>\n","protected":false},"author":1,"featured_media":1110,"comment_status":"closed","ping_status":"closed","sticky":false,"template":"","format":"standard","meta":{"footnotes":"","_links_to":"","_links_to_target":""},"categories":[97,109,62,66,41],"tags":[23,101],"class_list":["post-1109","post","type-post","status-publish","format-standard","has-post-thumbnail","hentry","category-elcanillita","category-dc24","category-actualidad","category-multilingue","category-politica-esp","tag-argentina","tag-uk","entry","rows"],"yoast_head":"<!-- This site is optimized with the Yoast SEO plugin v27.4 - https:\/\/yoast.com\/product\/yoast-seo-wordpress\/ -->\n<title>Despu\u00e9s de Johnson, \u00bfinvestigar\u00e1n al Presidente Fernandez y a su vice por la gesti\u00f3n de la pandemia en Argentina? - BlogDiario Magazine<\/title>\n<meta name=\"robots\" content=\"index, follow, max-snippet:-1, max-image-preview:large, max-video-preview:-1\" \/>\n<link rel=\"canonical\" href=\"https:\/\/blogdiario.info\/magazine\/2023\/12\/08\/despues-de-johnson-investigaran-al-presidente-fernandez-y-su-vice-por-la-gestion-de-la-pandemia\/\" \/>\n<meta property=\"og:locale\" content=\"es_ES\" \/>\n<meta property=\"og:type\" content=\"article\" \/>\n<meta property=\"og:title\" content=\"Despu\u00e9s de Johnson, \u00bfinvestigar\u00e1n al Presidente Fernandez y a su vice por la gesti\u00f3n de la pandemia en Argentina? - BlogDiario Magazine\" \/>\n<meta property=\"og:description\" content=\"Intenso escrutinio de las decisiones y el liderazgo del ex primer ministro, as\u00ed como de la cultura en el n\u00famero 10, durante dos d\u00edas de testimonios en Paddington, al oeste de Londres.\" \/>\n<meta property=\"og:url\" content=\"https:\/\/blogdiario.info\/magazine\/2023\/12\/08\/despues-de-johnson-investigaran-al-presidente-fernandez-y-su-vice-por-la-gestion-de-la-pandemia\/\" \/>\n<meta property=\"og:site_name\" content=\"BlogDiario Magazine\" \/>\n<meta property=\"article:published_time\" content=\"2023-12-08T14:30:51+00:00\" \/>\n<meta property=\"article:modified_time\" content=\"2023-12-08T14:39:42+00:00\" \/>\n<meta property=\"og:image\" content=\"https:\/\/blogdiario.info\/magazine\/images\/2023\/12\/boris_20231208.jpg\" \/>\n\t<meta property=\"og:image:width\" content=\"600\" \/>\n\t<meta property=\"og:image:height\" content=\"356\" \/>\n\t<meta property=\"og:image:type\" content=\"image\/jpeg\" \/>\n<meta name=\"author\" content=\"World Press Service | Servicio de Prensa Mundial\" \/>\n<meta name=\"twitter:card\" content=\"summary_large_image\" \/>\n<meta name=\"twitter:label1\" content=\"Escrito por\" \/>\n\t<meta name=\"twitter:data1\" content=\"World Press Service | Servicio de Prensa Mundial\" \/>\n\t<meta name=\"twitter:label2\" content=\"Tiempo de lectura\" \/>\n\t<meta name=\"twitter:data2\" content=\"1 minuto\" \/>\n<script type=\"application\/ld+json\" class=\"yoast-schema-graph\">{\"@context\":\"https:\\\/\\\/schema.org\",\"@graph\":[{\"@type\":\"Article\",\"@id\":\"https:\\\/\\\/blogdiario.info\\\/magazine\\\/2023\\\/12\\\/08\\\/despues-de-johnson-investigaran-al-presidente-fernandez-y-su-vice-por-la-gestion-de-la-pandemia\\\/#article\",\"isPartOf\":{\"@id\":\"https:\\\/\\\/blogdiario.info\\\/magazine\\\/2023\\\/12\\\/08\\\/despues-de-johnson-investigaran-al-presidente-fernandez-y-su-vice-por-la-gestion-de-la-pandemia\\\/\"},\"author\":{\"name\":\"World Press Service | Servicio de Prensa Mundial\",\"@id\":\"https:\\\/\\\/blogdiario.info\\\/magazine\\\/#\\\/schema\\\/person\\\/b2422fe85574d945bad55513bb0c7354\"},\"headline\":\"Despu\u00e9s de Johnson, \u00bfinvestigar\u00e1n al Presidente Fernandez y a su vice por la gesti\u00f3n de la pandemia en Argentina?\",\"datePublished\":\"2023-12-08T14:30:51+00:00\",\"dateModified\":\"2023-12-08T14:39:42+00:00\",\"mainEntityOfPage\":{\"@id\":\"https:\\\/\\\/blogdiario.info\\\/magazine\\\/2023\\\/12\\\/08\\\/despues-de-johnson-investigaran-al-presidente-fernandez-y-su-vice-por-la-gestion-de-la-pandemia\\\/\"},\"wordCount\":110,\"publisher\":{\"@id\":\"https:\\\/\\\/blogdiario.info\\\/magazine\\\/#organization\"},\"image\":{\"@id\":\"https:\\\/\\\/blogdiario.info\\\/magazine\\\/2023\\\/12\\\/08\\\/despues-de-johnson-investigaran-al-presidente-fernandez-y-su-vice-por-la-gestion-de-la-pandemia\\\/#primaryimage\"},\"thumbnailUrl\":\"https:\\\/\\\/blogdiario.info\\\/magazine\\\/images\\\/2023\\\/12\\\/boris_20231208.jpg\",\"keywords\":[\"Argentina\",\"UK\"],\"articleSection\":[\".\",\".\",\"Actualidad\",\"Multilingue\",\"Politica\"],\"inLanguage\":\"es-AR\"},{\"@type\":\"WebPage\",\"@id\":\"https:\\\/\\\/blogdiario.info\\\/magazine\\\/2023\\\/12\\\/08\\\/despues-de-johnson-investigaran-al-presidente-fernandez-y-su-vice-por-la-gestion-de-la-pandemia\\\/\",\"url\":\"https:\\\/\\\/blogdiario.info\\\/magazine\\\/2023\\\/12\\\/08\\\/despues-de-johnson-investigaran-al-presidente-fernandez-y-su-vice-por-la-gestion-de-la-pandemia\\\/\",\"name\":\"Despu\u00e9s de Johnson, \u00bfinvestigar\u00e1n al Presidente Fernandez y a su vice por la gesti\u00f3n de la pandemia en Argentina? - BlogDiario Magazine\",\"isPartOf\":{\"@id\":\"https:\\\/\\\/blogdiario.info\\\/magazine\\\/#website\"},\"primaryImageOfPage\":{\"@id\":\"https:\\\/\\\/blogdiario.info\\\/magazine\\\/2023\\\/12\\\/08\\\/despues-de-johnson-investigaran-al-presidente-fernandez-y-su-vice-por-la-gestion-de-la-pandemia\\\/#primaryimage\"},\"image\":{\"@id\":\"https:\\\/\\\/blogdiario.info\\\/magazine\\\/2023\\\/12\\\/08\\\/despues-de-johnson-investigaran-al-presidente-fernandez-y-su-vice-por-la-gestion-de-la-pandemia\\\/#primaryimage\"},\"thumbnailUrl\":\"https:\\\/\\\/blogdiario.info\\\/magazine\\\/images\\\/2023\\\/12\\\/boris_20231208.jpg\",\"datePublished\":\"2023-12-08T14:30:51+00:00\",\"dateModified\":\"2023-12-08T14:39:42+00:00\",\"breadcrumb\":{\"@id\":\"https:\\\/\\\/blogdiario.info\\\/magazine\\\/2023\\\/12\\\/08\\\/despues-de-johnson-investigaran-al-presidente-fernandez-y-su-vice-por-la-gestion-de-la-pandemia\\\/#breadcrumb\"},\"inLanguage\":\"es-AR\",\"potentialAction\":[{\"@type\":\"ReadAction\",\"target\":[\"https:\\\/\\\/blogdiario.info\\\/magazine\\\/2023\\\/12\\\/08\\\/despues-de-johnson-investigaran-al-presidente-fernandez-y-su-vice-por-la-gestion-de-la-pandemia\\\/\"]}]},{\"@type\":\"ImageObject\",\"inLanguage\":\"es-AR\",\"@id\":\"https:\\\/\\\/blogdiario.info\\\/magazine\\\/2023\\\/12\\\/08\\\/despues-de-johnson-investigaran-al-presidente-fernandez-y-su-vice-por-la-gestion-de-la-pandemia\\\/#primaryimage\",\"url\":\"https:\\\/\\\/blogdiario.info\\\/magazine\\\/images\\\/2023\\\/12\\\/boris_20231208.jpg\",\"contentUrl\":\"https:\\\/\\\/blogdiario.info\\\/magazine\\\/images\\\/2023\\\/12\\\/boris_20231208.jpg\",\"width\":600,\"height\":356},{\"@type\":\"BreadcrumbList\",\"@id\":\"https:\\\/\\\/blogdiario.info\\\/magazine\\\/2023\\\/12\\\/08\\\/despues-de-johnson-investigaran-al-presidente-fernandez-y-su-vice-por-la-gestion-de-la-pandemia\\\/#breadcrumb\",\"itemListElement\":[{\"@type\":\"ListItem\",\"position\":1,\"name\":\"Home\",\"item\":\"https:\\\/\\\/blogdiario.info\\\/magazine\\\/\"},{\"@type\":\"ListItem\",\"position\":2,\"name\":\"Despu\u00e9s de Johnson, \u00bfinvestigar\u00e1n al Presidente Fernandez y a su vice por la gesti\u00f3n de la pandemia en Argentina?\"}]},{\"@type\":\"WebSite\",\"@id\":\"https:\\\/\\\/blogdiario.info\\\/magazine\\\/#website\",\"url\":\"https:\\\/\\\/blogdiario.info\\\/magazine\\\/\",\"name\":\"BlogDiario Magazine\",\"description\":\"Suplemento multiling\u00fce de ElCanillita.Info\",\"publisher\":{\"@id\":\"https:\\\/\\\/blogdiario.info\\\/magazine\\\/#organization\"},\"potentialAction\":[{\"@type\":\"SearchAction\",\"target\":{\"@type\":\"EntryPoint\",\"urlTemplate\":\"https:\\\/\\\/blogdiario.info\\\/magazine\\\/?s={search_term_string}\"},\"query-input\":{\"@type\":\"PropertyValueSpecification\",\"valueRequired\":true,\"valueName\":\"search_term_string\"}}],\"inLanguage\":\"es-AR\"},{\"@type\":\"Organization\",\"@id\":\"https:\\\/\\\/blogdiario.info\\\/magazine\\\/#organization\",\"name\":\"Guzzo Photos & Graphic Publications\",\"url\":\"https:\\\/\\\/blogdiario.info\\\/magazine\\\/\",\"logo\":{\"@type\":\"ImageObject\",\"inLanguage\":\"es-AR\",\"@id\":\"https:\\\/\\\/blogdiario.info\\\/magazine\\\/#\\\/schema\\\/logo\\\/image\\\/\",\"url\":\"https:\\\/\\\/blogdiario.info\\\/magazine\\\/images\\\/2020\\\/01\\\/cropped-blogdia_magazine.jpg\",\"contentUrl\":\"https:\\\/\\\/blogdiario.info\\\/magazine\\\/images\\\/2020\\\/01\\\/cropped-blogdia_magazine.jpg\",\"width\":589,\"height\":55,\"caption\":\"Guzzo Photos & Graphic Publications\"},\"image\":{\"@id\":\"https:\\\/\\\/blogdiario.info\\\/magazine\\\/#\\\/schema\\\/logo\\\/image\\\/\"}},{\"@type\":\"Person\",\"@id\":\"https:\\\/\\\/blogdiario.info\\\/magazine\\\/#\\\/schema\\\/person\\\/b2422fe85574d945bad55513bb0c7354\",\"name\":\"World Press Service | Servicio de Prensa Mundial\"}]}<\/script>\n<!-- \/ Yoast SEO plugin. -->","yoast_head_json":{"title":"Despu\u00e9s de Johnson, \u00bfinvestigar\u00e1n al Presidente Fernandez y a su vice por la gesti\u00f3n de la pandemia en Argentina? - BlogDiario Magazine","robots":{"index":"index","follow":"follow","max-snippet":"max-snippet:-1","max-image-preview":"max-image-preview:large","max-video-preview":"max-video-preview:-1"},"canonical":"https:\/\/blogdiario.info\/magazine\/2023\/12\/08\/despues-de-johnson-investigaran-al-presidente-fernandez-y-su-vice-por-la-gestion-de-la-pandemia\/","og_locale":"es_ES","og_type":"article","og_title":"Despu\u00e9s de Johnson, \u00bfinvestigar\u00e1n al Presidente Fernandez y a su vice por la gesti\u00f3n de la pandemia en Argentina? - BlogDiario Magazine","og_description":"Intenso escrutinio de las decisiones y el liderazgo del ex primer ministro, as\u00ed como de la cultura en el n\u00famero 10, durante dos d\u00edas de testimonios en Paddington, al oeste de Londres.","og_url":"https:\/\/blogdiario.info\/magazine\/2023\/12\/08\/despues-de-johnson-investigaran-al-presidente-fernandez-y-su-vice-por-la-gestion-de-la-pandemia\/","og_site_name":"BlogDiario Magazine","article_published_time":"2023-12-08T14:30:51+00:00","article_modified_time":"2023-12-08T14:39:42+00:00","og_image":[{"width":600,"height":356,"url":"https:\/\/blogdiario.info\/magazine\/images\/2023\/12\/boris_20231208.jpg","type":"image\/jpeg"}],"author":"World Press Service | Servicio de Prensa Mundial","twitter_card":"summary_large_image","twitter_misc":{"Escrito por":"World Press Service | Servicio de Prensa Mundial","Tiempo de lectura":"1 minuto"},"schema":{"@context":"https:\/\/schema.org","@graph":[{"@type":"Article","@id":"https:\/\/blogdiario.info\/magazine\/2023\/12\/08\/despues-de-johnson-investigaran-al-presidente-fernandez-y-su-vice-por-la-gestion-de-la-pandemia\/#article","isPartOf":{"@id":"https:\/\/blogdiario.info\/magazine\/2023\/12\/08\/despues-de-johnson-investigaran-al-presidente-fernandez-y-su-vice-por-la-gestion-de-la-pandemia\/"},"author":{"name":"World Press Service | Servicio de Prensa Mundial","@id":"https:\/\/blogdiario.info\/magazine\/#\/schema\/person\/b2422fe85574d945bad55513bb0c7354"},"headline":"Despu\u00e9s de Johnson, \u00bfinvestigar\u00e1n al Presidente Fernandez y a su vice por la gesti\u00f3n de la pandemia en Argentina?","datePublished":"2023-12-08T14:30:51+00:00","dateModified":"2023-12-08T14:39:42+00:00","mainEntityOfPage":{"@id":"https:\/\/blogdiario.info\/magazine\/2023\/12\/08\/despues-de-johnson-investigaran-al-presidente-fernandez-y-su-vice-por-la-gestion-de-la-pandemia\/"},"wordCount":110,"publisher":{"@id":"https:\/\/blogdiario.info\/magazine\/#organization"},"image":{"@id":"https:\/\/blogdiario.info\/magazine\/2023\/12\/08\/despues-de-johnson-investigaran-al-presidente-fernandez-y-su-vice-por-la-gestion-de-la-pandemia\/#primaryimage"},"thumbnailUrl":"https:\/\/blogdiario.info\/magazine\/images\/2023\/12\/boris_20231208.jpg","keywords":["Argentina","UK"],"articleSection":[".",".","Actualidad","Multilingue","Politica"],"inLanguage":"es-AR"},{"@type":"WebPage","@id":"https:\/\/blogdiario.info\/magazine\/2023\/12\/08\/despues-de-johnson-investigaran-al-presidente-fernandez-y-su-vice-por-la-gestion-de-la-pandemia\/","url":"https:\/\/blogdiario.info\/magazine\/2023\/12\/08\/despues-de-johnson-investigaran-al-presidente-fernandez-y-su-vice-por-la-gestion-de-la-pandemia\/","name":"Despu\u00e9s de Johnson, \u00bfinvestigar\u00e1n al Presidente Fernandez y a su vice por la gesti\u00f3n de la pandemia en Argentina? - BlogDiario Magazine","isPartOf":{"@id":"https:\/\/blogdiario.info\/magazine\/#website"},"primaryImageOfPage":{"@id":"https:\/\/blogdiario.info\/magazine\/2023\/12\/08\/despues-de-johnson-investigaran-al-presidente-fernandez-y-su-vice-por-la-gestion-de-la-pandemia\/#primaryimage"},"image":{"@id":"https:\/\/blogdiario.info\/magazine\/2023\/12\/08\/despues-de-johnson-investigaran-al-presidente-fernandez-y-su-vice-por-la-gestion-de-la-pandemia\/#primaryimage"},"thumbnailUrl":"https:\/\/blogdiario.info\/magazine\/images\/2023\/12\/boris_20231208.jpg","datePublished":"2023-12-08T14:30:51+00:00","dateModified":"2023-12-08T14:39:42+00:00","breadcrumb":{"@id":"https:\/\/blogdiario.info\/magazine\/2023\/12\/08\/despues-de-johnson-investigaran-al-presidente-fernandez-y-su-vice-por-la-gestion-de-la-pandemia\/#breadcrumb"},"inLanguage":"es-AR","potentialAction":[{"@type":"ReadAction","target":["https:\/\/blogdiario.info\/magazine\/2023\/12\/08\/despues-de-johnson-investigaran-al-presidente-fernandez-y-su-vice-por-la-gestion-de-la-pandemia\/"]}]},{"@type":"ImageObject","inLanguage":"es-AR","@id":"https:\/\/blogdiario.info\/magazine\/2023\/12\/08\/despues-de-johnson-investigaran-al-presidente-fernandez-y-su-vice-por-la-gestion-de-la-pandemia\/#primaryimage","url":"https:\/\/blogdiario.info\/magazine\/images\/2023\/12\/boris_20231208.jpg","contentUrl":"https:\/\/blogdiario.info\/magazine\/images\/2023\/12\/boris_20231208.jpg","width":600,"height":356},{"@type":"BreadcrumbList","@id":"https:\/\/blogdiario.info\/magazine\/2023\/12\/08\/despues-de-johnson-investigaran-al-presidente-fernandez-y-su-vice-por-la-gestion-de-la-pandemia\/#breadcrumb","itemListElement":[{"@type":"ListItem","position":1,"name":"Home","item":"https:\/\/blogdiario.info\/magazine\/"},{"@type":"ListItem","position":2,"name":"Despu\u00e9s de Johnson, \u00bfinvestigar\u00e1n al Presidente Fernandez y a su vice por la gesti\u00f3n de la pandemia en Argentina?"}]},{"@type":"WebSite","@id":"https:\/\/blogdiario.info\/magazine\/#website","url":"https:\/\/blogdiario.info\/magazine\/","name":"BlogDiario Magazine","description":"Suplemento multiling\u00fce de ElCanillita.Info","publisher":{"@id":"https:\/\/blogdiario.info\/magazine\/#organization"},"potentialAction":[{"@type":"SearchAction","target":{"@type":"EntryPoint","urlTemplate":"https:\/\/blogdiario.info\/magazine\/?s={search_term_string}"},"query-input":{"@type":"PropertyValueSpecification","valueRequired":true,"valueName":"search_term_string"}}],"inLanguage":"es-AR"},{"@type":"Organization","@id":"https:\/\/blogdiario.info\/magazine\/#organization","name":"Guzzo Photos & Graphic Publications","url":"https:\/\/blogdiario.info\/magazine\/","logo":{"@type":"ImageObject","inLanguage":"es-AR","@id":"https:\/\/blogdiario.info\/magazine\/#\/schema\/logo\/image\/","url":"https:\/\/blogdiario.info\/magazine\/images\/2020\/01\/cropped-blogdia_magazine.jpg","contentUrl":"https:\/\/blogdiario.info\/magazine\/images\/2020\/01\/cropped-blogdia_magazine.jpg","width":589,"height":55,"caption":"Guzzo Photos & Graphic Publications"},"image":{"@id":"https:\/\/blogdiario.info\/magazine\/#\/schema\/logo\/image\/"}},{"@type":"Person","@id":"https:\/\/blogdiario.info\/magazine\/#\/schema\/person\/b2422fe85574d945bad55513bb0c7354","name":"World Press Service | Servicio de Prensa Mundial"}]}},"views":1194,"_links":{"self":[{"href":"https:\/\/blogdiario.info\/magazine\/wp-json\/wp\/v2\/posts\/1109","targetHints":{"allow":["GET"]}}],"collection":[{"href":"https:\/\/blogdiario.info\/magazine\/wp-json\/wp\/v2\/posts"}],"about":[{"href":"https:\/\/blogdiario.info\/magazine\/wp-json\/wp\/v2\/types\/post"}],"author":[{"embeddable":true,"href":"https:\/\/blogdiario.info\/magazine\/wp-json\/wp\/v2\/users\/1"}],"replies":[{"embeddable":true,"href":"https:\/\/blogdiario.info\/magazine\/wp-json\/wp\/v2\/comments?post=1109"}],"version-history":[{"count":0,"href":"https:\/\/blogdiario.info\/magazine\/wp-json\/wp\/v2\/posts\/1109\/revisions"}],"wp:featuredmedia":[{"embeddable":true,"href":"https:\/\/blogdiario.info\/magazine\/wp-json\/wp\/v2\/media\/1110"}],"wp:attachment":[{"href":"https:\/\/blogdiario.info\/magazine\/wp-json\/wp\/v2\/media?parent=1109"}],"wp:term":[{"taxonomy":"category","embeddable":true,"href":"https:\/\/blogdiario.info\/magazine\/wp-json\/wp\/v2\/categories?post=1109"},{"taxonomy":"post_tag","embeddable":true,"href":"https:\/\/blogdiario.info\/magazine\/wp-json\/wp\/v2\/tags?post=1109"}],"curies":[{"name":"wp","href":"https:\/\/api.w.org\/{rel}","templated":true}]}}