{"id":1104,"date":"2023-12-03T21:56:59","date_gmt":"2023-12-03T20:56:59","guid":{"rendered":"https:\/\/blogdiario.info\/magazine\/?p=1104"},"modified":"2023-12-03T22:00:29","modified_gmt":"2023-12-03T21:00:29","slug":"la-ue-cancela-viaje-del-representante-a-brasil-mientras-retroceden-perspectivas-de-acuerdo-con-mercosur","status":"publish","type":"post","link":"https:\/\/blogdiario.info\/magazine\/2023\/12\/03\/la-ue-cancela-viaje-del-representante-a-brasil-mientras-retroceden-perspectivas-de-acuerdo-con-mercosur\/","title":{"rendered":"La UE cancela viaje del representante a Brasil mientras retroceden perspectivas de acuerdo con Mercosur"},"content":{"rendered":"\n<figure class=\"wp-block-image size-full\"><img loading=\"lazy\" decoding=\"async\" width=\"600\" height=\"377\" src=\"https:\/\/blogdiario.info\/magazine\/images\/2023\/12\/mac_2__20231203.jpg\" alt=\"\" class=\"wp-image-1106\" srcset=\"https:\/\/blogdiario.info\/magazine\/images\/2023\/12\/mac_2__20231203.jpg 600w, https:\/\/blogdiario.info\/magazine\/images\/2023\/12\/mac_2__20231203-300x189.jpg 300w\" sizes=\"auto, (max-width: 600px) 100vw, 600px\" \/><figcaption class=\"wp-element-caption\">Valdis Dombrovskis, vicepresidente de la Comisi\u00f3n Europea y Comisario europeo del Euro y de Di\u00e1logo Social.<\/figcaption><\/figure>\n\n\n\n<p><strong>BlogDiario.info, 3\/12\/2023<\/strong><br>El vicepresidente de la UE cancela su viaje a Brasil mientras las perspectivas de un acuerdo con Mercosur disminuyen.<\/p>\n\n\n\n<p>Valdis Dombrovskis, cancel\u00f3 un viaje a Brasil para finalizar el acuerdo comercial con el grupo sudamericano de pa\u00edses del Mercosur que incluyen a Brasil, Argentina, Uruguay y Paraguay,  previsto para el 7 de Diciembre, porque disminuyeron las perspectivas de completar el acuerdo este a\u00f1o.<\/p>\n\n\n\n<p>Pero el tan esperado acuerdo ha enfrentado reveses, incluido un cambio de gobierno en Argentina y una expresi\u00f3n p\u00fablica de oposici\u00f3n por parte del presidente franc\u00e9s Emmanuel Macron.<\/p>\n\n\n\n<p>Macron gener\u00f3 incertidumbre sobre la finalizaci\u00f3n del acuerdo luego de una reuni\u00f3n con el presidente brasile\u00f1o Luiz In\u00e1cio Lula da Silva en la cumbre clim\u00e1tica COP28 de la ONU el s\u00e1bado. El l\u00edder franc\u00e9s dijo que le preocupaba la falta de objetivos medioambientales.<\/p>\n\n\n\n<p>\u201cEstoy en contra del acuerdo del Mercosur con la Uni\u00f3n Europea. Es un acuerdo completamente contradictorio con lo que Lula est\u00e1 haciendo en Brasil y con lo que estamos haciendo nosotros. Es un acuerdo que se negoci\u00f3 hace 20 a\u00f1os y que hemos tratado de enmendar, y que ha sido mal enmendado\u201d, dijo Macron.<\/p>\n\n\n\n<p>\u201cNo puedo pedir a nuestros agricultores, a nuestros industriales en Francia, pero tambi\u00e9n en toda Europa, que se esfuercen por aplicar nuevas normas para descontaminar\u201d. . . y luego decir de repente: &#8216;Voy a eliminar todos los aranceles para permitir la entrada de productos que no aplican estas reglas&#8217;\u201d.<\/p>\n\n\n\n<figure class=\"wp-block-image size-full is-resized\"><img loading=\"lazy\" decoding=\"async\" width=\"600\" height=\"399\" src=\"https:\/\/blogdiario.info\/magazine\/images\/2023\/12\/mac_20231203.jpg\" alt=\"\" class=\"wp-image-1105\" style=\"aspect-ratio:1.5037593984962405;width:733px;height:auto\" srcset=\"https:\/\/blogdiario.info\/magazine\/images\/2023\/12\/mac_20231203.jpg 600w, https:\/\/blogdiario.info\/magazine\/images\/2023\/12\/mac_20231203-300x200.jpg 300w\" sizes=\"auto, (max-width: 600px) 100vw, 600px\" \/><figcaption class=\"wp-element-caption\">Emmanuel Macron y Luiz In\u00e1cio Lula da Silva en la cumbre clim\u00e1tica COP28 el s\u00e1bado<\/figcaption><\/figure>\n\n\n\n<p>Los comentarios de Macron han frustrado a los funcionarios de la UE que esperaban estar cerca de cerrar un acuerdo que ha estado en negociaciones durante dos d\u00e9cadas.<\/p>\n\n\n\n<p>Un pr\u00f3ximo cambio de gobierno en Argentina tambi\u00e9n ha generado dudas. El presidente electo Javier Milei, ha criticado anteriormente al bloque Mercosur por considerarlo proteccionista. Su ministra de Asuntos Exteriores designada dijo la semana pasada en una conferencia empresarial que apoyaba el acuerdo con la UE y que: &#8220;Ser\u00eda mucho mejor tener el acuerdo que no tenerlo&#8221;.<\/p>\n\n\n\n<p>Pero Milei y su administraci\u00f3n asumir\u00e1n el cargo el 10 de diciembre, lo que complica a\u00fan m\u00e1s el cronograma para el acuerdo, porque los designados comerciales del nuevo gobierno no asumir\u00e1n sus cargos hasta despu\u00e9s de la reuni\u00f3n del Mercosur en Brasil.<\/p>\n\n\n\n<p>Dos diplom\u00e1ticos de la UE dijeron que las posibilidades de llegar a un acuerdo este a\u00f1o estaban disminuyendo, Las conversaciones para lograrlo podr\u00edan colapsar por completo para el verano de 2024.<\/p>\n\n\n\n<p>Los negociadores se han enfrentado a una serie de reveses relacionados con el deseo de la UE de agregar m\u00e1s compromisos ambientales desde un acuerdo provisional en 2019.<\/p>\n\n\n\n<p>Un alto diplom\u00e1tico brasile\u00f1o dijo que Brasilia ten\u00eda la intenci\u00f3n de &#8220;seguir trabajando con la Comisi\u00f3n Europea y el nuevo gobierno argentino, ya que estamos cerca de un acuerdo&#8221;. El gobierno de Milei hab\u00eda indicado que quer\u00eda que el acuerdo se llevara a cabo, dijo el diplom\u00e1tico.<\/p>\n\n\n\n<p>Los pr\u00f3ximos d\u00edas, que coinciden con el fin de la presidencia rotatoria de Brasil en el Mercosur, ser\u00e1n vitales para finalizar el acuerdo, que ser\u00eda el primero entre el bloque Mercosur y uno de sus socios comerciales. Cubrir\u00eda pa\u00edses con una poblaci\u00f3n total de 780 millones de personas.<\/p>\n\n\n\n<p>El presidente paraguayo, Santiago Pe\u00f1a, tambi\u00e9n advirti\u00f3 que el Mercosur podr\u00eda retirarse si la UE no finaliza el tratado antes del 6 de diciembre.<\/p>\n\n\n\n<p>Las cuestiones pendientes incluyen la competencia en la contrataci\u00f3n p\u00fablica y las preocupaciones sobre la legislaci\u00f3n de deforestaci\u00f3n y los requisitos ambientales de la UE.<\/p>\n\n\n\n<p>El presidente Lula conversar\u00e1 en Berl\u00edn el domingo con el canciller alem\u00e1n Olaf Scholz. A diferencia de Francia, el gobierno de coalici\u00f3n de Alemania ha respaldado el acuerdo.<\/p>\n\n\n\n<p><strong>Gesti\u00f3n del cambio clim\u00e1tico<\/strong><\/p>\n\n\n\n<p>El enfoque de Brasil en granjas y bosques para reducir las emisiones corre el riesgo de sufrir un rev\u00e9s por el petr\u00f3leo.<\/p>\n\n\n\n<p>Luisa Santos, subdirectora general del organismo industrial BusinessEurope, dijo que el acuerdo era crucial para el crecimiento econ\u00f3mico del bloque.<\/p>\n\n\n\n<p>\u201cMercosur es muy importante en un momento en el que nuestra econom\u00eda enfrenta vientos en contra y las empresas luchan por seguir siendo competitivas. No hacer Mercosur es un error terrible desde el punto de vista pol\u00edtico, econ\u00f3mico y de desarrollo sostenible\u201d, afirm\u00f3 Santos.<\/p>\n\n\n\n<p>Un portavoz de la comisi\u00f3n dijo que la UE y Mercosur estaban &#8220;inmersos en debates intensos con miras a finalizar un acuerdo pol\u00edtico, de cooperaci\u00f3n y comercial&#8221;.<\/p>\n\n\n\n<p>&#8220;Las negociaciones continuar\u00e1n con un esp\u00edritu constructivo y con la ambici\u00f3n de concluir lo m\u00e1s r\u00e1pido posible&#8221;.<br><br><small>Copyright \u00a9 2023 BlogDiario.info \/ SalaStampa.Eu &#8211; servicio mundial de prensa<\/small><br><br><a href=\"https:\/\/www.giffgaff.com\/orders\/affiliate\/elcanillita_1568653375683\" target=\"_blank\" rel=\"noreferrer noopener\"><\/a><a href=\"https:\/\/www.giffgaff.com\/orders\/affiliate\/elcanillita_1568653375683\" target=\"_blank\" rel=\"noreferrer noopener\"><\/a><a href=\"https:\/\/www.giffgaff.com\/orders\/affiliate\/elcanillita_1568653375683\" target=\"_blank\" rel=\"noreferrer noopener\"><\/a><a href=\"https:\/\/www.giffgaff.com\/orders\/affiliate\/elcanillita_1568653375683\" target=\"_blank\" rel=\"noreferrer noopener\"><\/a><a href=\"https:\/\/www.giffgaff.com\/orders\/affiliate\/elcanillita_1568653375683\" target=\"_blank\" rel=\"noreferrer noopener\"><\/a><\/p>\n\n\n\n<figure class=\"wp-block-image\"><a href=\"https:\/\/www.giffgaff.com\/orders\/affiliate\/elcanillita_1568653375683\" target=\"_blank\" rel=\"noreferrer noopener\"><img decoding=\"async\" src=\"https:\/\/static.giffgaff.com\/design-system\/brand\/latest\/spread-banners\/04_173x26_v2.webp\" alt=\"Get a free giffgaff Sim\"\/><\/a><\/figure>\n\n\n\n<p><br>\u200b<\/p>\n","protected":false},"excerpt":{"rendered":"<p>Valdis Dombrovskis deb\u00eda viajar a R\u00edo para una reuni\u00f3n del Mercosur, que incluyen a Brasil, Argentina, Uruguay y Paraguay.<\/p>\n","protected":false},"author":1,"featured_media":1106,"comment_status":"closed","ping_status":"closed","sticky":false,"template":"","format":"standard","meta":{"footnotes":"","_links_to":"","_links_to_target":""},"categories":[97,109,62,38,46,41],"tags":[23,128,105],"class_list":["post-1104","post","type-post","status-publish","format-standard","has-post-thumbnail","hentry","category-elcanillita","category-dc24","category-actualidad","category-economia-esp","category-europa","category-politica-esp","tag-argentina","tag-mercosur","tag-ue","entry","rows"],"yoast_head":"<!-- This site is optimized with the Yoast SEO plugin v27.4 - https:\/\/yoast.com\/product\/yoast-seo-wordpress\/ -->\n<title>La UE cancela viaje del representante a Brasil mientras retroceden perspectivas de acuerdo con Mercosur - BlogDiario Magazine<\/title>\n<meta name=\"robots\" content=\"index, follow, max-snippet:-1, max-image-preview:large, max-video-preview:-1\" \/>\n<link rel=\"canonical\" href=\"https:\/\/blogdiario.info\/magazine\/2023\/12\/03\/la-ue-cancela-viaje-del-representante-a-brasil-mientras-retroceden-perspectivas-de-acuerdo-con-mercosur\/\" \/>\n<meta property=\"og:locale\" content=\"es_ES\" \/>\n<meta property=\"og:type\" content=\"article\" \/>\n<meta property=\"og:title\" content=\"La UE cancela viaje del representante a Brasil mientras retroceden perspectivas de acuerdo con Mercosur - BlogDiario Magazine\" \/>\n<meta property=\"og:description\" content=\"Valdis Dombrovskis deb\u00eda viajar a R\u00edo para una reuni\u00f3n del Mercosur, que incluyen a Brasil, Argentina, Uruguay y Paraguay.\" \/>\n<meta property=\"og:url\" content=\"https:\/\/blogdiario.info\/magazine\/2023\/12\/03\/la-ue-cancela-viaje-del-representante-a-brasil-mientras-retroceden-perspectivas-de-acuerdo-con-mercosur\/\" \/>\n<meta property=\"og:site_name\" content=\"BlogDiario Magazine\" \/>\n<meta property=\"article:published_time\" content=\"2023-12-03T20:56:59+00:00\" \/>\n<meta property=\"article:modified_time\" content=\"2023-12-03T21:00:29+00:00\" \/>\n<meta property=\"og:image\" content=\"https:\/\/blogdiario.info\/magazine\/images\/2023\/12\/mac_2__20231203.jpg\" \/>\n\t<meta property=\"og:image:width\" content=\"600\" \/>\n\t<meta property=\"og:image:height\" content=\"377\" \/>\n\t<meta property=\"og:image:type\" content=\"image\/jpeg\" \/>\n<meta name=\"author\" content=\"World Press Service | Servicio de Prensa Mundial\" \/>\n<meta name=\"twitter:card\" content=\"summary_large_image\" \/>\n<meta name=\"twitter:label1\" content=\"Escrito por\" \/>\n\t<meta name=\"twitter:data1\" content=\"World Press Service | Servicio de Prensa Mundial\" \/>\n\t<meta name=\"twitter:label2\" content=\"Tiempo de lectura\" \/>\n\t<meta name=\"twitter:data2\" content=\"5 minutos\" \/>\n<script type=\"application\/ld+json\" class=\"yoast-schema-graph\">{\"@context\":\"https:\\\/\\\/schema.org\",\"@graph\":[{\"@type\":\"Article\",\"@id\":\"https:\\\/\\\/blogdiario.info\\\/magazine\\\/2023\\\/12\\\/03\\\/la-ue-cancela-viaje-del-representante-a-brasil-mientras-retroceden-perspectivas-de-acuerdo-con-mercosur\\\/#article\",\"isPartOf\":{\"@id\":\"https:\\\/\\\/blogdiario.info\\\/magazine\\\/2023\\\/12\\\/03\\\/la-ue-cancela-viaje-del-representante-a-brasil-mientras-retroceden-perspectivas-de-acuerdo-con-mercosur\\\/\"},\"author\":{\"name\":\"World Press Service | Servicio de Prensa Mundial\",\"@id\":\"https:\\\/\\\/blogdiario.info\\\/magazine\\\/#\\\/schema\\\/person\\\/b2422fe85574d945bad55513bb0c7354\"},\"headline\":\"La UE cancela viaje del representante a Brasil mientras retroceden perspectivas de acuerdo con Mercosur\",\"datePublished\":\"2023-12-03T20:56:59+00:00\",\"dateModified\":\"2023-12-03T21:00:29+00:00\",\"mainEntityOfPage\":{\"@id\":\"https:\\\/\\\/blogdiario.info\\\/magazine\\\/2023\\\/12\\\/03\\\/la-ue-cancela-viaje-del-representante-a-brasil-mientras-retroceden-perspectivas-de-acuerdo-con-mercosur\\\/\"},\"wordCount\":856,\"publisher\":{\"@id\":\"https:\\\/\\\/blogdiario.info\\\/magazine\\\/#organization\"},\"image\":{\"@id\":\"https:\\\/\\\/blogdiario.info\\\/magazine\\\/2023\\\/12\\\/03\\\/la-ue-cancela-viaje-del-representante-a-brasil-mientras-retroceden-perspectivas-de-acuerdo-con-mercosur\\\/#primaryimage\"},\"thumbnailUrl\":\"https:\\\/\\\/blogdiario.info\\\/magazine\\\/images\\\/2023\\\/12\\\/mac_2__20231203.jpg\",\"keywords\":[\"Argentina\",\"Mercosur\",\"UE\"],\"articleSection\":[\".\",\".\",\"Actualidad\",\"Economia\",\"Europa\",\"Politica\"],\"inLanguage\":\"es-AR\"},{\"@type\":\"WebPage\",\"@id\":\"https:\\\/\\\/blogdiario.info\\\/magazine\\\/2023\\\/12\\\/03\\\/la-ue-cancela-viaje-del-representante-a-brasil-mientras-retroceden-perspectivas-de-acuerdo-con-mercosur\\\/\",\"url\":\"https:\\\/\\\/blogdiario.info\\\/magazine\\\/2023\\\/12\\\/03\\\/la-ue-cancela-viaje-del-representante-a-brasil-mientras-retroceden-perspectivas-de-acuerdo-con-mercosur\\\/\",\"name\":\"La UE cancela viaje del representante a Brasil mientras retroceden perspectivas de acuerdo con Mercosur - BlogDiario Magazine\",\"isPartOf\":{\"@id\":\"https:\\\/\\\/blogdiario.info\\\/magazine\\\/#website\"},\"primaryImageOfPage\":{\"@id\":\"https:\\\/\\\/blogdiario.info\\\/magazine\\\/2023\\\/12\\\/03\\\/la-ue-cancela-viaje-del-representante-a-brasil-mientras-retroceden-perspectivas-de-acuerdo-con-mercosur\\\/#primaryimage\"},\"image\":{\"@id\":\"https:\\\/\\\/blogdiario.info\\\/magazine\\\/2023\\\/12\\\/03\\\/la-ue-cancela-viaje-del-representante-a-brasil-mientras-retroceden-perspectivas-de-acuerdo-con-mercosur\\\/#primaryimage\"},\"thumbnailUrl\":\"https:\\\/\\\/blogdiario.info\\\/magazine\\\/images\\\/2023\\\/12\\\/mac_2__20231203.jpg\",\"datePublished\":\"2023-12-03T20:56:59+00:00\",\"dateModified\":\"2023-12-03T21:00:29+00:00\",\"breadcrumb\":{\"@id\":\"https:\\\/\\\/blogdiario.info\\\/magazine\\\/2023\\\/12\\\/03\\\/la-ue-cancela-viaje-del-representante-a-brasil-mientras-retroceden-perspectivas-de-acuerdo-con-mercosur\\\/#breadcrumb\"},\"inLanguage\":\"es-AR\",\"potentialAction\":[{\"@type\":\"ReadAction\",\"target\":[\"https:\\\/\\\/blogdiario.info\\\/magazine\\\/2023\\\/12\\\/03\\\/la-ue-cancela-viaje-del-representante-a-brasil-mientras-retroceden-perspectivas-de-acuerdo-con-mercosur\\\/\"]}]},{\"@type\":\"ImageObject\",\"inLanguage\":\"es-AR\",\"@id\":\"https:\\\/\\\/blogdiario.info\\\/magazine\\\/2023\\\/12\\\/03\\\/la-ue-cancela-viaje-del-representante-a-brasil-mientras-retroceden-perspectivas-de-acuerdo-con-mercosur\\\/#primaryimage\",\"url\":\"https:\\\/\\\/blogdiario.info\\\/magazine\\\/images\\\/2023\\\/12\\\/mac_2__20231203.jpg\",\"contentUrl\":\"https:\\\/\\\/blogdiario.info\\\/magazine\\\/images\\\/2023\\\/12\\\/mac_2__20231203.jpg\",\"width\":600,\"height\":377},{\"@type\":\"BreadcrumbList\",\"@id\":\"https:\\\/\\\/blogdiario.info\\\/magazine\\\/2023\\\/12\\\/03\\\/la-ue-cancela-viaje-del-representante-a-brasil-mientras-retroceden-perspectivas-de-acuerdo-con-mercosur\\\/#breadcrumb\",\"itemListElement\":[{\"@type\":\"ListItem\",\"position\":1,\"name\":\"Home\",\"item\":\"https:\\\/\\\/blogdiario.info\\\/magazine\\\/\"},{\"@type\":\"ListItem\",\"position\":2,\"name\":\"La UE cancela viaje del representante a Brasil mientras retroceden perspectivas de acuerdo con Mercosur\"}]},{\"@type\":\"WebSite\",\"@id\":\"https:\\\/\\\/blogdiario.info\\\/magazine\\\/#website\",\"url\":\"https:\\\/\\\/blogdiario.info\\\/magazine\\\/\",\"name\":\"BlogDiario Magazine\",\"description\":\"Suplemento multiling\u00fce de ElCanillita.Info\",\"publisher\":{\"@id\":\"https:\\\/\\\/blogdiario.info\\\/magazine\\\/#organization\"},\"potentialAction\":[{\"@type\":\"SearchAction\",\"target\":{\"@type\":\"EntryPoint\",\"urlTemplate\":\"https:\\\/\\\/blogdiario.info\\\/magazine\\\/?s={search_term_string}\"},\"query-input\":{\"@type\":\"PropertyValueSpecification\",\"valueRequired\":true,\"valueName\":\"search_term_string\"}}],\"inLanguage\":\"es-AR\"},{\"@type\":\"Organization\",\"@id\":\"https:\\\/\\\/blogdiario.info\\\/magazine\\\/#organization\",\"name\":\"Guzzo Photos & Graphic Publications\",\"url\":\"https:\\\/\\\/blogdiario.info\\\/magazine\\\/\",\"logo\":{\"@type\":\"ImageObject\",\"inLanguage\":\"es-AR\",\"@id\":\"https:\\\/\\\/blogdiario.info\\\/magazine\\\/#\\\/schema\\\/logo\\\/image\\\/\",\"url\":\"https:\\\/\\\/blogdiario.info\\\/magazine\\\/images\\\/2020\\\/01\\\/cropped-blogdia_magazine.jpg\",\"contentUrl\":\"https:\\\/\\\/blogdiario.info\\\/magazine\\\/images\\\/2020\\\/01\\\/cropped-blogdia_magazine.jpg\",\"width\":589,\"height\":55,\"caption\":\"Guzzo Photos & Graphic Publications\"},\"image\":{\"@id\":\"https:\\\/\\\/blogdiario.info\\\/magazine\\\/#\\\/schema\\\/logo\\\/image\\\/\"}},{\"@type\":\"Person\",\"@id\":\"https:\\\/\\\/blogdiario.info\\\/magazine\\\/#\\\/schema\\\/person\\\/b2422fe85574d945bad55513bb0c7354\",\"name\":\"World Press Service | Servicio de Prensa Mundial\"}]}<\/script>\n<!-- \/ Yoast SEO plugin. -->","yoast_head_json":{"title":"La UE cancela viaje del representante a Brasil mientras retroceden perspectivas de acuerdo con Mercosur - BlogDiario Magazine","robots":{"index":"index","follow":"follow","max-snippet":"max-snippet:-1","max-image-preview":"max-image-preview:large","max-video-preview":"max-video-preview:-1"},"canonical":"https:\/\/blogdiario.info\/magazine\/2023\/12\/03\/la-ue-cancela-viaje-del-representante-a-brasil-mientras-retroceden-perspectivas-de-acuerdo-con-mercosur\/","og_locale":"es_ES","og_type":"article","og_title":"La UE cancela viaje del representante a Brasil mientras retroceden perspectivas de acuerdo con Mercosur - BlogDiario Magazine","og_description":"Valdis Dombrovskis deb\u00eda viajar a R\u00edo para una reuni\u00f3n del Mercosur, que incluyen a Brasil, Argentina, Uruguay y Paraguay.","og_url":"https:\/\/blogdiario.info\/magazine\/2023\/12\/03\/la-ue-cancela-viaje-del-representante-a-brasil-mientras-retroceden-perspectivas-de-acuerdo-con-mercosur\/","og_site_name":"BlogDiario Magazine","article_published_time":"2023-12-03T20:56:59+00:00","article_modified_time":"2023-12-03T21:00:29+00:00","og_image":[{"width":600,"height":377,"url":"https:\/\/blogdiario.info\/magazine\/images\/2023\/12\/mac_2__20231203.jpg","type":"image\/jpeg"}],"author":"World Press Service | Servicio de Prensa Mundial","twitter_card":"summary_large_image","twitter_misc":{"Escrito por":"World Press Service | Servicio de Prensa Mundial","Tiempo de lectura":"5 minutos"},"schema":{"@context":"https:\/\/schema.org","@graph":[{"@type":"Article","@id":"https:\/\/blogdiario.info\/magazine\/2023\/12\/03\/la-ue-cancela-viaje-del-representante-a-brasil-mientras-retroceden-perspectivas-de-acuerdo-con-mercosur\/#article","isPartOf":{"@id":"https:\/\/blogdiario.info\/magazine\/2023\/12\/03\/la-ue-cancela-viaje-del-representante-a-brasil-mientras-retroceden-perspectivas-de-acuerdo-con-mercosur\/"},"author":{"name":"World Press Service | Servicio de Prensa Mundial","@id":"https:\/\/blogdiario.info\/magazine\/#\/schema\/person\/b2422fe85574d945bad55513bb0c7354"},"headline":"La UE cancela viaje del representante a Brasil mientras retroceden perspectivas de acuerdo con Mercosur","datePublished":"2023-12-03T20:56:59+00:00","dateModified":"2023-12-03T21:00:29+00:00","mainEntityOfPage":{"@id":"https:\/\/blogdiario.info\/magazine\/2023\/12\/03\/la-ue-cancela-viaje-del-representante-a-brasil-mientras-retroceden-perspectivas-de-acuerdo-con-mercosur\/"},"wordCount":856,"publisher":{"@id":"https:\/\/blogdiario.info\/magazine\/#organization"},"image":{"@id":"https:\/\/blogdiario.info\/magazine\/2023\/12\/03\/la-ue-cancela-viaje-del-representante-a-brasil-mientras-retroceden-perspectivas-de-acuerdo-con-mercosur\/#primaryimage"},"thumbnailUrl":"https:\/\/blogdiario.info\/magazine\/images\/2023\/12\/mac_2__20231203.jpg","keywords":["Argentina","Mercosur","UE"],"articleSection":[".",".","Actualidad","Economia","Europa","Politica"],"inLanguage":"es-AR"},{"@type":"WebPage","@id":"https:\/\/blogdiario.info\/magazine\/2023\/12\/03\/la-ue-cancela-viaje-del-representante-a-brasil-mientras-retroceden-perspectivas-de-acuerdo-con-mercosur\/","url":"https:\/\/blogdiario.info\/magazine\/2023\/12\/03\/la-ue-cancela-viaje-del-representante-a-brasil-mientras-retroceden-perspectivas-de-acuerdo-con-mercosur\/","name":"La UE cancela viaje del representante a Brasil mientras retroceden perspectivas de acuerdo con Mercosur - BlogDiario Magazine","isPartOf":{"@id":"https:\/\/blogdiario.info\/magazine\/#website"},"primaryImageOfPage":{"@id":"https:\/\/blogdiario.info\/magazine\/2023\/12\/03\/la-ue-cancela-viaje-del-representante-a-brasil-mientras-retroceden-perspectivas-de-acuerdo-con-mercosur\/#primaryimage"},"image":{"@id":"https:\/\/blogdiario.info\/magazine\/2023\/12\/03\/la-ue-cancela-viaje-del-representante-a-brasil-mientras-retroceden-perspectivas-de-acuerdo-con-mercosur\/#primaryimage"},"thumbnailUrl":"https:\/\/blogdiario.info\/magazine\/images\/2023\/12\/mac_2__20231203.jpg","datePublished":"2023-12-03T20:56:59+00:00","dateModified":"2023-12-03T21:00:29+00:00","breadcrumb":{"@id":"https:\/\/blogdiario.info\/magazine\/2023\/12\/03\/la-ue-cancela-viaje-del-representante-a-brasil-mientras-retroceden-perspectivas-de-acuerdo-con-mercosur\/#breadcrumb"},"inLanguage":"es-AR","potentialAction":[{"@type":"ReadAction","target":["https:\/\/blogdiario.info\/magazine\/2023\/12\/03\/la-ue-cancela-viaje-del-representante-a-brasil-mientras-retroceden-perspectivas-de-acuerdo-con-mercosur\/"]}]},{"@type":"ImageObject","inLanguage":"es-AR","@id":"https:\/\/blogdiario.info\/magazine\/2023\/12\/03\/la-ue-cancela-viaje-del-representante-a-brasil-mientras-retroceden-perspectivas-de-acuerdo-con-mercosur\/#primaryimage","url":"https:\/\/blogdiario.info\/magazine\/images\/2023\/12\/mac_2__20231203.jpg","contentUrl":"https:\/\/blogdiario.info\/magazine\/images\/2023\/12\/mac_2__20231203.jpg","width":600,"height":377},{"@type":"BreadcrumbList","@id":"https:\/\/blogdiario.info\/magazine\/2023\/12\/03\/la-ue-cancela-viaje-del-representante-a-brasil-mientras-retroceden-perspectivas-de-acuerdo-con-mercosur\/#breadcrumb","itemListElement":[{"@type":"ListItem","position":1,"name":"Home","item":"https:\/\/blogdiario.info\/magazine\/"},{"@type":"ListItem","position":2,"name":"La UE cancela viaje del representante a Brasil mientras retroceden perspectivas de acuerdo con Mercosur"}]},{"@type":"WebSite","@id":"https:\/\/blogdiario.info\/magazine\/#website","url":"https:\/\/blogdiario.info\/magazine\/","name":"BlogDiario Magazine","description":"Suplemento multiling\u00fce de ElCanillita.Info","publisher":{"@id":"https:\/\/blogdiario.info\/magazine\/#organization"},"potentialAction":[{"@type":"SearchAction","target":{"@type":"EntryPoint","urlTemplate":"https:\/\/blogdiario.info\/magazine\/?s={search_term_string}"},"query-input":{"@type":"PropertyValueSpecification","valueRequired":true,"valueName":"search_term_string"}}],"inLanguage":"es-AR"},{"@type":"Organization","@id":"https:\/\/blogdiario.info\/magazine\/#organization","name":"Guzzo Photos & Graphic Publications","url":"https:\/\/blogdiario.info\/magazine\/","logo":{"@type":"ImageObject","inLanguage":"es-AR","@id":"https:\/\/blogdiario.info\/magazine\/#\/schema\/logo\/image\/","url":"https:\/\/blogdiario.info\/magazine\/images\/2020\/01\/cropped-blogdia_magazine.jpg","contentUrl":"https:\/\/blogdiario.info\/magazine\/images\/2020\/01\/cropped-blogdia_magazine.jpg","width":589,"height":55,"caption":"Guzzo Photos & Graphic Publications"},"image":{"@id":"https:\/\/blogdiario.info\/magazine\/#\/schema\/logo\/image\/"}},{"@type":"Person","@id":"https:\/\/blogdiario.info\/magazine\/#\/schema\/person\/b2422fe85574d945bad55513bb0c7354","name":"World Press Service | Servicio de Prensa Mundial"}]}},"views":488,"_links":{"self":[{"href":"https:\/\/blogdiario.info\/magazine\/wp-json\/wp\/v2\/posts\/1104","targetHints":{"allow":["GET"]}}],"collection":[{"href":"https:\/\/blogdiario.info\/magazine\/wp-json\/wp\/v2\/posts"}],"about":[{"href":"https:\/\/blogdiario.info\/magazine\/wp-json\/wp\/v2\/types\/post"}],"author":[{"embeddable":true,"href":"https:\/\/blogdiario.info\/magazine\/wp-json\/wp\/v2\/users\/1"}],"replies":[{"embeddable":true,"href":"https:\/\/blogdiario.info\/magazine\/wp-json\/wp\/v2\/comments?post=1104"}],"version-history":[{"count":0,"href":"https:\/\/blogdiario.info\/magazine\/wp-json\/wp\/v2\/posts\/1104\/revisions"}],"wp:featuredmedia":[{"embeddable":true,"href":"https:\/\/blogdiario.info\/magazine\/wp-json\/wp\/v2\/media\/1106"}],"wp:attachment":[{"href":"https:\/\/blogdiario.info\/magazine\/wp-json\/wp\/v2\/media?parent=1104"}],"wp:term":[{"taxonomy":"category","embeddable":true,"href":"https:\/\/blogdiario.info\/magazine\/wp-json\/wp\/v2\/categories?post=1104"},{"taxonomy":"post_tag","embeddable":true,"href":"https:\/\/blogdiario.info\/magazine\/wp-json\/wp\/v2\/tags?post=1104"}],"curies":[{"name":"wp","href":"https:\/\/api.w.org\/{rel}","templated":true}]}}