{"id":1097,"date":"2023-12-03T17:09:36","date_gmt":"2023-12-03T16:09:36","guid":{"rendered":"https:\/\/blogdiario.info\/magazine\/?p=1097"},"modified":"2023-12-03T17:17:44","modified_gmt":"2023-12-03T16:17:44","slug":"espanto-parisense-un-hombre-muerto-y-dos-heridos-a-dos-pasos-de-la-torre-eiffel","status":"publish","type":"post","link":"https:\/\/blogdiario.info\/magazine\/2023\/12\/03\/espanto-parisense-un-hombre-muerto-y-dos-heridos-a-dos-pasos-de-la-torre-eiffel\/","title":{"rendered":"Espanto parisense: un hombre muerto y dos heridos a dos pasos de la Torre Eiffel"},"content":{"rendered":"\n<figure class=\"wp-block-image size-full\"><img loading=\"lazy\" decoding=\"async\" width=\"600\" height=\"376\" src=\"https:\/\/blogdiario.info\/magazine\/images\/2023\/12\/Paris_20231203.jpg\" alt=\"\" class=\"wp-image-1099\" srcset=\"https:\/\/blogdiario.info\/magazine\/images\/2023\/12\/Paris_20231203.jpg 600w, https:\/\/blogdiario.info\/magazine\/images\/2023\/12\/Paris_20231203-300x188.jpg 300w\" sizes=\"auto, (max-width: 600px) 100vw, 600px\" \/><\/figure>\n\n\n\n<p><strong>ElCanillita.info 3\/12\/2023<\/strong><br>Un turista alem\u00e1n fue asesinado a pu\u00f1aladas y dos personas resultaron heridas en un atentado cerca de la Torre Eiffel.<\/p>\n\n\n\n<p>El sospechoso, un franco-iran\u00ed conocido por las autoridades como un islamista radical, fue perseguido por la polic\u00eda y detenido poco despu\u00e9s del incidente, que tuvo lugar alrededor de las 21.00 horas cerca del muelle de Grenelle, al oeste de la ciudad.<\/p>\n\n\n\n<p>El presidente Macron dijo en una publicaci\u00f3n en Twitter\/X que enviaba sus condolencias a la familia de la v\u00edctima del \u201cataque terrorista\u201d.<\/p>\n\n\n\n<p>Elisabeth Borne, la primera ministra, tuite\u00f3: \u201cNo cederemos ante el terrorismo. Nunca.&#8221;<\/p>\n\n\n\n<p>G\u00e9rard Darmanin, ministro del Interior, dijo que el sospechoso parec\u00eda haber apuntado a turistas manifestando a la polic\u00eda despu\u00e9s de su arresto, que ya no pod\u00eda soportar ver c\u00f3mo mataban a musulmanes en Afganist\u00e1n y los territorios palestinos. Acusando a Francia de ser \u201cc\u00f3mplice\u201d del ataque militar de Israel. El sospechoso dijo que quer\u00eda morir como m\u00e1rtir.<\/p>\n\n\n\n<p>No qued\u00f3 inmediatamente claro por qu\u00e9 se\u00f1al\u00f3 a su v\u00edctima, un turista alem\u00e1n de origen filipino, que estaba paseando con su esposa. No intent\u00f3 hacer da\u00f1o a la mujer pero luego, perseguido por la polic\u00eda a trav\u00e9s del r\u00edo Sena, hiri\u00f3 a un brit\u00e1nico con un martillo y a una segunda persona, supuestamente francesa, que sufr\u00eda un shock.<\/p>\n\n\n\n<p>Acorralado por los agentes, grit\u00f3 Allahu akbar (Dios es m\u00e1s grande) y los amenaz\u00f3 con un martillo antes de que le dispararan con una pistola Taser y lo arrestaran. La fiscal\u00eda de Par\u00eds dijo que se estaba llevando a cabo una investigaci\u00f3n sobre asesinato e intento de asesinato.<\/p>\n\n\n\n<p>Los dos heridos fueron atendidos por los servicios de emergencia. La polic\u00eda dijo a los turistas que se mantuvieran alejados de la zona.<\/p>\n\n\n\n<p>Los medios franceses informaron que el sospechoso, que naci\u00f3 en 1997 en el pr\u00f3spero suburbio occidental de Neuilly-sur-Seine, no lejos del lugar del ataque, hab\u00eda sido arrestado previamente por los servicios de inteligencia franceses por planear una &#8220;acci\u00f3n violenta&#8221; en La D\u00e9fense, un distrito comercial cercano de gran altura.<\/p>\n\n\n\n<p>Darmanin dijo que el sospechoso fue declarado culpable y sentenciado a cuatro a\u00f1os de c\u00e1rcel en 2016.<\/p>\n\n\n\n<p>No est\u00e1 claro cu\u00e1ndo fue puesto en libertad, pero estaba en una lista de vigilancia de terroristas y se dice que padec\u00eda trastornos psiqui\u00e1tricos. Viv\u00eda con sus padres en la regi\u00f3n de Esonne, al sur de Par\u00eds.<br><br><small>Copyright \u00a9 2023 BlogDiario.info \/ SalaStampa.Eu &#8211; servicio mundial de prensa<\/small><br><br><\/p>\n\n\n<div class=\"wp-block-image\">\n<figure class=\"aligncenter size-full is-resized\"><img loading=\"lazy\" decoding=\"async\" width=\"400\" height=\"267\" src=\"https:\/\/blogdiario.info\/magazine\/images\/2023\/12\/passypx400_20231203-1.jpg\" alt=\"\" class=\"wp-image-1100\" style=\"aspect-ratio:1.5;width:600px;height:auto\" srcset=\"https:\/\/blogdiario.info\/magazine\/images\/2023\/12\/passypx400_20231203-1.jpg 400w, https:\/\/blogdiario.info\/magazine\/images\/2023\/12\/passypx400_20231203-1-300x200.jpg 300w\" sizes=\"auto, (max-width: 400px) 100vw, 400px\" \/><\/figure><\/div>\n\n\n<div style=\"width:85%; padding-left:50px; font-size:0.8em; text-align: justify;\">\n<b>Puente de Bir-Hakeim<\/b><br>\nEl puente de Bir-Hakeim (pont de Bir-Hakeim), antes llamado puente de Passy (pont de Passy) es un puente parisino sobre el r\u00edo Sena situado entre el XV Distrito y el XVI Distrito de la ciudad. Fue declarado monumento hist\u00f3rico el 10 de julio de 1986.<br>\n<br>\nLa primera versi\u00f3n del puente, una pasarela met\u00e1lica de uso peatonal llamada pasarela de Passy fue construida para la exposici\u00f3n universal de 1878. En 1905 fue reconstruida, ya como puente, bajo la direcci\u00f3n de Louis Biette por la empresa Dayd\u00e9 &#038; Pill\u00e9. La decoraci\u00f3n fue obra de Camille-Jean Formig\u00e9.<br>\n<br> \nEn 1948 fue rebautizado con el nombre actual en recuerdo de la batalla de Bir Hakeim.<br><br>\nEn los a\u00f1os 1970 el puente fue objetivo terrorista del Ej\u00e9rcito Secreto Armenio para la Liberaci\u00f3n de Armenia dada la cercan\u00eda de la construcci\u00f3n con la embajada de Turqu\u00eda en Par\u00eds.\n<br><br>\n<small>Copyright \u00a9 2023 BlogDiario.info &#8211; Edited by Guzzo Photos &#038; Graphic Publications<\/small> \n<br><br>\n<\/div>\n","protected":false},"excerpt":{"rendered":"<p>La polic\u00eda asegura el acceso al puente Bir-Hakeim, a la sombra de la Torre Eiffel<br \/>\n\u200b<\/p>\n","protected":false},"author":1,"featured_media":1098,"comment_status":"closed","ping_status":"closed","sticky":false,"template":"","format":"standard","meta":{"footnotes":"","_links_to":"","_links_to_target":""},"categories":[97,109,62,46,119],"tags":[107],"class_list":["post-1097","post","type-post","status-publish","format-standard","has-post-thumbnail","hentry","category-elcanillita","category-dc24","category-actualidad","category-europa","category-guerra","tag-francia","entry","rows"],"yoast_head":"<!-- This site is optimized with the Yoast SEO plugin v27.4 - https:\/\/yoast.com\/product\/yoast-seo-wordpress\/ -->\n<title>Espanto parisense: un hombre muerto y dos heridos a dos pasos de la Torre Eiffel - BlogDiario Magazine<\/title>\n<meta name=\"robots\" content=\"index, follow, max-snippet:-1, max-image-preview:large, max-video-preview:-1\" \/>\n<link rel=\"canonical\" href=\"https:\/\/blogdiario.info\/magazine\/2023\/12\/03\/espanto-parisense-un-hombre-muerto-y-dos-heridos-a-dos-pasos-de-la-torre-eiffel\/\" \/>\n<meta property=\"og:locale\" content=\"es_ES\" \/>\n<meta property=\"og:type\" content=\"article\" \/>\n<meta property=\"og:title\" content=\"Espanto parisense: un hombre muerto y dos heridos a dos pasos de la Torre Eiffel - BlogDiario Magazine\" \/>\n<meta property=\"og:description\" content=\"La polic\u00eda asegura el acceso al puente Bir-Hakeim, a la sombra de la Torre Eiffel \u200b\" \/>\n<meta property=\"og:url\" content=\"https:\/\/blogdiario.info\/magazine\/2023\/12\/03\/espanto-parisense-un-hombre-muerto-y-dos-heridos-a-dos-pasos-de-la-torre-eiffel\/\" \/>\n<meta property=\"og:site_name\" content=\"BlogDiario Magazine\" \/>\n<meta property=\"article:published_time\" content=\"2023-12-03T16:09:36+00:00\" \/>\n<meta property=\"article:modified_time\" content=\"2023-12-03T16:17:44+00:00\" \/>\n<meta property=\"og:image\" content=\"https:\/\/blogdiario.info\/magazine\/images\/2023\/12\/Paris_II-20231203.jpg\" \/>\n\t<meta property=\"og:image:width\" content=\"600\" \/>\n\t<meta property=\"og:image:height\" content=\"338\" \/>\n\t<meta property=\"og:image:type\" content=\"image\/jpeg\" \/>\n<meta name=\"author\" content=\"World Press Service | Servicio de Prensa Mundial\" \/>\n<meta name=\"twitter:card\" content=\"summary_large_image\" \/>\n<meta name=\"twitter:label1\" content=\"Escrito por\" \/>\n\t<meta name=\"twitter:data1\" content=\"World Press Service | Servicio de Prensa Mundial\" \/>\n\t<meta name=\"twitter:label2\" content=\"Tiempo de lectura\" \/>\n\t<meta name=\"twitter:data2\" content=\"3 minutos\" \/>\n<script type=\"application\/ld+json\" class=\"yoast-schema-graph\">{\"@context\":\"https:\\\/\\\/schema.org\",\"@graph\":[{\"@type\":\"Article\",\"@id\":\"https:\\\/\\\/blogdiario.info\\\/magazine\\\/2023\\\/12\\\/03\\\/espanto-parisense-un-hombre-muerto-y-dos-heridos-a-dos-pasos-de-la-torre-eiffel\\\/#article\",\"isPartOf\":{\"@id\":\"https:\\\/\\\/blogdiario.info\\\/magazine\\\/2023\\\/12\\\/03\\\/espanto-parisense-un-hombre-muerto-y-dos-heridos-a-dos-pasos-de-la-torre-eiffel\\\/\"},\"author\":{\"name\":\"World Press Service | Servicio de Prensa Mundial\",\"@id\":\"https:\\\/\\\/blogdiario.info\\\/magazine\\\/#\\\/schema\\\/person\\\/b2422fe85574d945bad55513bb0c7354\"},\"headline\":\"Espanto parisense: un hombre muerto y dos heridos a dos pasos de la Torre Eiffel\",\"datePublished\":\"2023-12-03T16:09:36+00:00\",\"dateModified\":\"2023-12-03T16:17:44+00:00\",\"mainEntityOfPage\":{\"@id\":\"https:\\\/\\\/blogdiario.info\\\/magazine\\\/2023\\\/12\\\/03\\\/espanto-parisense-un-hombre-muerto-y-dos-heridos-a-dos-pasos-de-la-torre-eiffel\\\/\"},\"wordCount\":612,\"publisher\":{\"@id\":\"https:\\\/\\\/blogdiario.info\\\/magazine\\\/#organization\"},\"image\":{\"@id\":\"https:\\\/\\\/blogdiario.info\\\/magazine\\\/2023\\\/12\\\/03\\\/espanto-parisense-un-hombre-muerto-y-dos-heridos-a-dos-pasos-de-la-torre-eiffel\\\/#primaryimage\"},\"thumbnailUrl\":\"https:\\\/\\\/blogdiario.info\\\/magazine\\\/images\\\/2023\\\/12\\\/Paris_II-20231203.jpg\",\"keywords\":[\"Francia\"],\"articleSection\":[\".\",\".\",\"Actualidad\",\"Europa\",\"Guerra\"],\"inLanguage\":\"es-AR\"},{\"@type\":\"WebPage\",\"@id\":\"https:\\\/\\\/blogdiario.info\\\/magazine\\\/2023\\\/12\\\/03\\\/espanto-parisense-un-hombre-muerto-y-dos-heridos-a-dos-pasos-de-la-torre-eiffel\\\/\",\"url\":\"https:\\\/\\\/blogdiario.info\\\/magazine\\\/2023\\\/12\\\/03\\\/espanto-parisense-un-hombre-muerto-y-dos-heridos-a-dos-pasos-de-la-torre-eiffel\\\/\",\"name\":\"Espanto parisense: un hombre muerto y dos heridos a dos pasos de la Torre Eiffel - BlogDiario Magazine\",\"isPartOf\":{\"@id\":\"https:\\\/\\\/blogdiario.info\\\/magazine\\\/#website\"},\"primaryImageOfPage\":{\"@id\":\"https:\\\/\\\/blogdiario.info\\\/magazine\\\/2023\\\/12\\\/03\\\/espanto-parisense-un-hombre-muerto-y-dos-heridos-a-dos-pasos-de-la-torre-eiffel\\\/#primaryimage\"},\"image\":{\"@id\":\"https:\\\/\\\/blogdiario.info\\\/magazine\\\/2023\\\/12\\\/03\\\/espanto-parisense-un-hombre-muerto-y-dos-heridos-a-dos-pasos-de-la-torre-eiffel\\\/#primaryimage\"},\"thumbnailUrl\":\"https:\\\/\\\/blogdiario.info\\\/magazine\\\/images\\\/2023\\\/12\\\/Paris_II-20231203.jpg\",\"datePublished\":\"2023-12-03T16:09:36+00:00\",\"dateModified\":\"2023-12-03T16:17:44+00:00\",\"breadcrumb\":{\"@id\":\"https:\\\/\\\/blogdiario.info\\\/magazine\\\/2023\\\/12\\\/03\\\/espanto-parisense-un-hombre-muerto-y-dos-heridos-a-dos-pasos-de-la-torre-eiffel\\\/#breadcrumb\"},\"inLanguage\":\"es-AR\",\"potentialAction\":[{\"@type\":\"ReadAction\",\"target\":[\"https:\\\/\\\/blogdiario.info\\\/magazine\\\/2023\\\/12\\\/03\\\/espanto-parisense-un-hombre-muerto-y-dos-heridos-a-dos-pasos-de-la-torre-eiffel\\\/\"]}]},{\"@type\":\"ImageObject\",\"inLanguage\":\"es-AR\",\"@id\":\"https:\\\/\\\/blogdiario.info\\\/magazine\\\/2023\\\/12\\\/03\\\/espanto-parisense-un-hombre-muerto-y-dos-heridos-a-dos-pasos-de-la-torre-eiffel\\\/#primaryimage\",\"url\":\"https:\\\/\\\/blogdiario.info\\\/magazine\\\/images\\\/2023\\\/12\\\/Paris_II-20231203.jpg\",\"contentUrl\":\"https:\\\/\\\/blogdiario.info\\\/magazine\\\/images\\\/2023\\\/12\\\/Paris_II-20231203.jpg\",\"width\":600,\"height\":338},{\"@type\":\"BreadcrumbList\",\"@id\":\"https:\\\/\\\/blogdiario.info\\\/magazine\\\/2023\\\/12\\\/03\\\/espanto-parisense-un-hombre-muerto-y-dos-heridos-a-dos-pasos-de-la-torre-eiffel\\\/#breadcrumb\",\"itemListElement\":[{\"@type\":\"ListItem\",\"position\":1,\"name\":\"Home\",\"item\":\"https:\\\/\\\/blogdiario.info\\\/magazine\\\/\"},{\"@type\":\"ListItem\",\"position\":2,\"name\":\"Espanto parisense: un hombre muerto y dos heridos a dos pasos de la Torre Eiffel\"}]},{\"@type\":\"WebSite\",\"@id\":\"https:\\\/\\\/blogdiario.info\\\/magazine\\\/#website\",\"url\":\"https:\\\/\\\/blogdiario.info\\\/magazine\\\/\",\"name\":\"BlogDiario Magazine\",\"description\":\"Suplemento multiling\u00fce de ElCanillita.Info\",\"publisher\":{\"@id\":\"https:\\\/\\\/blogdiario.info\\\/magazine\\\/#organization\"},\"potentialAction\":[{\"@type\":\"SearchAction\",\"target\":{\"@type\":\"EntryPoint\",\"urlTemplate\":\"https:\\\/\\\/blogdiario.info\\\/magazine\\\/?s={search_term_string}\"},\"query-input\":{\"@type\":\"PropertyValueSpecification\",\"valueRequired\":true,\"valueName\":\"search_term_string\"}}],\"inLanguage\":\"es-AR\"},{\"@type\":\"Organization\",\"@id\":\"https:\\\/\\\/blogdiario.info\\\/magazine\\\/#organization\",\"name\":\"Guzzo Photos & Graphic Publications\",\"url\":\"https:\\\/\\\/blogdiario.info\\\/magazine\\\/\",\"logo\":{\"@type\":\"ImageObject\",\"inLanguage\":\"es-AR\",\"@id\":\"https:\\\/\\\/blogdiario.info\\\/magazine\\\/#\\\/schema\\\/logo\\\/image\\\/\",\"url\":\"https:\\\/\\\/blogdiario.info\\\/magazine\\\/images\\\/2020\\\/01\\\/cropped-blogdia_magazine.jpg\",\"contentUrl\":\"https:\\\/\\\/blogdiario.info\\\/magazine\\\/images\\\/2020\\\/01\\\/cropped-blogdia_magazine.jpg\",\"width\":589,\"height\":55,\"caption\":\"Guzzo Photos & Graphic Publications\"},\"image\":{\"@id\":\"https:\\\/\\\/blogdiario.info\\\/magazine\\\/#\\\/schema\\\/logo\\\/image\\\/\"}},{\"@type\":\"Person\",\"@id\":\"https:\\\/\\\/blogdiario.info\\\/magazine\\\/#\\\/schema\\\/person\\\/b2422fe85574d945bad55513bb0c7354\",\"name\":\"World Press Service | Servicio de Prensa Mundial\"}]}<\/script>\n<!-- \/ Yoast SEO plugin. -->","yoast_head_json":{"title":"Espanto parisense: un hombre muerto y dos heridos a dos pasos de la Torre Eiffel - BlogDiario Magazine","robots":{"index":"index","follow":"follow","max-snippet":"max-snippet:-1","max-image-preview":"max-image-preview:large","max-video-preview":"max-video-preview:-1"},"canonical":"https:\/\/blogdiario.info\/magazine\/2023\/12\/03\/espanto-parisense-un-hombre-muerto-y-dos-heridos-a-dos-pasos-de-la-torre-eiffel\/","og_locale":"es_ES","og_type":"article","og_title":"Espanto parisense: un hombre muerto y dos heridos a dos pasos de la Torre Eiffel - BlogDiario Magazine","og_description":"La polic\u00eda asegura el acceso al puente Bir-Hakeim, a la sombra de la Torre Eiffel \u200b","og_url":"https:\/\/blogdiario.info\/magazine\/2023\/12\/03\/espanto-parisense-un-hombre-muerto-y-dos-heridos-a-dos-pasos-de-la-torre-eiffel\/","og_site_name":"BlogDiario Magazine","article_published_time":"2023-12-03T16:09:36+00:00","article_modified_time":"2023-12-03T16:17:44+00:00","og_image":[{"width":600,"height":338,"url":"https:\/\/blogdiario.info\/magazine\/images\/2023\/12\/Paris_II-20231203.jpg","type":"image\/jpeg"}],"author":"World Press Service | Servicio de Prensa Mundial","twitter_card":"summary_large_image","twitter_misc":{"Escrito por":"World Press Service | Servicio de Prensa Mundial","Tiempo de lectura":"3 minutos"},"schema":{"@context":"https:\/\/schema.org","@graph":[{"@type":"Article","@id":"https:\/\/blogdiario.info\/magazine\/2023\/12\/03\/espanto-parisense-un-hombre-muerto-y-dos-heridos-a-dos-pasos-de-la-torre-eiffel\/#article","isPartOf":{"@id":"https:\/\/blogdiario.info\/magazine\/2023\/12\/03\/espanto-parisense-un-hombre-muerto-y-dos-heridos-a-dos-pasos-de-la-torre-eiffel\/"},"author":{"name":"World Press Service | Servicio de Prensa Mundial","@id":"https:\/\/blogdiario.info\/magazine\/#\/schema\/person\/b2422fe85574d945bad55513bb0c7354"},"headline":"Espanto parisense: un hombre muerto y dos heridos a dos pasos de la Torre Eiffel","datePublished":"2023-12-03T16:09:36+00:00","dateModified":"2023-12-03T16:17:44+00:00","mainEntityOfPage":{"@id":"https:\/\/blogdiario.info\/magazine\/2023\/12\/03\/espanto-parisense-un-hombre-muerto-y-dos-heridos-a-dos-pasos-de-la-torre-eiffel\/"},"wordCount":612,"publisher":{"@id":"https:\/\/blogdiario.info\/magazine\/#organization"},"image":{"@id":"https:\/\/blogdiario.info\/magazine\/2023\/12\/03\/espanto-parisense-un-hombre-muerto-y-dos-heridos-a-dos-pasos-de-la-torre-eiffel\/#primaryimage"},"thumbnailUrl":"https:\/\/blogdiario.info\/magazine\/images\/2023\/12\/Paris_II-20231203.jpg","keywords":["Francia"],"articleSection":[".",".","Actualidad","Europa","Guerra"],"inLanguage":"es-AR"},{"@type":"WebPage","@id":"https:\/\/blogdiario.info\/magazine\/2023\/12\/03\/espanto-parisense-un-hombre-muerto-y-dos-heridos-a-dos-pasos-de-la-torre-eiffel\/","url":"https:\/\/blogdiario.info\/magazine\/2023\/12\/03\/espanto-parisense-un-hombre-muerto-y-dos-heridos-a-dos-pasos-de-la-torre-eiffel\/","name":"Espanto parisense: un hombre muerto y dos heridos a dos pasos de la Torre Eiffel - BlogDiario Magazine","isPartOf":{"@id":"https:\/\/blogdiario.info\/magazine\/#website"},"primaryImageOfPage":{"@id":"https:\/\/blogdiario.info\/magazine\/2023\/12\/03\/espanto-parisense-un-hombre-muerto-y-dos-heridos-a-dos-pasos-de-la-torre-eiffel\/#primaryimage"},"image":{"@id":"https:\/\/blogdiario.info\/magazine\/2023\/12\/03\/espanto-parisense-un-hombre-muerto-y-dos-heridos-a-dos-pasos-de-la-torre-eiffel\/#primaryimage"},"thumbnailUrl":"https:\/\/blogdiario.info\/magazine\/images\/2023\/12\/Paris_II-20231203.jpg","datePublished":"2023-12-03T16:09:36+00:00","dateModified":"2023-12-03T16:17:44+00:00","breadcrumb":{"@id":"https:\/\/blogdiario.info\/magazine\/2023\/12\/03\/espanto-parisense-un-hombre-muerto-y-dos-heridos-a-dos-pasos-de-la-torre-eiffel\/#breadcrumb"},"inLanguage":"es-AR","potentialAction":[{"@type":"ReadAction","target":["https:\/\/blogdiario.info\/magazine\/2023\/12\/03\/espanto-parisense-un-hombre-muerto-y-dos-heridos-a-dos-pasos-de-la-torre-eiffel\/"]}]},{"@type":"ImageObject","inLanguage":"es-AR","@id":"https:\/\/blogdiario.info\/magazine\/2023\/12\/03\/espanto-parisense-un-hombre-muerto-y-dos-heridos-a-dos-pasos-de-la-torre-eiffel\/#primaryimage","url":"https:\/\/blogdiario.info\/magazine\/images\/2023\/12\/Paris_II-20231203.jpg","contentUrl":"https:\/\/blogdiario.info\/magazine\/images\/2023\/12\/Paris_II-20231203.jpg","width":600,"height":338},{"@type":"BreadcrumbList","@id":"https:\/\/blogdiario.info\/magazine\/2023\/12\/03\/espanto-parisense-un-hombre-muerto-y-dos-heridos-a-dos-pasos-de-la-torre-eiffel\/#breadcrumb","itemListElement":[{"@type":"ListItem","position":1,"name":"Home","item":"https:\/\/blogdiario.info\/magazine\/"},{"@type":"ListItem","position":2,"name":"Espanto parisense: un hombre muerto y dos heridos a dos pasos de la Torre Eiffel"}]},{"@type":"WebSite","@id":"https:\/\/blogdiario.info\/magazine\/#website","url":"https:\/\/blogdiario.info\/magazine\/","name":"BlogDiario Magazine","description":"Suplemento multiling\u00fce de ElCanillita.Info","publisher":{"@id":"https:\/\/blogdiario.info\/magazine\/#organization"},"potentialAction":[{"@type":"SearchAction","target":{"@type":"EntryPoint","urlTemplate":"https:\/\/blogdiario.info\/magazine\/?s={search_term_string}"},"query-input":{"@type":"PropertyValueSpecification","valueRequired":true,"valueName":"search_term_string"}}],"inLanguage":"es-AR"},{"@type":"Organization","@id":"https:\/\/blogdiario.info\/magazine\/#organization","name":"Guzzo Photos & Graphic Publications","url":"https:\/\/blogdiario.info\/magazine\/","logo":{"@type":"ImageObject","inLanguage":"es-AR","@id":"https:\/\/blogdiario.info\/magazine\/#\/schema\/logo\/image\/","url":"https:\/\/blogdiario.info\/magazine\/images\/2020\/01\/cropped-blogdia_magazine.jpg","contentUrl":"https:\/\/blogdiario.info\/magazine\/images\/2020\/01\/cropped-blogdia_magazine.jpg","width":589,"height":55,"caption":"Guzzo Photos & Graphic Publications"},"image":{"@id":"https:\/\/blogdiario.info\/magazine\/#\/schema\/logo\/image\/"}},{"@type":"Person","@id":"https:\/\/blogdiario.info\/magazine\/#\/schema\/person\/b2422fe85574d945bad55513bb0c7354","name":"World Press Service | Servicio de Prensa Mundial"}]}},"views":454,"_links":{"self":[{"href":"https:\/\/blogdiario.info\/magazine\/wp-json\/wp\/v2\/posts\/1097","targetHints":{"allow":["GET"]}}],"collection":[{"href":"https:\/\/blogdiario.info\/magazine\/wp-json\/wp\/v2\/posts"}],"about":[{"href":"https:\/\/blogdiario.info\/magazine\/wp-json\/wp\/v2\/types\/post"}],"author":[{"embeddable":true,"href":"https:\/\/blogdiario.info\/magazine\/wp-json\/wp\/v2\/users\/1"}],"replies":[{"embeddable":true,"href":"https:\/\/blogdiario.info\/magazine\/wp-json\/wp\/v2\/comments?post=1097"}],"version-history":[{"count":0,"href":"https:\/\/blogdiario.info\/magazine\/wp-json\/wp\/v2\/posts\/1097\/revisions"}],"wp:featuredmedia":[{"embeddable":true,"href":"https:\/\/blogdiario.info\/magazine\/wp-json\/wp\/v2\/media\/1098"}],"wp:attachment":[{"href":"https:\/\/blogdiario.info\/magazine\/wp-json\/wp\/v2\/media?parent=1097"}],"wp:term":[{"taxonomy":"category","embeddable":true,"href":"https:\/\/blogdiario.info\/magazine\/wp-json\/wp\/v2\/categories?post=1097"},{"taxonomy":"post_tag","embeddable":true,"href":"https:\/\/blogdiario.info\/magazine\/wp-json\/wp\/v2\/tags?post=1097"}],"curies":[{"name":"wp","href":"https:\/\/api.w.org\/{rel}","templated":true}]}}