{"id":1087,"date":"2023-12-01T21:14:05","date_gmt":"2023-12-01T20:14:05","guid":{"rendered":"https:\/\/blogdiario.info\/magazine\/?p=1087"},"modified":"2023-12-03T15:30:16","modified_gmt":"2023-12-03T14:30:16","slug":"corea-del-norte-no-volvera-mas-a-conversaciones-diplomaticas-dice-kim-yo-jong","status":"publish","type":"post","link":"https:\/\/blogdiario.info\/magazine\/2023\/12\/01\/corea-del-norte-no-volvera-mas-a-conversaciones-diplomaticas-dice-kim-yo-jong\/","title":{"rendered":"Corea del Norte no volver\u00e1 m\u00e1s a conversaciones diplom\u00e1ticas, dice Kim Yo-jong"},"content":{"rendered":"\n<figure class=\"wp-block-video\"><video autoplay controls src=\"https:\/\/blogdiario.info\/magazine\/images\/2023\/12\/CoreaSur_20231201.mp4\"><\/video><figcaption class=\"wp-element-caption\"><a href=\"https:\/\/blogdiario.info\/magazine\/2023\/12\/02\/la-hermana-de-kim-jong-un-critica-a-estados-unidos-por-los-satelites-espias-de-corea-del-norte\/\"><strong>Agencia Central de Noticias de Corea \/Servicio de Noticias de Corea<\/strong><\/a><\/figcaption><\/figure>\n\n\n\n<p> <br><small>Copyright \u00a9 2023 BlogDiario.info &#8211; Edited by Guzzo Photos &amp; Graphic Publications<\/small><\/p>\n","protected":false},"excerpt":{"rendered":"<p>Copyright \u00a9 2023 BlogDiario.info &#8211; Edited by Guzzo Photos &amp; Graphic Publications<\/p>\n","protected":false},"author":1,"featured_media":0,"comment_status":"closed","ping_status":"closed","sticky":false,"template":"","format":"standard","meta":{"footnotes":"","_links_to":"","_links_to_target":""},"categories":[97,109,126],"tags":[127],"class_list":["post-1087","post","type-post","status-publish","format-standard","hentry","category-elcanillita","category-dc24","category-broadcasting","tag-north-korea","entry","rows"],"yoast_head":"<!-- This site is optimized with the Yoast SEO plugin v27.4 - https:\/\/yoast.com\/product\/yoast-seo-wordpress\/ -->\n<title>Corea del Norte no volver\u00e1 m\u00e1s a conversaciones diplom\u00e1ticas, dice Kim Yo-jong - BlogDiario Magazine<\/title>\n<meta name=\"robots\" content=\"index, follow, max-snippet:-1, max-image-preview:large, max-video-preview:-1\" \/>\n<link rel=\"canonical\" href=\"https:\/\/blogdiario.info\/magazine\/2023\/12\/01\/corea-del-norte-no-volvera-mas-a-conversaciones-diplomaticas-dice-kim-yo-jong\/\" \/>\n<meta property=\"og:locale\" content=\"es_ES\" \/>\n<meta property=\"og:type\" content=\"article\" \/>\n<meta property=\"og:title\" content=\"Corea del Norte no volver\u00e1 m\u00e1s a conversaciones diplom\u00e1ticas, dice Kim Yo-jong - BlogDiario Magazine\" \/>\n<meta property=\"og:description\" content=\"Copyright \u00a9 2023 BlogDiario.info &#8211; Edited by Guzzo Photos &amp; Graphic Publications\" \/>\n<meta property=\"og:url\" content=\"https:\/\/blogdiario.info\/magazine\/2023\/12\/01\/corea-del-norte-no-volvera-mas-a-conversaciones-diplomaticas-dice-kim-yo-jong\/\" \/>\n<meta property=\"og:site_name\" content=\"BlogDiario Magazine\" \/>\n<meta property=\"article:published_time\" content=\"2023-12-01T20:14:05+00:00\" \/>\n<meta property=\"article:modified_time\" content=\"2023-12-03T14:30:16+00:00\" \/>\n<meta name=\"author\" content=\"World Press Service | Servicio de Prensa Mundial\" \/>\n<meta name=\"twitter:card\" content=\"summary_large_image\" \/>\n<meta name=\"twitter:label1\" content=\"Escrito por\" \/>\n\t<meta name=\"twitter:data1\" content=\"World Press Service | Servicio de Prensa Mundial\" \/>\n\t<meta name=\"twitter:label2\" content=\"Tiempo de lectura\" \/>\n\t<meta name=\"twitter:data2\" content=\"1 minuto\" \/>\n<script type=\"application\/ld+json\" class=\"yoast-schema-graph\">{\"@context\":\"https:\\\/\\\/schema.org\",\"@graph\":[{\"@type\":\"Article\",\"@id\":\"https:\\\/\\\/blogdiario.info\\\/magazine\\\/2023\\\/12\\\/01\\\/corea-del-norte-no-volvera-mas-a-conversaciones-diplomaticas-dice-kim-yo-jong\\\/#article\",\"isPartOf\":{\"@id\":\"https:\\\/\\\/blogdiario.info\\\/magazine\\\/2023\\\/12\\\/01\\\/corea-del-norte-no-volvera-mas-a-conversaciones-diplomaticas-dice-kim-yo-jong\\\/\"},\"author\":{\"name\":\"World Press Service | Servicio de Prensa Mundial\",\"@id\":\"https:\\\/\\\/blogdiario.info\\\/magazine\\\/#\\\/schema\\\/person\\\/b2422fe85574d945bad55513bb0c7354\"},\"headline\":\"Corea del Norte no volver\u00e1 m\u00e1s a conversaciones diplom\u00e1ticas, dice Kim Yo-jong\",\"datePublished\":\"2023-12-01T20:14:05+00:00\",\"dateModified\":\"2023-12-03T14:30:16+00:00\",\"mainEntityOfPage\":{\"@id\":\"https:\\\/\\\/blogdiario.info\\\/magazine\\\/2023\\\/12\\\/01\\\/corea-del-norte-no-volvera-mas-a-conversaciones-diplomaticas-dice-kim-yo-jong\\\/\"},\"wordCount\":36,\"publisher\":{\"@id\":\"https:\\\/\\\/blogdiario.info\\\/magazine\\\/#organization\"},\"keywords\":[\"North Korea\"],\"articleSection\":[\".\",\".\",\"Broadcasting\"],\"inLanguage\":\"es-AR\"},{\"@type\":\"WebPage\",\"@id\":\"https:\\\/\\\/blogdiario.info\\\/magazine\\\/2023\\\/12\\\/01\\\/corea-del-norte-no-volvera-mas-a-conversaciones-diplomaticas-dice-kim-yo-jong\\\/\",\"url\":\"https:\\\/\\\/blogdiario.info\\\/magazine\\\/2023\\\/12\\\/01\\\/corea-del-norte-no-volvera-mas-a-conversaciones-diplomaticas-dice-kim-yo-jong\\\/\",\"name\":\"Corea del Norte no volver\u00e1 m\u00e1s a conversaciones diplom\u00e1ticas, dice Kim Yo-jong - BlogDiario Magazine\",\"isPartOf\":{\"@id\":\"https:\\\/\\\/blogdiario.info\\\/magazine\\\/#website\"},\"datePublished\":\"2023-12-01T20:14:05+00:00\",\"dateModified\":\"2023-12-03T14:30:16+00:00\",\"breadcrumb\":{\"@id\":\"https:\\\/\\\/blogdiario.info\\\/magazine\\\/2023\\\/12\\\/01\\\/corea-del-norte-no-volvera-mas-a-conversaciones-diplomaticas-dice-kim-yo-jong\\\/#breadcrumb\"},\"inLanguage\":\"es-AR\",\"potentialAction\":[{\"@type\":\"ReadAction\",\"target\":[\"https:\\\/\\\/blogdiario.info\\\/magazine\\\/2023\\\/12\\\/01\\\/corea-del-norte-no-volvera-mas-a-conversaciones-diplomaticas-dice-kim-yo-jong\\\/\"]}]},{\"@type\":\"BreadcrumbList\",\"@id\":\"https:\\\/\\\/blogdiario.info\\\/magazine\\\/2023\\\/12\\\/01\\\/corea-del-norte-no-volvera-mas-a-conversaciones-diplomaticas-dice-kim-yo-jong\\\/#breadcrumb\",\"itemListElement\":[{\"@type\":\"ListItem\",\"position\":1,\"name\":\"Home\",\"item\":\"https:\\\/\\\/blogdiario.info\\\/magazine\\\/\"},{\"@type\":\"ListItem\",\"position\":2,\"name\":\"Corea del Norte no volver\u00e1 m\u00e1s a conversaciones diplom\u00e1ticas, dice Kim Yo-jong\"}]},{\"@type\":\"WebSite\",\"@id\":\"https:\\\/\\\/blogdiario.info\\\/magazine\\\/#website\",\"url\":\"https:\\\/\\\/blogdiario.info\\\/magazine\\\/\",\"name\":\"BlogDiario Magazine\",\"description\":\"Suplemento multiling\u00fce de ElCanillita.Info\",\"publisher\":{\"@id\":\"https:\\\/\\\/blogdiario.info\\\/magazine\\\/#organization\"},\"potentialAction\":[{\"@type\":\"SearchAction\",\"target\":{\"@type\":\"EntryPoint\",\"urlTemplate\":\"https:\\\/\\\/blogdiario.info\\\/magazine\\\/?s={search_term_string}\"},\"query-input\":{\"@type\":\"PropertyValueSpecification\",\"valueRequired\":true,\"valueName\":\"search_term_string\"}}],\"inLanguage\":\"es-AR\"},{\"@type\":\"Organization\",\"@id\":\"https:\\\/\\\/blogdiario.info\\\/magazine\\\/#organization\",\"name\":\"Guzzo Photos & Graphic Publications\",\"url\":\"https:\\\/\\\/blogdiario.info\\\/magazine\\\/\",\"logo\":{\"@type\":\"ImageObject\",\"inLanguage\":\"es-AR\",\"@id\":\"https:\\\/\\\/blogdiario.info\\\/magazine\\\/#\\\/schema\\\/logo\\\/image\\\/\",\"url\":\"https:\\\/\\\/blogdiario.info\\\/magazine\\\/images\\\/2020\\\/01\\\/cropped-blogdia_magazine.jpg\",\"contentUrl\":\"https:\\\/\\\/blogdiario.info\\\/magazine\\\/images\\\/2020\\\/01\\\/cropped-blogdia_magazine.jpg\",\"width\":589,\"height\":55,\"caption\":\"Guzzo Photos & Graphic Publications\"},\"image\":{\"@id\":\"https:\\\/\\\/blogdiario.info\\\/magazine\\\/#\\\/schema\\\/logo\\\/image\\\/\"}},{\"@type\":\"Person\",\"@id\":\"https:\\\/\\\/blogdiario.info\\\/magazine\\\/#\\\/schema\\\/person\\\/b2422fe85574d945bad55513bb0c7354\",\"name\":\"World Press Service | Servicio de Prensa Mundial\"}]}<\/script>\n<!-- \/ Yoast SEO plugin. -->","yoast_head_json":{"title":"Corea del Norte no volver\u00e1 m\u00e1s a conversaciones diplom\u00e1ticas, dice Kim Yo-jong - BlogDiario Magazine","robots":{"index":"index","follow":"follow","max-snippet":"max-snippet:-1","max-image-preview":"max-image-preview:large","max-video-preview":"max-video-preview:-1"},"canonical":"https:\/\/blogdiario.info\/magazine\/2023\/12\/01\/corea-del-norte-no-volvera-mas-a-conversaciones-diplomaticas-dice-kim-yo-jong\/","og_locale":"es_ES","og_type":"article","og_title":"Corea del Norte no volver\u00e1 m\u00e1s a conversaciones diplom\u00e1ticas, dice Kim Yo-jong - BlogDiario Magazine","og_description":"Copyright \u00a9 2023 BlogDiario.info &#8211; Edited by Guzzo Photos &amp; Graphic Publications","og_url":"https:\/\/blogdiario.info\/magazine\/2023\/12\/01\/corea-del-norte-no-volvera-mas-a-conversaciones-diplomaticas-dice-kim-yo-jong\/","og_site_name":"BlogDiario Magazine","article_published_time":"2023-12-01T20:14:05+00:00","article_modified_time":"2023-12-03T14:30:16+00:00","author":"World Press Service | Servicio de Prensa Mundial","twitter_card":"summary_large_image","twitter_misc":{"Escrito por":"World Press Service | Servicio de Prensa Mundial","Tiempo de lectura":"1 minuto"},"schema":{"@context":"https:\/\/schema.org","@graph":[{"@type":"Article","@id":"https:\/\/blogdiario.info\/magazine\/2023\/12\/01\/corea-del-norte-no-volvera-mas-a-conversaciones-diplomaticas-dice-kim-yo-jong\/#article","isPartOf":{"@id":"https:\/\/blogdiario.info\/magazine\/2023\/12\/01\/corea-del-norte-no-volvera-mas-a-conversaciones-diplomaticas-dice-kim-yo-jong\/"},"author":{"name":"World Press Service | Servicio de Prensa Mundial","@id":"https:\/\/blogdiario.info\/magazine\/#\/schema\/person\/b2422fe85574d945bad55513bb0c7354"},"headline":"Corea del Norte no volver\u00e1 m\u00e1s a conversaciones diplom\u00e1ticas, dice Kim Yo-jong","datePublished":"2023-12-01T20:14:05+00:00","dateModified":"2023-12-03T14:30:16+00:00","mainEntityOfPage":{"@id":"https:\/\/blogdiario.info\/magazine\/2023\/12\/01\/corea-del-norte-no-volvera-mas-a-conversaciones-diplomaticas-dice-kim-yo-jong\/"},"wordCount":36,"publisher":{"@id":"https:\/\/blogdiario.info\/magazine\/#organization"},"keywords":["North Korea"],"articleSection":[".",".","Broadcasting"],"inLanguage":"es-AR"},{"@type":"WebPage","@id":"https:\/\/blogdiario.info\/magazine\/2023\/12\/01\/corea-del-norte-no-volvera-mas-a-conversaciones-diplomaticas-dice-kim-yo-jong\/","url":"https:\/\/blogdiario.info\/magazine\/2023\/12\/01\/corea-del-norte-no-volvera-mas-a-conversaciones-diplomaticas-dice-kim-yo-jong\/","name":"Corea del Norte no volver\u00e1 m\u00e1s a conversaciones diplom\u00e1ticas, dice Kim Yo-jong - BlogDiario Magazine","isPartOf":{"@id":"https:\/\/blogdiario.info\/magazine\/#website"},"datePublished":"2023-12-01T20:14:05+00:00","dateModified":"2023-12-03T14:30:16+00:00","breadcrumb":{"@id":"https:\/\/blogdiario.info\/magazine\/2023\/12\/01\/corea-del-norte-no-volvera-mas-a-conversaciones-diplomaticas-dice-kim-yo-jong\/#breadcrumb"},"inLanguage":"es-AR","potentialAction":[{"@type":"ReadAction","target":["https:\/\/blogdiario.info\/magazine\/2023\/12\/01\/corea-del-norte-no-volvera-mas-a-conversaciones-diplomaticas-dice-kim-yo-jong\/"]}]},{"@type":"BreadcrumbList","@id":"https:\/\/blogdiario.info\/magazine\/2023\/12\/01\/corea-del-norte-no-volvera-mas-a-conversaciones-diplomaticas-dice-kim-yo-jong\/#breadcrumb","itemListElement":[{"@type":"ListItem","position":1,"name":"Home","item":"https:\/\/blogdiario.info\/magazine\/"},{"@type":"ListItem","position":2,"name":"Corea del Norte no volver\u00e1 m\u00e1s a conversaciones diplom\u00e1ticas, dice Kim Yo-jong"}]},{"@type":"WebSite","@id":"https:\/\/blogdiario.info\/magazine\/#website","url":"https:\/\/blogdiario.info\/magazine\/","name":"BlogDiario Magazine","description":"Suplemento multiling\u00fce de ElCanillita.Info","publisher":{"@id":"https:\/\/blogdiario.info\/magazine\/#organization"},"potentialAction":[{"@type":"SearchAction","target":{"@type":"EntryPoint","urlTemplate":"https:\/\/blogdiario.info\/magazine\/?s={search_term_string}"},"query-input":{"@type":"PropertyValueSpecification","valueRequired":true,"valueName":"search_term_string"}}],"inLanguage":"es-AR"},{"@type":"Organization","@id":"https:\/\/blogdiario.info\/magazine\/#organization","name":"Guzzo Photos & Graphic Publications","url":"https:\/\/blogdiario.info\/magazine\/","logo":{"@type":"ImageObject","inLanguage":"es-AR","@id":"https:\/\/blogdiario.info\/magazine\/#\/schema\/logo\/image\/","url":"https:\/\/blogdiario.info\/magazine\/images\/2020\/01\/cropped-blogdia_magazine.jpg","contentUrl":"https:\/\/blogdiario.info\/magazine\/images\/2020\/01\/cropped-blogdia_magazine.jpg","width":589,"height":55,"caption":"Guzzo Photos & Graphic Publications"},"image":{"@id":"https:\/\/blogdiario.info\/magazine\/#\/schema\/logo\/image\/"}},{"@type":"Person","@id":"https:\/\/blogdiario.info\/magazine\/#\/schema\/person\/b2422fe85574d945bad55513bb0c7354","name":"World Press Service | Servicio de Prensa Mundial"}]}},"views":390,"_links":{"self":[{"href":"https:\/\/blogdiario.info\/magazine\/wp-json\/wp\/v2\/posts\/1087","targetHints":{"allow":["GET"]}}],"collection":[{"href":"https:\/\/blogdiario.info\/magazine\/wp-json\/wp\/v2\/posts"}],"about":[{"href":"https:\/\/blogdiario.info\/magazine\/wp-json\/wp\/v2\/types\/post"}],"author":[{"embeddable":true,"href":"https:\/\/blogdiario.info\/magazine\/wp-json\/wp\/v2\/users\/1"}],"replies":[{"embeddable":true,"href":"https:\/\/blogdiario.info\/magazine\/wp-json\/wp\/v2\/comments?post=1087"}],"version-history":[{"count":0,"href":"https:\/\/blogdiario.info\/magazine\/wp-json\/wp\/v2\/posts\/1087\/revisions"}],"wp:attachment":[{"href":"https:\/\/blogdiario.info\/magazine\/wp-json\/wp\/v2\/media?parent=1087"}],"wp:term":[{"taxonomy":"category","embeddable":true,"href":"https:\/\/blogdiario.info\/magazine\/wp-json\/wp\/v2\/categories?post=1087"},{"taxonomy":"post_tag","embeddable":true,"href":"https:\/\/blogdiario.info\/magazine\/wp-json\/wp\/v2\/tags?post=1087"}],"curies":[{"name":"wp","href":"https:\/\/api.w.org\/{rel}","templated":true}]}}