{"id":1077,"date":"2023-11-27T21:24:59","date_gmt":"2023-11-27T20:24:59","guid":{"rendered":"https:\/\/blogdiario.info\/magazine\/?p=1077"},"modified":"2023-11-27T21:25:00","modified_gmt":"2023-11-27T20:25:00","slug":"que-opinan-los-gazaties-de-hamas","status":"publish","type":"post","link":"https:\/\/blogdiario.info\/magazine\/2023\/11\/27\/que-opinan-los-gazaties-de-hamas\/","title":{"rendered":"\u00bfQue opinan los gazat\u00edes de Ham\u00e1s?"},"content":{"rendered":"\n<figure class=\"wp-block-image size-full\"><img loading=\"lazy\" decoding=\"async\" width=\"600\" height=\"337\" src=\"https:\/\/blogdiario.info\/magazine\/images\/2023\/11\/gaz_2_20231127.jpg\" alt=\"\" class=\"wp-image-1078\" srcset=\"https:\/\/blogdiario.info\/magazine\/images\/2023\/11\/gaz_2_20231127.jpg 600w, https:\/\/blogdiario.info\/magazine\/images\/2023\/11\/gaz_2_20231127-300x169.jpg 300w\" sizes=\"auto, (max-width: 600px) 100vw, 600px\" \/><figcaption class=\"wp-element-caption\">La Franja de Gaza han quedado reducidas a escombros por las bombas israel\u00edes, mientras Ham\u00e1s se ha escondido en t\u00faneles. Civiles palestinos han permanecido en la superficie para contar el coste del conflicto.<\/figcaption><\/figure>\n\n\n\n<p><strong>BlogDiario.info, 26\/11\/2023<\/strong><br>La ma\u00f1ana del 7 de octubre, Sara, madre de dos hijos, se despert\u00f3 con la noticia de que combatientes de Ham\u00e1s y multitud de civiles hab\u00edan atravesado la valla que la hab\u00eda encerrado a ella y a 2 millones de personas en una franja de tierra peque\u00f1a cuanto una isla del Atl\u00e1ntico Sur (360 kilometros cuadrados).<br>Estaba conmocionada. Como muchos  ciudadanos en Gaza, apoyaba lo que ella llamaba la &#8220;resistencia&#8221; armada contra el asedio israel\u00ed y la ocupaci\u00f3n de Cisjordania. Eso significaba que las Brigadas Qassam de Ham\u00e1s y la Yihad Isl\u00e1mica Palestina lanzaban cohetes contra las comunidades fronterizas israel\u00edes y atacaban a los soldados de las Fuerzas de Defensa de Israel (FDI). Ella y otros palestinos viv\u00edan en guerra constante y asim\u00e9trica con Israel. Ahora, cre\u00eda que la &#8220;resistencia&#8221; se hab\u00eda abierto paso.<\/p>\n\n\n\n<p>Muchos gazet\u00edes lo celebraban. Era incre\u00edble que unos pocos centenares de insurgentes dieran una paliza a una fuerza mucho mejor equipada. Pero luego empezaron a salir las noticias: J\u00f3venes masacrados en una fiesta; familias calcinadas en sus casas; ni\u00f1os y ancianos secuestrados y llevados a Gaza.<\/p>\n\n\n\n<figure class=\"wp-block-image size-full\"><img loading=\"lazy\" decoding=\"async\" width=\"600\" height=\"400\" src=\"https:\/\/blogdiario.info\/magazine\/images\/2023\/11\/gaz_1_20231127.jpg\" alt=\"\" class=\"wp-image-1079\" srcset=\"https:\/\/blogdiario.info\/magazine\/images\/2023\/11\/gaz_1_20231127.jpg 600w, https:\/\/blogdiario.info\/magazine\/images\/2023\/11\/gaz_1_20231127-300x200.jpg 300w\" sizes=\"auto, (max-width: 600px) 100vw, 600px\" \/><figcaption class=\"wp-element-caption\">Palestinos celebran junto a un tanque israel\u00ed destruido el 7 de octubre, d\u00eda del ataque de Ham\u00e1s.<\/figcaption><\/figure>\n\n\n\n<p>Sara, que pidi\u00f3 que no se publicara su nombre real, estaba horrorizada. La matanza de ni\u00f1os y civiles le repugnaba.<\/p>\n\n\n\n<p>Las represalias de Israel comenzaron poco despu\u00e9s. En los seis primeros d\u00edas del conflicto, la aviaci\u00f3n israel\u00ed lanz\u00f3 miles de bombas sobre Gaza. En pocas semanas, grandes sectores quedaron reducidos a escombros. Centenares de civiles, casi la mitad de ellos ni\u00f1os, murieron por las bombas israel\u00edes. Sara y su familia luchaban por sobrevivir: hab\u00eda poca comida, no hab\u00eda agua potable. No hab\u00eda refugios, ni electricidad, ni combustible. Los hospitales se quedaron sin suministros m\u00e9dicos y cerraron sus unidades de cuidados intensivos. Los cad\u00e1veres se amontonaban.<\/p>\n\n\n\n<p>Sin embargo, Ham\u00e1s, que gobierna la Franja de Gaza como una autocracia unipartidista y cuyas brigadas armadas hab\u00edan iniciado el ataque el 7 de octubre, no aparec\u00eda por ninguna parte. Sus combatientes estaban en los t\u00faneles bajo Gaza, a los que los civiles tienen prohibido el acceso, mientras que la gente mor\u00eda bajo los escombros de sus casas, en campos de refugiados o en las calles.<\/p>\n\n\n\n<p>Las IDF ordenaron a los civiles gazat\u00edes del norte que huyeran de sus hogares hacia el sur de la franja, donde tampoco estaban a salvo de las bombas israel\u00edes. Sus l\u00edderes, mientras tanto, pronunciaban encendidos discursos desde la comodidad de sus refugios en el extranjero.<\/p>\n\n\n\n<p>&#8220;No se nos permite viajar del sur al norte [de Gaza], pero los dirigentes de Ham\u00e1s se mueven entre Beirut y Estambul&#8221;, dijo Sara. &#8220;\u00bfEs justo? No lo es&#8221;.<\/p>\n\n\n\n<p>Siete semanas despu\u00e9s de la masacre del 7 de octubre, cuando Ham\u00e1s y sus afiliados mataron a m\u00e1s de 1.200 personas en Israel, Gaza yace en ruinas. M\u00e1s de 1,7 millones de personas -el 85% de la poblaci\u00f3n- han sido desplazadas y m\u00e1s de 14.000 han muerto, seg\u00fan las autoridades sanitarias dirigidas por Ham\u00e1s. Incluso con el aumento de la entrega de ayuda durante la pausa en los combates, que comenz\u00f3 el viernes y est\u00e1 previsto que termine a principios de la pr\u00f3xima semana, casi toda la poblaci\u00f3n vive sin alimentos, agua, suministros m\u00e9dicos y combustible suficientes.<\/p>\n\n\n\n<p>En medio del horror, cada vez son m\u00e1s los gazat\u00edes que se vuelven contra Ham\u00e1s, al que culpan de atacar a civiles y ni\u00f1os en Israel y de iniciar una guerra sin tener en cuenta la muerte y destrucci\u00f3n que acarrear\u00eda al pueblo que gobierna.<\/p>\n\n\n\n<p>En entrevistas con m\u00e1s de una docena de gazat\u00edes, la mayor\u00eda dijo que, aunque apoyaban la &#8220;resistencia&#8221; armada de d\u00e9cadas contra el asedio de Gaza y la ocupaci\u00f3n de Cisjordania, no apoyaban la matanza de civiles en Israel el 7 de octubre, y estaban consternados por la incapacidad de Ham\u00e1s para ayudar a los suyos en Gaza, que sufr\u00edan las inevitables represalias israel\u00edes.<\/p>\n\n\n\n<p>&#8220;La mayor\u00eda de la gente que conozco piensa como yo&#8221;, dijo un ciudadano. &#8220;Claro que no se puede decir p\u00fablicamente, todo el mundo tiene miedo&#8221;.<\/p>\n\n\n\n<p>Sin embargo, en las redes sociales se han compartido ampliamente mensajes que critican a Ham\u00e1s, un cambio de tono respecto a la incredulidad y el triunfalismo de los primeros d\u00edas de la guerra.<\/p>\n\n\n\n<p>Aunque esto parece reflejar una tendencia creciente en Gaza, la sociedad sigue profundamente dividida. Algunos en Gaza no apoyan la lucha armada en ninguna de sus formas y s\u00f3lo quieren la paz. Otros apoyan incondicionalmente a Ham\u00e1s.<\/p>\n\n\n\n<p>Este mes, un estudio publicado por Arab World for Research and Development mostraba que el 60% de las 277 personas encuestadas en Gaza desde el comienzo de la guerra se sent\u00edan &#8220;algo positivo&#8221; a favor de Ham\u00e1s. Alrededor del 40% ten\u00eda una opini\u00f3n negativa.<\/p>\n\n\n\n<p>Sin embargo, las encuestas est\u00e1n limitadas por la guerra y por el miedo a pronunciarse contra un r\u00e9gimen autocr\u00e1tico.<\/p>\n\n\n\n<p><strong>\u00bfQu\u00e9 piensa realmente la poblaci\u00f3n de Gaza de Ham\u00e1s?<\/strong><\/p>\n\n\n\n<p>En primer lugar, es importante distinguir entre Ham\u00e1s como gobierno y como fuerza armada. Seg\u00fan las personas entrevistadas en Gaza y las encuestas, el apoyo a Ham\u00e1s como fuerza pol\u00edtica era bajo antes de la guerra.<\/p>\n\n\n\n<figure class=\"wp-block-image size-full\"><img loading=\"lazy\" decoding=\"async\" width=\"600\" height=\"400\" src=\"https:\/\/blogdiario.info\/magazine\/images\/2023\/11\/gaz_5_20231127.jpg\" alt=\"\" class=\"wp-image-1082\" srcset=\"https:\/\/blogdiario.info\/magazine\/images\/2023\/11\/gaz_5_20231127.jpg 600w, https:\/\/blogdiario.info\/magazine\/images\/2023\/11\/gaz_5_20231127-300x200.jpg 300w\" sizes=\"auto, (max-width: 600px) 100vw, 600px\" \/><figcaption class=\"wp-element-caption\">Simpatizantes de Ham\u00e1s se re\u00fanen en Gaza en 2006, meses despu\u00e9s de que el grupo llegara al poder<\/figcaption><\/figure>\n\n\n\n<p>Ham\u00e1s lleg\u00f3 al poder en 2006 en unas elecciones en las que obtuvo el 44% de los votos para gobernar durante un mandato de cuatro a\u00f1os. En el momento de las elecciones, la mitad de las personas que viven hoy en Gaza no hab\u00edan nacido.<\/p>\n\n\n\n<p>Un a\u00f1o despu\u00e9s, Ham\u00e1s expuls\u00f3 al partido de la oposici\u00f3n, Al Fatah, y se hizo con todo el poder en la Franja de Gaza.<\/p>\n\n\n\n<p>Durante la batalla por el control, militantes de Ham\u00e1s arrojaron a un combatiente rival de Al Fatah desde la azotea de un edificio de 15 plantas. M\u00e1s tarde, ese mismo d\u00eda, arrojaron a un combatiente de Ham\u00e1s desde otro edificio.<\/p>\n\n\n\n<p>Desde entonces, Ham\u00e1s ha dirigido Gaza con un autoritarismo brutal, encarcelando y torturando a sus cr\u00edticos.<\/p>\n\n\n\n<p>&#8220;Es un gobierno autocr\u00e1tico que s\u00f3lo se preocupa por s\u00ed mismo, nunca se han preocupado por nosotros como personas. Nos negaron las necesidades b\u00e1sicas cuando a ellos les iba bien econ\u00f3micamente&#8221;, afirm\u00f3 Omar, padre de dos hijos residente en Gaza, cuyo nombre se ha cambiado para proteger su identidad. &#8220;Lo que ocurri\u00f3 el 7 de octubre fue tan in\u00fatil que no lo celebr\u00e9 ni por un segundo. \u00bfQu\u00e9 iba a celebrar, que mataran a ni\u00f1os? Esto va contra el Islam, contra mi moral&#8221;.<\/p>\n\n\n\n<p>Antes del 7 de octubre, aunque Gaza era una sociedad isl\u00e1mica conservadora, sus habitantes no viv\u00edan bajo el tipo de restricciones impuestas por el Isis en Irak y Siria, o por los talibanes en Afganist\u00e1n. Las ni\u00f1as iban a la escuela y las mujeres pod\u00edan ir a la universidad. La peque\u00f1a comunidad cristiana de la franja pod\u00eda practicar su religi\u00f3n. No hab\u00eda bares: el alcohol estaba estrictamente prohibido, salvo para los cristianos. Y, como en la mayor parte de la regi\u00f3n, los homosexuales no eran abiertos con su sexualidad. La homosexualidad era ilegal en virtud de una ley de 1936 heredada del Mandato Brit\u00e1nico en Palestina, pero en la pr\u00e1ctica la ley no se aplicaba.<\/p>\n\n\n\n<p>Sin embargo, la poblaci\u00f3n de Gaza consideraba al gobierno de Ham\u00e1s corrupto, codicioso e ineficaz, incapaz siquiera de recoger la basura y hacer funcionar la electricidad, pero que exig\u00eda impuestos a pesar de todo. A los l\u00edderes de la divisi\u00f3n pol\u00edtica, como Ismail Haniyeh, de barba gris, se les consideraba alejados de la realidad, ya que viv\u00edan seguros en Beirut y Doha mientras su pueblo sufr\u00eda durante 16 a\u00f1os el bloqueo israel\u00ed, impuesto tambi\u00e9n por el gobierno egipcio.<\/p>\n\n\n\n<figure class=\"wp-block-image size-full\"><img loading=\"lazy\" decoding=\"async\" width=\"600\" height=\"398\" src=\"https:\/\/blogdiario.info\/magazine\/images\/2023\/11\/gaz_3_20231127.jpg\" alt=\"\" class=\"wp-image-1080\" srcset=\"https:\/\/blogdiario.info\/magazine\/images\/2023\/11\/gaz_3_20231127.jpg 600w, https:\/\/blogdiario.info\/magazine\/images\/2023\/11\/gaz_3_20231127-300x199.jpg 300w\" sizes=\"auto, (max-width: 600px) 100vw, 600px\" \/><figcaption class=\"wp-element-caption\">Ismail Haniyeh, actual presidente del brazo pol\u00edtico de Ham\u00e1s, vive en Qatar.<\/figcaption><\/figure>\n\n\n\n<p>A pesar del temor a la represi\u00f3n de Ham\u00e1s, miles de personas, en su mayor\u00eda j\u00f3venes, se manifestaron este verano en Gaza para exigir mejores condiciones de vida, como empleo, electricidad y agua.<\/p>\n\n\n\n<p>Un sondeo muy citado publicado en septiembre por el Centro Palestino de Investigaci\u00f3n de Pol\u00edticas y Encuestas mostraba que Haniyeh ganar\u00eda unas elecciones presidenciales en Gaza -aunque con una baja participaci\u00f3n- si se enfrentara a Mahmoud Abbas, l\u00edder de la Autoridad Palestina, que controla Cisjordania y tambi\u00e9n es visto como corrupto y desesperanzado.<\/p>\n\n\n\n<p>Pero si Haniyeh se enfrentara a Marwan Barghouti, otro pol\u00edtico de la oposici\u00f3n, que actualmente cumple cinco cadenas perpetuas en una prisi\u00f3n israel\u00ed por asesinato, perder\u00eda, con un 37% frente al 60% de Barghouti.<\/p>\n\n\n\n<p>Casi la mitad de las personas encuestadas en Gaza y Cisjordania afirmaron que ni Fatah ni Ham\u00e1s merec\u00edan liderar o representar a los palestinos. S\u00f3lo el 10% de los habitantes de Gaza dijo tener una opini\u00f3n positiva de sus condiciones de vida; el 72% afirm\u00f3 que hab\u00eda corrupci\u00f3n en las instituciones dirigidas por Ham\u00e1s.<\/p>\n\n\n\n<p>&#8220;Debemos celebrar nuevas elecciones para que la gente pueda elegir qui\u00e9n debe gobernar Gaza&#8221;, afirm\u00f3 Sara.<\/p>\n\n\n\n<p>Las brigadas armadas, sin embargo, tienen m\u00e1s apoyo. Las fuerzas de combate de Ham\u00e1s se consideran una parte m\u00e1s amplia de la lucha armada palestina contra Israel. M\u00e1s de dos tercios de los habitantes de Gaza descienden de refugiados que fueron expulsados o huyeron de lo que hoy es Israel en 1948, tras lo que los israel\u00edes llaman la Guerra de la Independencia y los palestinos la Nakba, la cat\u00e1strofe.<\/p>\n\n\n\n<p>Desde entonces, Israel se ha convertido en un pa\u00eds poderoso con amplio apoyo de Estados Unidos y otras potencias occidentales. Gaza, mientras tanto, es desesperadamente pobre y est\u00e1 sitiada. Cisjordania est\u00e1 ocupada por las fuerzas israel\u00edes. El proceso de paz est\u00e1 muerto. Los cohetes de Ham\u00e1s y los ataques con arma blanca en Cisjordania eran los \u00fanicos restos de la lucha armada por el Estado palestino, hasta el 7 de octubre.<\/p>\n\n\n\n<p>Ese d\u00eda, sin embargo, muchos en Gaza piensan que Ham\u00e1s fue demasiado lejos.<\/p>\n\n\n\n<p>&#8220;Fue un riesgo de locos&#8221;, dijo Sara. &#8220;Ham\u00e1s dio un paso m\u00e1s grande que su t\u00fanica y es responsable de sus consecuencias, pero por desgracia se esconde tras el velo de la resistencia mientras la gente est\u00e1 incre\u00edblemente agotada por la guerra&#8221;.<\/p>\n\n\n\n<p>Los dirigentes de Ham\u00e1s no han ayudado a su causa. En una entrevista ampliamente compartida con RT, la emisora financiada por el gobierno ruso, Mousa Abu Marzouk, un alto dirigente de Ham\u00e1s, dijo que los civiles no pod\u00edan encontrar seguridad en los cientos de kil\u00f3metros de t\u00faneles construidos por el grupo bajo Gaza porque se utilizaban para hacer la guerra.<\/p>\n\n\n\n<p>&#8220;Hemos construido los t\u00faneles porque no tenemos otra forma de protegernos de ser atacados y asesinados. Estos t\u00faneles sirven para protegernos de los aviones. Luchamos desde dentro de los t\u00faneles&#8221;, afirm\u00f3.<\/p>\n\n\n\n<p>Dado que la mayor\u00eda de los habitantes de Gaza son refugiados, es responsabilidad de las Naciones Unidas protegerlos.<\/p>\n\n\n\n<p>En un post de Facebook ampliamente compartido, un civil de Gaza critic\u00f3 duramente a Ham\u00e1s y a las dem\u00e1s facciones armadas por no preparar a la poblaci\u00f3n civil para la guerra, ya que combat\u00edan desde el interior de los t\u00faneles.<\/p>\n\n\n\n<p>&#8220;Por lo que veo en las declaraciones de los medios de comunicaci\u00f3n, que describen a las facciones armadas como si estuvieran perfectamente mientras el ej\u00e9rcito israel\u00ed entra en el coraz\u00f3n de la ciudad de Gaza, los t\u00faneles son suyos, los dirigentes est\u00e1n bien y libran una guerra feroz para la que parecen haberse preparado desde hace tiempo, lo que significa que durar\u00e1 mucho tiempo&#8221;, escribi\u00f3. &#8220;Sin embargo, no parece que los civiles tengamos cabida en sus c\u00e1lculos y planes. Si lo tuvi\u00e9ramos, encontrar\u00edamos -como m\u00ednimo- una reserva de art\u00edculos de primera necesidad para garantizar el suministro de nuestras necesidades durante un largo periodo de tiempo, en lugar del colapso de los sistemas de alimentos, agua, medicinas y electricidad.&#8221; <\/p>\n\n\n\n<figure class=\"wp-block-image size-full\"><img loading=\"lazy\" decoding=\"async\" width=\"600\" height=\"400\" src=\"https:\/\/blogdiario.info\/magazine\/images\/2023\/11\/gaz_4_20231127.jpg\" alt=\"\" class=\"wp-image-1081\" srcset=\"https:\/\/blogdiario.info\/magazine\/images\/2023\/11\/gaz_4_20231127.jpg 600w, https:\/\/blogdiario.info\/magazine\/images\/2023\/11\/gaz_4_20231127-300x200.jpg 300w\" sizes=\"auto, (max-width: 600px) 100vw, 600px\" \/><figcaption class=\"wp-element-caption\">Soldados israel\u00edes junto a la abertura de un t\u00fanel del hospital de Al Shifa, que, seg\u00fan afirman, fue utilizado por Ham\u00e1s <\/figcaption><\/figure>\n\n\n\n<p>Tambi\u00e9n pidi\u00f3 la devoluci\u00f3n de todos los rehenes restantes a cambio de un alto el fuego y una retirada israel\u00ed, o la apertura del paso fronterizo de Rafah con Egipto.<\/p>\n\n\n\n<p>Omar, padre de dos hijos que viven en Gaza, declar\u00f3 que no apoyaba a Ham\u00e1s antes de la guerra y que estaba horrorizado por los actos de violencia del 7 de octubre.<\/p>\n\n\n\n<p>&#8220;Tras el ataque del 7 de octubre [Ham\u00e1s] desapareci\u00f3, el OOPS [Organismo de Obras P\u00fablicas y Socorro de las Naciones Unidas] y otras organizaciones humanitarias tuvieron que hacerse cargo de las necesidades de la gente. Ahora no tenemos ning\u00fan medio de seguridad, la gente se pelea por la comida y el agua, roban para poder alimentar a sus hijos&#8221;, dijo. &#8220;\u00bfD\u00f3nde est\u00e1 Ham\u00e1s? \u00bfC\u00f3mo est\u00e1n ayudando? Si Israel vuelve a ocupar Gaza, \u00bfc\u00f3mo puede llamarse victoria a lo ocurrido? Para m\u00ed, la vida humana es lo \u00fanico que importa, nada m\u00e1s. No me importan los logros militares. Soy padre y lo \u00fanico que quiero es que mis hijos est\u00e9n a salvo, no me importa nada m\u00e1s&#8221;.<\/p>\n\n\n\n<p>Sin embargo, a pesar de la guerra, algunos habitantes de Gaza siguen sintiendo devoci\u00f3n por Ham\u00e1s y creen que las matanzas del 7 de octubre forman parte de una resistencia armada leg\u00edtima contra la ocupaci\u00f3n israel\u00ed de Cisjordania y el asedio de Gaza. Siguen las cuentas de Ham\u00e1s en las redes sociales que afirman que Ham\u00e1s est\u00e1 ganando la guerra contra Israel y que las FDI no han tenido ning\u00fan \u00e9xito militar en Gaza.<\/p>\n\n\n\n<p>Laila, cuyo nombre ha sido cambiado, perdi\u00f3 a su hermana en los bombardeos israel\u00edes posteriores al 7 de octubre. Sin embargo, cree que es &#8220;el precio de la libertad&#8221;.<\/p>\n\n\n\n<p>&#8220;No soy de Ham\u00e1s, pero apoyo sus actos de resistencia&#8221;, afirm\u00f3. &#8220;Todos los partidos de la resistencia tienen derecho a defender nuestro pa\u00eds contra la ocupaci\u00f3n. Israel tiene que pagar por nuestro asedio y por matarnos. Este es el lenguaje que entiende el mundo, el lenguaje del poder.<\/p>\n\n\n\n<p>&#8220;Tenemos que seguir luchando contra Israel porque es la raz\u00f3n principal de todo nuestro sufrimiento, ellos son la ocupaci\u00f3n&#8221;, afirm\u00f3. &#8220;S\u00e9 que pagamos un alto precio, pero quiz\u00e1 mis hijos obtengan los frutos de esto, vivir en una Palestina libre&#8221;.<br><br><small>Copyright \u00a9 2023 BlogDiario.info \/  SalaStampa.Eu, servicio mundial de prensa<\/small>  <\/p>\n","protected":false},"excerpt":{"rendered":"<p>Algunos est\u00e1n horrorizados por las masacres, otros piensan que el derramamiento de sangre y las devastadoras represalias israel\u00edes son el precio de la libertad<\/p>\n","protected":false},"author":1,"featured_media":1083,"comment_status":"closed","ping_status":"closed","sticky":false,"template":"","format":"standard","meta":{"footnotes":"","_links_to":"","_links_to_target":""},"categories":[97,109,62,119],"tags":[],"class_list":["post-1077","post","type-post","status-publish","format-standard","has-post-thumbnail","hentry","category-elcanillita","category-dc24","category-actualidad","category-guerra","entry","rows"],"yoast_head":"<!-- This site is optimized with the Yoast SEO plugin v27.4 - https:\/\/yoast.com\/product\/yoast-seo-wordpress\/ -->\n<title>\u00bfQue opinan los gazat\u00edes de Ham\u00e1s? - BlogDiario Magazine<\/title>\n<meta name=\"description\" content=\"Algunos est\u00e1n horrorizados por las masacres, otros piensan que el derramamiento de sangre y las devastadoras represalias israel\u00edes son el precio de la libertad.\" \/>\n<meta name=\"robots\" content=\"index, follow, max-snippet:-1, max-image-preview:large, max-video-preview:-1\" \/>\n<link rel=\"canonical\" href=\"https:\/\/blogdiario.info\/magazine\/2023\/11\/27\/que-opinan-los-gazaties-de-hamas\/\" \/>\n<meta property=\"og:locale\" content=\"es_ES\" \/>\n<meta property=\"og:type\" content=\"article\" \/>\n<meta property=\"og:title\" content=\"\u00bfQue opinan los gazat\u00edes de Ham\u00e1s? - BlogDiario Magazine\" \/>\n<meta property=\"og:description\" content=\"Algunos est\u00e1n horrorizados por las masacres, otros piensan que el derramamiento de sangre y las devastadoras represalias israel\u00edes son el precio de la libertad.\" \/>\n<meta property=\"og:url\" content=\"https:\/\/blogdiario.info\/magazine\/2023\/11\/27\/que-opinan-los-gazaties-de-hamas\/\" \/>\n<meta property=\"og:site_name\" content=\"BlogDiario Magazine\" \/>\n<meta property=\"article:published_time\" content=\"2023-11-27T20:24:59+00:00\" \/>\n<meta property=\"article:modified_time\" content=\"2023-11-27T20:25:00+00:00\" \/>\n<meta property=\"og:image\" content=\"https:\/\/blogdiario.info\/magazine\/images\/2023\/11\/gaz_6_20231127.jpg\" \/>\n\t<meta property=\"og:image:width\" content=\"600\" \/>\n\t<meta property=\"og:image:height\" content=\"400\" \/>\n\t<meta property=\"og:image:type\" content=\"image\/jpeg\" \/>\n<meta name=\"author\" content=\"World Press Service | Servicio de Prensa Mundial\" \/>\n<meta name=\"twitter:card\" content=\"summary_large_image\" \/>\n<meta name=\"twitter:label1\" content=\"Escrito por\" \/>\n\t<meta name=\"twitter:data1\" content=\"World Press Service | Servicio de Prensa Mundial\" \/>\n\t<meta name=\"twitter:label2\" content=\"Tiempo de lectura\" \/>\n\t<meta name=\"twitter:data2\" content=\"12 minutos\" \/>\n<script type=\"application\/ld+json\" class=\"yoast-schema-graph\">{\"@context\":\"https:\\\/\\\/schema.org\",\"@graph\":[{\"@type\":\"Article\",\"@id\":\"https:\\\/\\\/blogdiario.info\\\/magazine\\\/2023\\\/11\\\/27\\\/que-opinan-los-gazaties-de-hamas\\\/#article\",\"isPartOf\":{\"@id\":\"https:\\\/\\\/blogdiario.info\\\/magazine\\\/2023\\\/11\\\/27\\\/que-opinan-los-gazaties-de-hamas\\\/\"},\"author\":{\"name\":\"World Press Service | Servicio de Prensa Mundial\",\"@id\":\"https:\\\/\\\/blogdiario.info\\\/magazine\\\/#\\\/schema\\\/person\\\/b2422fe85574d945bad55513bb0c7354\"},\"headline\":\"\u00bfQue opinan los gazat\u00edes de Ham\u00e1s?\",\"datePublished\":\"2023-11-27T20:24:59+00:00\",\"dateModified\":\"2023-11-27T20:25:00+00:00\",\"mainEntityOfPage\":{\"@id\":\"https:\\\/\\\/blogdiario.info\\\/magazine\\\/2023\\\/11\\\/27\\\/que-opinan-los-gazaties-de-hamas\\\/\"},\"wordCount\":2569,\"publisher\":{\"@id\":\"https:\\\/\\\/blogdiario.info\\\/magazine\\\/#organization\"},\"image\":{\"@id\":\"https:\\\/\\\/blogdiario.info\\\/magazine\\\/2023\\\/11\\\/27\\\/que-opinan-los-gazaties-de-hamas\\\/#primaryimage\"},\"thumbnailUrl\":\"https:\\\/\\\/blogdiario.info\\\/magazine\\\/images\\\/2023\\\/11\\\/gaz_6_20231127.jpg\",\"articleSection\":[\".\",\".\",\"Actualidad\",\"Guerra\"],\"inLanguage\":\"es-AR\"},{\"@type\":\"WebPage\",\"@id\":\"https:\\\/\\\/blogdiario.info\\\/magazine\\\/2023\\\/11\\\/27\\\/que-opinan-los-gazaties-de-hamas\\\/\",\"url\":\"https:\\\/\\\/blogdiario.info\\\/magazine\\\/2023\\\/11\\\/27\\\/que-opinan-los-gazaties-de-hamas\\\/\",\"name\":\"\u00bfQue opinan los gazat\u00edes de Ham\u00e1s? - BlogDiario Magazine\",\"isPartOf\":{\"@id\":\"https:\\\/\\\/blogdiario.info\\\/magazine\\\/#website\"},\"primaryImageOfPage\":{\"@id\":\"https:\\\/\\\/blogdiario.info\\\/magazine\\\/2023\\\/11\\\/27\\\/que-opinan-los-gazaties-de-hamas\\\/#primaryimage\"},\"image\":{\"@id\":\"https:\\\/\\\/blogdiario.info\\\/magazine\\\/2023\\\/11\\\/27\\\/que-opinan-los-gazaties-de-hamas\\\/#primaryimage\"},\"thumbnailUrl\":\"https:\\\/\\\/blogdiario.info\\\/magazine\\\/images\\\/2023\\\/11\\\/gaz_6_20231127.jpg\",\"datePublished\":\"2023-11-27T20:24:59+00:00\",\"dateModified\":\"2023-11-27T20:25:00+00:00\",\"description\":\"Algunos est\u00e1n horrorizados por las masacres, otros piensan que el derramamiento de sangre y las devastadoras represalias israel\u00edes son el precio de la libertad.\",\"breadcrumb\":{\"@id\":\"https:\\\/\\\/blogdiario.info\\\/magazine\\\/2023\\\/11\\\/27\\\/que-opinan-los-gazaties-de-hamas\\\/#breadcrumb\"},\"inLanguage\":\"es-AR\",\"potentialAction\":[{\"@type\":\"ReadAction\",\"target\":[\"https:\\\/\\\/blogdiario.info\\\/magazine\\\/2023\\\/11\\\/27\\\/que-opinan-los-gazaties-de-hamas\\\/\"]}]},{\"@type\":\"ImageObject\",\"inLanguage\":\"es-AR\",\"@id\":\"https:\\\/\\\/blogdiario.info\\\/magazine\\\/2023\\\/11\\\/27\\\/que-opinan-los-gazaties-de-hamas\\\/#primaryimage\",\"url\":\"https:\\\/\\\/blogdiario.info\\\/magazine\\\/images\\\/2023\\\/11\\\/gaz_6_20231127.jpg\",\"contentUrl\":\"https:\\\/\\\/blogdiario.info\\\/magazine\\\/images\\\/2023\\\/11\\\/gaz_6_20231127.jpg\",\"width\":600,\"height\":400},{\"@type\":\"BreadcrumbList\",\"@id\":\"https:\\\/\\\/blogdiario.info\\\/magazine\\\/2023\\\/11\\\/27\\\/que-opinan-los-gazaties-de-hamas\\\/#breadcrumb\",\"itemListElement\":[{\"@type\":\"ListItem\",\"position\":1,\"name\":\"Home\",\"item\":\"https:\\\/\\\/blogdiario.info\\\/magazine\\\/\"},{\"@type\":\"ListItem\",\"position\":2,\"name\":\"\u00bfQue opinan los gazat\u00edes de Ham\u00e1s?\"}]},{\"@type\":\"WebSite\",\"@id\":\"https:\\\/\\\/blogdiario.info\\\/magazine\\\/#website\",\"url\":\"https:\\\/\\\/blogdiario.info\\\/magazine\\\/\",\"name\":\"BlogDiario Magazine\",\"description\":\"Suplemento multiling\u00fce de ElCanillita.Info\",\"publisher\":{\"@id\":\"https:\\\/\\\/blogdiario.info\\\/magazine\\\/#organization\"},\"potentialAction\":[{\"@type\":\"SearchAction\",\"target\":{\"@type\":\"EntryPoint\",\"urlTemplate\":\"https:\\\/\\\/blogdiario.info\\\/magazine\\\/?s={search_term_string}\"},\"query-input\":{\"@type\":\"PropertyValueSpecification\",\"valueRequired\":true,\"valueName\":\"search_term_string\"}}],\"inLanguage\":\"es-AR\"},{\"@type\":\"Organization\",\"@id\":\"https:\\\/\\\/blogdiario.info\\\/magazine\\\/#organization\",\"name\":\"Guzzo Photos & Graphic Publications\",\"url\":\"https:\\\/\\\/blogdiario.info\\\/magazine\\\/\",\"logo\":{\"@type\":\"ImageObject\",\"inLanguage\":\"es-AR\",\"@id\":\"https:\\\/\\\/blogdiario.info\\\/magazine\\\/#\\\/schema\\\/logo\\\/image\\\/\",\"url\":\"https:\\\/\\\/blogdiario.info\\\/magazine\\\/images\\\/2020\\\/01\\\/cropped-blogdia_magazine.jpg\",\"contentUrl\":\"https:\\\/\\\/blogdiario.info\\\/magazine\\\/images\\\/2020\\\/01\\\/cropped-blogdia_magazine.jpg\",\"width\":589,\"height\":55,\"caption\":\"Guzzo Photos & Graphic Publications\"},\"image\":{\"@id\":\"https:\\\/\\\/blogdiario.info\\\/magazine\\\/#\\\/schema\\\/logo\\\/image\\\/\"}},{\"@type\":\"Person\",\"@id\":\"https:\\\/\\\/blogdiario.info\\\/magazine\\\/#\\\/schema\\\/person\\\/b2422fe85574d945bad55513bb0c7354\",\"name\":\"World Press Service | Servicio de Prensa Mundial\"}]}<\/script>\n<!-- \/ Yoast SEO plugin. -->","yoast_head_json":{"title":"\u00bfQue opinan los gazat\u00edes de Ham\u00e1s? - BlogDiario Magazine","description":"Algunos est\u00e1n horrorizados por las masacres, otros piensan que el derramamiento de sangre y las devastadoras represalias israel\u00edes son el precio de la libertad.","robots":{"index":"index","follow":"follow","max-snippet":"max-snippet:-1","max-image-preview":"max-image-preview:large","max-video-preview":"max-video-preview:-1"},"canonical":"https:\/\/blogdiario.info\/magazine\/2023\/11\/27\/que-opinan-los-gazaties-de-hamas\/","og_locale":"es_ES","og_type":"article","og_title":"\u00bfQue opinan los gazat\u00edes de Ham\u00e1s? - BlogDiario Magazine","og_description":"Algunos est\u00e1n horrorizados por las masacres, otros piensan que el derramamiento de sangre y las devastadoras represalias israel\u00edes son el precio de la libertad.","og_url":"https:\/\/blogdiario.info\/magazine\/2023\/11\/27\/que-opinan-los-gazaties-de-hamas\/","og_site_name":"BlogDiario Magazine","article_published_time":"2023-11-27T20:24:59+00:00","article_modified_time":"2023-11-27T20:25:00+00:00","og_image":[{"width":600,"height":400,"url":"https:\/\/blogdiario.info\/magazine\/images\/2023\/11\/gaz_6_20231127.jpg","type":"image\/jpeg"}],"author":"World Press Service | Servicio de Prensa Mundial","twitter_card":"summary_large_image","twitter_misc":{"Escrito por":"World Press Service | Servicio de Prensa Mundial","Tiempo de lectura":"12 minutos"},"schema":{"@context":"https:\/\/schema.org","@graph":[{"@type":"Article","@id":"https:\/\/blogdiario.info\/magazine\/2023\/11\/27\/que-opinan-los-gazaties-de-hamas\/#article","isPartOf":{"@id":"https:\/\/blogdiario.info\/magazine\/2023\/11\/27\/que-opinan-los-gazaties-de-hamas\/"},"author":{"name":"World Press Service | Servicio de Prensa Mundial","@id":"https:\/\/blogdiario.info\/magazine\/#\/schema\/person\/b2422fe85574d945bad55513bb0c7354"},"headline":"\u00bfQue opinan los gazat\u00edes de Ham\u00e1s?","datePublished":"2023-11-27T20:24:59+00:00","dateModified":"2023-11-27T20:25:00+00:00","mainEntityOfPage":{"@id":"https:\/\/blogdiario.info\/magazine\/2023\/11\/27\/que-opinan-los-gazaties-de-hamas\/"},"wordCount":2569,"publisher":{"@id":"https:\/\/blogdiario.info\/magazine\/#organization"},"image":{"@id":"https:\/\/blogdiario.info\/magazine\/2023\/11\/27\/que-opinan-los-gazaties-de-hamas\/#primaryimage"},"thumbnailUrl":"https:\/\/blogdiario.info\/magazine\/images\/2023\/11\/gaz_6_20231127.jpg","articleSection":[".",".","Actualidad","Guerra"],"inLanguage":"es-AR"},{"@type":"WebPage","@id":"https:\/\/blogdiario.info\/magazine\/2023\/11\/27\/que-opinan-los-gazaties-de-hamas\/","url":"https:\/\/blogdiario.info\/magazine\/2023\/11\/27\/que-opinan-los-gazaties-de-hamas\/","name":"\u00bfQue opinan los gazat\u00edes de Ham\u00e1s? - BlogDiario Magazine","isPartOf":{"@id":"https:\/\/blogdiario.info\/magazine\/#website"},"primaryImageOfPage":{"@id":"https:\/\/blogdiario.info\/magazine\/2023\/11\/27\/que-opinan-los-gazaties-de-hamas\/#primaryimage"},"image":{"@id":"https:\/\/blogdiario.info\/magazine\/2023\/11\/27\/que-opinan-los-gazaties-de-hamas\/#primaryimage"},"thumbnailUrl":"https:\/\/blogdiario.info\/magazine\/images\/2023\/11\/gaz_6_20231127.jpg","datePublished":"2023-11-27T20:24:59+00:00","dateModified":"2023-11-27T20:25:00+00:00","description":"Algunos est\u00e1n horrorizados por las masacres, otros piensan que el derramamiento de sangre y las devastadoras represalias israel\u00edes son el precio de la libertad.","breadcrumb":{"@id":"https:\/\/blogdiario.info\/magazine\/2023\/11\/27\/que-opinan-los-gazaties-de-hamas\/#breadcrumb"},"inLanguage":"es-AR","potentialAction":[{"@type":"ReadAction","target":["https:\/\/blogdiario.info\/magazine\/2023\/11\/27\/que-opinan-los-gazaties-de-hamas\/"]}]},{"@type":"ImageObject","inLanguage":"es-AR","@id":"https:\/\/blogdiario.info\/magazine\/2023\/11\/27\/que-opinan-los-gazaties-de-hamas\/#primaryimage","url":"https:\/\/blogdiario.info\/magazine\/images\/2023\/11\/gaz_6_20231127.jpg","contentUrl":"https:\/\/blogdiario.info\/magazine\/images\/2023\/11\/gaz_6_20231127.jpg","width":600,"height":400},{"@type":"BreadcrumbList","@id":"https:\/\/blogdiario.info\/magazine\/2023\/11\/27\/que-opinan-los-gazaties-de-hamas\/#breadcrumb","itemListElement":[{"@type":"ListItem","position":1,"name":"Home","item":"https:\/\/blogdiario.info\/magazine\/"},{"@type":"ListItem","position":2,"name":"\u00bfQue opinan los gazat\u00edes de Ham\u00e1s?"}]},{"@type":"WebSite","@id":"https:\/\/blogdiario.info\/magazine\/#website","url":"https:\/\/blogdiario.info\/magazine\/","name":"BlogDiario Magazine","description":"Suplemento multiling\u00fce de ElCanillita.Info","publisher":{"@id":"https:\/\/blogdiario.info\/magazine\/#organization"},"potentialAction":[{"@type":"SearchAction","target":{"@type":"EntryPoint","urlTemplate":"https:\/\/blogdiario.info\/magazine\/?s={search_term_string}"},"query-input":{"@type":"PropertyValueSpecification","valueRequired":true,"valueName":"search_term_string"}}],"inLanguage":"es-AR"},{"@type":"Organization","@id":"https:\/\/blogdiario.info\/magazine\/#organization","name":"Guzzo Photos & Graphic Publications","url":"https:\/\/blogdiario.info\/magazine\/","logo":{"@type":"ImageObject","inLanguage":"es-AR","@id":"https:\/\/blogdiario.info\/magazine\/#\/schema\/logo\/image\/","url":"https:\/\/blogdiario.info\/magazine\/images\/2020\/01\/cropped-blogdia_magazine.jpg","contentUrl":"https:\/\/blogdiario.info\/magazine\/images\/2020\/01\/cropped-blogdia_magazine.jpg","width":589,"height":55,"caption":"Guzzo Photos & Graphic Publications"},"image":{"@id":"https:\/\/blogdiario.info\/magazine\/#\/schema\/logo\/image\/"}},{"@type":"Person","@id":"https:\/\/blogdiario.info\/magazine\/#\/schema\/person\/b2422fe85574d945bad55513bb0c7354","name":"World Press Service | Servicio de Prensa Mundial"}]}},"views":466,"_links":{"self":[{"href":"https:\/\/blogdiario.info\/magazine\/wp-json\/wp\/v2\/posts\/1077","targetHints":{"allow":["GET"]}}],"collection":[{"href":"https:\/\/blogdiario.info\/magazine\/wp-json\/wp\/v2\/posts"}],"about":[{"href":"https:\/\/blogdiario.info\/magazine\/wp-json\/wp\/v2\/types\/post"}],"author":[{"embeddable":true,"href":"https:\/\/blogdiario.info\/magazine\/wp-json\/wp\/v2\/users\/1"}],"replies":[{"embeddable":true,"href":"https:\/\/blogdiario.info\/magazine\/wp-json\/wp\/v2\/comments?post=1077"}],"version-history":[{"count":0,"href":"https:\/\/blogdiario.info\/magazine\/wp-json\/wp\/v2\/posts\/1077\/revisions"}],"wp:featuredmedia":[{"embeddable":true,"href":"https:\/\/blogdiario.info\/magazine\/wp-json\/wp\/v2\/media\/1083"}],"wp:attachment":[{"href":"https:\/\/blogdiario.info\/magazine\/wp-json\/wp\/v2\/media?parent=1077"}],"wp:term":[{"taxonomy":"category","embeddable":true,"href":"https:\/\/blogdiario.info\/magazine\/wp-json\/wp\/v2\/categories?post=1077"},{"taxonomy":"post_tag","embeddable":true,"href":"https:\/\/blogdiario.info\/magazine\/wp-json\/wp\/v2\/tags?post=1077"}],"curies":[{"name":"wp","href":"https:\/\/api.w.org\/{rel}","templated":true}]}}