{"id":1064,"date":"2023-11-22T20:58:44","date_gmt":"2023-11-22T19:58:44","guid":{"rendered":"https:\/\/blogdiario.info\/magazine\/?p=1064"},"modified":"2023-11-22T21:00:36","modified_gmt":"2023-11-22T20:00:36","slug":"papa-francisco-acusa-a-israel-y-a-los-palestinos-de-terrorismo","status":"publish","type":"post","link":"https:\/\/blogdiario.info\/magazine\/2023\/11\/22\/papa-francisco-acusa-a-israel-y-a-los-palestinos-de-terrorismo\/","title":{"rendered":"Papa Francisco acusa a Israel y a los palestinos de terrorismo"},"content":{"rendered":"\n<figure class=\"wp-block-image size-full is-resized\"><img loading=\"lazy\" decoding=\"async\" width=\"600\" height=\"337\" src=\"https:\/\/blogdiario.info\/magazine\/images\/2023\/11\/pope_20231122.jpg\" alt=\"\" class=\"wp-image-1065\" style=\"aspect-ratio:1.7804154302670623;width:733px;height:auto\" srcset=\"https:\/\/blogdiario.info\/magazine\/images\/2023\/11\/pope_20231122.jpg 600w, https:\/\/blogdiario.info\/magazine\/images\/2023\/11\/pope_20231122-300x169.jpg 300w\" sizes=\"auto, (max-width: 600px) 100vw, 600px\" \/><figcaption class=\"wp-element-caption\"> <\/figcaption><\/figure>\n\n\n\n<p><strong>BlogDiario.info, 22\/11\/2023<\/strong><br>El Papa hizo estas declaraciones al t\u00e9rmino de la audiencia general de esta semana. Afirm\u00f3 que el conflicto en Gaza ha ido m\u00e1s all\u00e1 de la guerra y se ha convertido en terrorismo, tras reunirse con las delegaciones israel\u00ed y palestina que visitan el Vaticano.<\/p>\n\n\n\n<p>Al final de su audiencia general del mi\u00e9rcoles, el Papa dijo: &#8220;Esta ma\u00f1ana he recibido a dos delegaciones: una de israel\u00edes con familiares rehenes en Gaza y otra de palestinos con familiares prisioneros en Israel.<\/p>\n\n\n\n<p>&#8220;Est\u00e1n sufriendo de verdad, he sentido el sufrimiento de ambos. Esto es lo que hacen las guerras, pero aqu\u00ed hemos ido m\u00e1s all\u00e1 de la guerra. Esto no es una guerra, es terrorismo. Por favor, sigamos adelante y recemos por la paz. Recen mucho por la paz&#8221;.<\/p>\n\n\n\n<p>Desde el ataque de Ham\u00e1s del 7 de octubre, en el que murieron 1.200 israel\u00edes, Israel ha bombardeado Gaza, arrasando edificios y matando a m\u00e1s de 13.000 personas.<\/p>\n\n\n\n<p>Antes de reunirse con el Papa el mi\u00e9rcoles, Michael Levy, miembro de la delegaci\u00f3n israel\u00ed, dijo que esperaba que el Papa pudiera ayudar a conseguir la liberaci\u00f3n de su hermano, Or Levy, capturado por Ham\u00e1s en el festival de m\u00fasica Supernova.<\/p>\n\n\n\n<p>&#8220;Espero que el Papa ayude presionando en el mundo, como puede&#8221;, declar\u00f3 al diario Corriere della Sera.<\/p>\n\n\n\n<p>Levy dijo que la esposa de su hermano hab\u00eda sido asesinada por hombres armados de Ham\u00e1s en el festival despu\u00e9s de que la pareja intentara esconderse en un refugio antia\u00e9reo. A\u00f1adi\u00f3 que 29 personas se hab\u00edan escondido en el refugio, de las cuales 18 murieron cuando los militantes utilizaron granadas para forzar la entrada. Cuatro del grupo fueron secuestrados y siete escaparon a la captura escondi\u00e9ndose bajo cad\u00e1veres.<\/p>\n\n\n\n<p>&#8220;No tuve noticias de mi hermano durante d\u00edas, hasta que se confirm\u00f3 que estaba en manos de los secuestradores&#8221;, dijo Levy.<\/p>\n\n\n\n<p>El Papa habl\u00f3 mientras Israel acordaba un alto el fuego en Gaza durante cuatro d\u00edas para permitir la liberaci\u00f3n de 50 rehenes israel\u00edes de Gaza y de al menos 150 palestinos encarcelados en Israel.<\/p>\n\n\n\n<p>Levy se mostr\u00f3 esc\u00e9ptico sobre la liberaci\u00f3n de los rehenes. &#8220;Llevo 46 d\u00edas oy\u00e9ndolo. Lo creer\u00e9 cuando suceda&#8221;, afirm\u00f3.<br><br><small>Copyright \u00a9 2023 ElCanillita.info \/ BlogDiario.info, servicio mundial de prensa<\/small><\/p>\n","protected":false},"excerpt":{"rendered":"<p>El Pont\u00edfice dice que el conflicto de Gaza &#8220;ha ido m\u00e1s all\u00e1 de la guerra.<br \/>\nEl Papa hizo estas declaraciones al t\u00e9rmino de la audiencia general de esta semana.<\/p>\n","protected":false},"author":1,"featured_media":1065,"comment_status":"closed","ping_status":"closed","sticky":false,"template":"","format":"standard","meta":{"footnotes":"","_links_to":"","_links_to_target":""},"categories":[97,109,62,46,119,54],"tags":[125,122,121],"class_list":["post-1064","post","type-post","status-publish","format-standard","has-post-thumbnail","hentry","category-elcanillita","category-dc24","category-actualidad","category-europa","category-guerra","category-medio-oriente","tag-ciudad-del-vaticano","tag-gaza","tag-israel","entry","rows"],"yoast_head":"<!-- This site is optimized with the Yoast SEO plugin v27.4 - https:\/\/yoast.com\/product\/yoast-seo-wordpress\/ -->\n<title>Papa Francisco acusa a Israel y a los palestinos de terrorismo - BlogDiario Magazine<\/title>\n<meta name=\"description\" content=\"El Pont\u00edfice dice que el conflicto de Gaza &quot;ha ido m\u00e1s all\u00e1 de la guerra. El Pont\u00edfice dice que el conflicto de Gaza &quot;ha ido m\u00e1s all\u00e1 de la guerra. El Papa hizo estas declaraciones al t\u00e9rmino de la audiencia general de esta semana.\" \/>\n<meta name=\"robots\" content=\"index, follow, max-snippet:-1, max-image-preview:large, max-video-preview:-1\" \/>\n<link rel=\"canonical\" href=\"https:\/\/blogdiario.info\/magazine\/2023\/11\/22\/papa-francisco-acusa-a-israel-y-a-los-palestinos-de-terrorismo\/\" \/>\n<meta property=\"og:locale\" content=\"es_ES\" \/>\n<meta property=\"og:type\" content=\"article\" \/>\n<meta property=\"og:title\" content=\"Papa Francisco acusa a Israel y a los palestinos de terrorismo - BlogDiario Magazine\" \/>\n<meta property=\"og:description\" content=\"El Pont\u00edfice dice que el conflicto de Gaza &quot;ha ido m\u00e1s all\u00e1 de la guerra. El Pont\u00edfice dice que el conflicto de Gaza &quot;ha ido m\u00e1s all\u00e1 de la guerra. El Papa hizo estas declaraciones al t\u00e9rmino de la audiencia general de esta semana.\" \/>\n<meta property=\"og:url\" content=\"https:\/\/blogdiario.info\/magazine\/2023\/11\/22\/papa-francisco-acusa-a-israel-y-a-los-palestinos-de-terrorismo\/\" \/>\n<meta property=\"og:site_name\" content=\"BlogDiario Magazine\" \/>\n<meta property=\"article:published_time\" content=\"2023-11-22T19:58:44+00:00\" \/>\n<meta property=\"article:modified_time\" content=\"2023-11-22T20:00:36+00:00\" \/>\n<meta property=\"og:image\" content=\"https:\/\/blogdiario.info\/magazine\/images\/2023\/11\/pope_20231122.jpg\" \/>\n\t<meta property=\"og:image:width\" content=\"600\" \/>\n\t<meta property=\"og:image:height\" content=\"337\" \/>\n\t<meta property=\"og:image:type\" content=\"image\/jpeg\" \/>\n<meta name=\"author\" content=\"World Press Service | Servicio de Prensa Mundial\" \/>\n<meta name=\"twitter:card\" content=\"summary_large_image\" \/>\n<meta name=\"twitter:label1\" content=\"Escrito por\" \/>\n\t<meta name=\"twitter:data1\" content=\"World Press Service | Servicio de Prensa Mundial\" \/>\n\t<meta name=\"twitter:label2\" content=\"Tiempo de lectura\" \/>\n\t<meta name=\"twitter:data2\" content=\"2 minutos\" \/>\n<script type=\"application\/ld+json\" class=\"yoast-schema-graph\">{\"@context\":\"https:\\\/\\\/schema.org\",\"@graph\":[{\"@type\":\"Article\",\"@id\":\"https:\\\/\\\/blogdiario.info\\\/magazine\\\/2023\\\/11\\\/22\\\/papa-francisco-acusa-a-israel-y-a-los-palestinos-de-terrorismo\\\/#article\",\"isPartOf\":{\"@id\":\"https:\\\/\\\/blogdiario.info\\\/magazine\\\/2023\\\/11\\\/22\\\/papa-francisco-acusa-a-israel-y-a-los-palestinos-de-terrorismo\\\/\"},\"author\":{\"name\":\"World Press Service | Servicio de Prensa Mundial\",\"@id\":\"https:\\\/\\\/blogdiario.info\\\/magazine\\\/#\\\/schema\\\/person\\\/b2422fe85574d945bad55513bb0c7354\"},\"headline\":\"Papa Francisco acusa a Israel y a los palestinos de terrorismo\",\"datePublished\":\"2023-11-22T19:58:44+00:00\",\"dateModified\":\"2023-11-22T20:00:36+00:00\",\"mainEntityOfPage\":{\"@id\":\"https:\\\/\\\/blogdiario.info\\\/magazine\\\/2023\\\/11\\\/22\\\/papa-francisco-acusa-a-israel-y-a-los-palestinos-de-terrorismo\\\/\"},\"wordCount\":400,\"publisher\":{\"@id\":\"https:\\\/\\\/blogdiario.info\\\/magazine\\\/#organization\"},\"image\":{\"@id\":\"https:\\\/\\\/blogdiario.info\\\/magazine\\\/2023\\\/11\\\/22\\\/papa-francisco-acusa-a-israel-y-a-los-palestinos-de-terrorismo\\\/#primaryimage\"},\"thumbnailUrl\":\"https:\\\/\\\/blogdiario.info\\\/magazine\\\/images\\\/2023\\\/11\\\/pope_20231122.jpg\",\"keywords\":[\"Ciudad del Vaticano\",\"Gaza\",\"Israel\"],\"articleSection\":[\".\",\".\",\"Actualidad\",\"Europa\",\"Guerra\",\"Medio Oriente\"],\"inLanguage\":\"es-AR\"},{\"@type\":\"WebPage\",\"@id\":\"https:\\\/\\\/blogdiario.info\\\/magazine\\\/2023\\\/11\\\/22\\\/papa-francisco-acusa-a-israel-y-a-los-palestinos-de-terrorismo\\\/\",\"url\":\"https:\\\/\\\/blogdiario.info\\\/magazine\\\/2023\\\/11\\\/22\\\/papa-francisco-acusa-a-israel-y-a-los-palestinos-de-terrorismo\\\/\",\"name\":\"Papa Francisco acusa a Israel y a los palestinos de terrorismo - BlogDiario Magazine\",\"isPartOf\":{\"@id\":\"https:\\\/\\\/blogdiario.info\\\/magazine\\\/#website\"},\"primaryImageOfPage\":{\"@id\":\"https:\\\/\\\/blogdiario.info\\\/magazine\\\/2023\\\/11\\\/22\\\/papa-francisco-acusa-a-israel-y-a-los-palestinos-de-terrorismo\\\/#primaryimage\"},\"image\":{\"@id\":\"https:\\\/\\\/blogdiario.info\\\/magazine\\\/2023\\\/11\\\/22\\\/papa-francisco-acusa-a-israel-y-a-los-palestinos-de-terrorismo\\\/#primaryimage\"},\"thumbnailUrl\":\"https:\\\/\\\/blogdiario.info\\\/magazine\\\/images\\\/2023\\\/11\\\/pope_20231122.jpg\",\"datePublished\":\"2023-11-22T19:58:44+00:00\",\"dateModified\":\"2023-11-22T20:00:36+00:00\",\"description\":\"El Pont\u00edfice dice que el conflicto de Gaza \\\"ha ido m\u00e1s all\u00e1 de la guerra. El Pont\u00edfice dice que el conflicto de Gaza \\\"ha ido m\u00e1s all\u00e1 de la guerra. El Papa hizo estas declaraciones al t\u00e9rmino de la audiencia general de esta semana.\",\"breadcrumb\":{\"@id\":\"https:\\\/\\\/blogdiario.info\\\/magazine\\\/2023\\\/11\\\/22\\\/papa-francisco-acusa-a-israel-y-a-los-palestinos-de-terrorismo\\\/#breadcrumb\"},\"inLanguage\":\"es-AR\",\"potentialAction\":[{\"@type\":\"ReadAction\",\"target\":[\"https:\\\/\\\/blogdiario.info\\\/magazine\\\/2023\\\/11\\\/22\\\/papa-francisco-acusa-a-israel-y-a-los-palestinos-de-terrorismo\\\/\"]}]},{\"@type\":\"ImageObject\",\"inLanguage\":\"es-AR\",\"@id\":\"https:\\\/\\\/blogdiario.info\\\/magazine\\\/2023\\\/11\\\/22\\\/papa-francisco-acusa-a-israel-y-a-los-palestinos-de-terrorismo\\\/#primaryimage\",\"url\":\"https:\\\/\\\/blogdiario.info\\\/magazine\\\/images\\\/2023\\\/11\\\/pope_20231122.jpg\",\"contentUrl\":\"https:\\\/\\\/blogdiario.info\\\/magazine\\\/images\\\/2023\\\/11\\\/pope_20231122.jpg\",\"width\":600,\"height\":337},{\"@type\":\"BreadcrumbList\",\"@id\":\"https:\\\/\\\/blogdiario.info\\\/magazine\\\/2023\\\/11\\\/22\\\/papa-francisco-acusa-a-israel-y-a-los-palestinos-de-terrorismo\\\/#breadcrumb\",\"itemListElement\":[{\"@type\":\"ListItem\",\"position\":1,\"name\":\"Home\",\"item\":\"https:\\\/\\\/blogdiario.info\\\/magazine\\\/\"},{\"@type\":\"ListItem\",\"position\":2,\"name\":\"Papa Francisco acusa a Israel y a los palestinos de terrorismo\"}]},{\"@type\":\"WebSite\",\"@id\":\"https:\\\/\\\/blogdiario.info\\\/magazine\\\/#website\",\"url\":\"https:\\\/\\\/blogdiario.info\\\/magazine\\\/\",\"name\":\"BlogDiario Magazine\",\"description\":\"Suplemento multiling\u00fce de ElCanillita.Info\",\"publisher\":{\"@id\":\"https:\\\/\\\/blogdiario.info\\\/magazine\\\/#organization\"},\"potentialAction\":[{\"@type\":\"SearchAction\",\"target\":{\"@type\":\"EntryPoint\",\"urlTemplate\":\"https:\\\/\\\/blogdiario.info\\\/magazine\\\/?s={search_term_string}\"},\"query-input\":{\"@type\":\"PropertyValueSpecification\",\"valueRequired\":true,\"valueName\":\"search_term_string\"}}],\"inLanguage\":\"es-AR\"},{\"@type\":\"Organization\",\"@id\":\"https:\\\/\\\/blogdiario.info\\\/magazine\\\/#organization\",\"name\":\"Guzzo Photos & Graphic Publications\",\"url\":\"https:\\\/\\\/blogdiario.info\\\/magazine\\\/\",\"logo\":{\"@type\":\"ImageObject\",\"inLanguage\":\"es-AR\",\"@id\":\"https:\\\/\\\/blogdiario.info\\\/magazine\\\/#\\\/schema\\\/logo\\\/image\\\/\",\"url\":\"https:\\\/\\\/blogdiario.info\\\/magazine\\\/images\\\/2020\\\/01\\\/cropped-blogdia_magazine.jpg\",\"contentUrl\":\"https:\\\/\\\/blogdiario.info\\\/magazine\\\/images\\\/2020\\\/01\\\/cropped-blogdia_magazine.jpg\",\"width\":589,\"height\":55,\"caption\":\"Guzzo Photos & Graphic Publications\"},\"image\":{\"@id\":\"https:\\\/\\\/blogdiario.info\\\/magazine\\\/#\\\/schema\\\/logo\\\/image\\\/\"}},{\"@type\":\"Person\",\"@id\":\"https:\\\/\\\/blogdiario.info\\\/magazine\\\/#\\\/schema\\\/person\\\/b2422fe85574d945bad55513bb0c7354\",\"name\":\"World Press Service | Servicio de Prensa Mundial\"}]}<\/script>\n<!-- \/ Yoast SEO plugin. -->","yoast_head_json":{"title":"Papa Francisco acusa a Israel y a los palestinos de terrorismo - BlogDiario Magazine","description":"El Pont\u00edfice dice que el conflicto de Gaza \"ha ido m\u00e1s all\u00e1 de la guerra. El Pont\u00edfice dice que el conflicto de Gaza \"ha ido m\u00e1s all\u00e1 de la guerra. El Papa hizo estas declaraciones al t\u00e9rmino de la audiencia general de esta semana.","robots":{"index":"index","follow":"follow","max-snippet":"max-snippet:-1","max-image-preview":"max-image-preview:large","max-video-preview":"max-video-preview:-1"},"canonical":"https:\/\/blogdiario.info\/magazine\/2023\/11\/22\/papa-francisco-acusa-a-israel-y-a-los-palestinos-de-terrorismo\/","og_locale":"es_ES","og_type":"article","og_title":"Papa Francisco acusa a Israel y a los palestinos de terrorismo - BlogDiario Magazine","og_description":"El Pont\u00edfice dice que el conflicto de Gaza \"ha ido m\u00e1s all\u00e1 de la guerra. El Pont\u00edfice dice que el conflicto de Gaza \"ha ido m\u00e1s all\u00e1 de la guerra. El Papa hizo estas declaraciones al t\u00e9rmino de la audiencia general de esta semana.","og_url":"https:\/\/blogdiario.info\/magazine\/2023\/11\/22\/papa-francisco-acusa-a-israel-y-a-los-palestinos-de-terrorismo\/","og_site_name":"BlogDiario Magazine","article_published_time":"2023-11-22T19:58:44+00:00","article_modified_time":"2023-11-22T20:00:36+00:00","og_image":[{"width":600,"height":337,"url":"https:\/\/blogdiario.info\/magazine\/images\/2023\/11\/pope_20231122.jpg","type":"image\/jpeg"}],"author":"World Press Service | Servicio de Prensa Mundial","twitter_card":"summary_large_image","twitter_misc":{"Escrito por":"World Press Service | Servicio de Prensa Mundial","Tiempo de lectura":"2 minutos"},"schema":{"@context":"https:\/\/schema.org","@graph":[{"@type":"Article","@id":"https:\/\/blogdiario.info\/magazine\/2023\/11\/22\/papa-francisco-acusa-a-israel-y-a-los-palestinos-de-terrorismo\/#article","isPartOf":{"@id":"https:\/\/blogdiario.info\/magazine\/2023\/11\/22\/papa-francisco-acusa-a-israel-y-a-los-palestinos-de-terrorismo\/"},"author":{"name":"World Press Service | Servicio de Prensa Mundial","@id":"https:\/\/blogdiario.info\/magazine\/#\/schema\/person\/b2422fe85574d945bad55513bb0c7354"},"headline":"Papa Francisco acusa a Israel y a los palestinos de terrorismo","datePublished":"2023-11-22T19:58:44+00:00","dateModified":"2023-11-22T20:00:36+00:00","mainEntityOfPage":{"@id":"https:\/\/blogdiario.info\/magazine\/2023\/11\/22\/papa-francisco-acusa-a-israel-y-a-los-palestinos-de-terrorismo\/"},"wordCount":400,"publisher":{"@id":"https:\/\/blogdiario.info\/magazine\/#organization"},"image":{"@id":"https:\/\/blogdiario.info\/magazine\/2023\/11\/22\/papa-francisco-acusa-a-israel-y-a-los-palestinos-de-terrorismo\/#primaryimage"},"thumbnailUrl":"https:\/\/blogdiario.info\/magazine\/images\/2023\/11\/pope_20231122.jpg","keywords":["Ciudad del Vaticano","Gaza","Israel"],"articleSection":[".",".","Actualidad","Europa","Guerra","Medio Oriente"],"inLanguage":"es-AR"},{"@type":"WebPage","@id":"https:\/\/blogdiario.info\/magazine\/2023\/11\/22\/papa-francisco-acusa-a-israel-y-a-los-palestinos-de-terrorismo\/","url":"https:\/\/blogdiario.info\/magazine\/2023\/11\/22\/papa-francisco-acusa-a-israel-y-a-los-palestinos-de-terrorismo\/","name":"Papa Francisco acusa a Israel y a los palestinos de terrorismo - BlogDiario Magazine","isPartOf":{"@id":"https:\/\/blogdiario.info\/magazine\/#website"},"primaryImageOfPage":{"@id":"https:\/\/blogdiario.info\/magazine\/2023\/11\/22\/papa-francisco-acusa-a-israel-y-a-los-palestinos-de-terrorismo\/#primaryimage"},"image":{"@id":"https:\/\/blogdiario.info\/magazine\/2023\/11\/22\/papa-francisco-acusa-a-israel-y-a-los-palestinos-de-terrorismo\/#primaryimage"},"thumbnailUrl":"https:\/\/blogdiario.info\/magazine\/images\/2023\/11\/pope_20231122.jpg","datePublished":"2023-11-22T19:58:44+00:00","dateModified":"2023-11-22T20:00:36+00:00","description":"El Pont\u00edfice dice que el conflicto de Gaza \"ha ido m\u00e1s all\u00e1 de la guerra. El Pont\u00edfice dice que el conflicto de Gaza \"ha ido m\u00e1s all\u00e1 de la guerra. El Papa hizo estas declaraciones al t\u00e9rmino de la audiencia general de esta semana.","breadcrumb":{"@id":"https:\/\/blogdiario.info\/magazine\/2023\/11\/22\/papa-francisco-acusa-a-israel-y-a-los-palestinos-de-terrorismo\/#breadcrumb"},"inLanguage":"es-AR","potentialAction":[{"@type":"ReadAction","target":["https:\/\/blogdiario.info\/magazine\/2023\/11\/22\/papa-francisco-acusa-a-israel-y-a-los-palestinos-de-terrorismo\/"]}]},{"@type":"ImageObject","inLanguage":"es-AR","@id":"https:\/\/blogdiario.info\/magazine\/2023\/11\/22\/papa-francisco-acusa-a-israel-y-a-los-palestinos-de-terrorismo\/#primaryimage","url":"https:\/\/blogdiario.info\/magazine\/images\/2023\/11\/pope_20231122.jpg","contentUrl":"https:\/\/blogdiario.info\/magazine\/images\/2023\/11\/pope_20231122.jpg","width":600,"height":337},{"@type":"BreadcrumbList","@id":"https:\/\/blogdiario.info\/magazine\/2023\/11\/22\/papa-francisco-acusa-a-israel-y-a-los-palestinos-de-terrorismo\/#breadcrumb","itemListElement":[{"@type":"ListItem","position":1,"name":"Home","item":"https:\/\/blogdiario.info\/magazine\/"},{"@type":"ListItem","position":2,"name":"Papa Francisco acusa a Israel y a los palestinos de terrorismo"}]},{"@type":"WebSite","@id":"https:\/\/blogdiario.info\/magazine\/#website","url":"https:\/\/blogdiario.info\/magazine\/","name":"BlogDiario Magazine","description":"Suplemento multiling\u00fce de ElCanillita.Info","publisher":{"@id":"https:\/\/blogdiario.info\/magazine\/#organization"},"potentialAction":[{"@type":"SearchAction","target":{"@type":"EntryPoint","urlTemplate":"https:\/\/blogdiario.info\/magazine\/?s={search_term_string}"},"query-input":{"@type":"PropertyValueSpecification","valueRequired":true,"valueName":"search_term_string"}}],"inLanguage":"es-AR"},{"@type":"Organization","@id":"https:\/\/blogdiario.info\/magazine\/#organization","name":"Guzzo Photos & Graphic Publications","url":"https:\/\/blogdiario.info\/magazine\/","logo":{"@type":"ImageObject","inLanguage":"es-AR","@id":"https:\/\/blogdiario.info\/magazine\/#\/schema\/logo\/image\/","url":"https:\/\/blogdiario.info\/magazine\/images\/2020\/01\/cropped-blogdia_magazine.jpg","contentUrl":"https:\/\/blogdiario.info\/magazine\/images\/2020\/01\/cropped-blogdia_magazine.jpg","width":589,"height":55,"caption":"Guzzo Photos & Graphic Publications"},"image":{"@id":"https:\/\/blogdiario.info\/magazine\/#\/schema\/logo\/image\/"}},{"@type":"Person","@id":"https:\/\/blogdiario.info\/magazine\/#\/schema\/person\/b2422fe85574d945bad55513bb0c7354","name":"World Press Service | Servicio de Prensa Mundial"}]}},"views":408,"_links":{"self":[{"href":"https:\/\/blogdiario.info\/magazine\/wp-json\/wp\/v2\/posts\/1064","targetHints":{"allow":["GET"]}}],"collection":[{"href":"https:\/\/blogdiario.info\/magazine\/wp-json\/wp\/v2\/posts"}],"about":[{"href":"https:\/\/blogdiario.info\/magazine\/wp-json\/wp\/v2\/types\/post"}],"author":[{"embeddable":true,"href":"https:\/\/blogdiario.info\/magazine\/wp-json\/wp\/v2\/users\/1"}],"replies":[{"embeddable":true,"href":"https:\/\/blogdiario.info\/magazine\/wp-json\/wp\/v2\/comments?post=1064"}],"version-history":[{"count":0,"href":"https:\/\/blogdiario.info\/magazine\/wp-json\/wp\/v2\/posts\/1064\/revisions"}],"wp:featuredmedia":[{"embeddable":true,"href":"https:\/\/blogdiario.info\/magazine\/wp-json\/wp\/v2\/media\/1065"}],"wp:attachment":[{"href":"https:\/\/blogdiario.info\/magazine\/wp-json\/wp\/v2\/media?parent=1064"}],"wp:term":[{"taxonomy":"category","embeddable":true,"href":"https:\/\/blogdiario.info\/magazine\/wp-json\/wp\/v2\/categories?post=1064"},{"taxonomy":"post_tag","embeddable":true,"href":"https:\/\/blogdiario.info\/magazine\/wp-json\/wp\/v2\/tags?post=1064"}],"curies":[{"name":"wp","href":"https:\/\/api.w.org\/{rel}","templated":true}]}}