{"id":1059,"date":"2023-11-22T00:59:10","date_gmt":"2023-11-21T23:59:10","guid":{"rendered":"https:\/\/blogdiario.info\/magazine\/?p=1059"},"modified":"2023-11-22T00:59:10","modified_gmt":"2023-11-21T23:59:10","slug":"las-falkland-son-innegablemente-britanicas-y-no-negociables-afirma-grant-shapps","status":"publish","type":"post","link":"https:\/\/blogdiario.info\/magazine\/2023\/11\/22\/las-falkland-son-innegablemente-britanicas-y-no-negociables-afirma-grant-shapps\/","title":{"rendered":"Las Falkland son &#8220;innegablemente&#8221; brit\u00e1nicas y &#8220;no negociables&#8221;, afirma Grant Shapps"},"content":{"rendered":"\n<figure class=\"wp-block-image size-full\"><img loading=\"lazy\" decoding=\"async\" width=\"600\" height=\"400\" src=\"https:\/\/blogdiario.info\/magazine\/images\/2023\/11\/Shapps20231121.jpg\" alt=\"\" class=\"wp-image-1060\" srcset=\"https:\/\/blogdiario.info\/magazine\/images\/2023\/11\/Shapps20231121.jpg 600w, https:\/\/blogdiario.info\/magazine\/images\/2023\/11\/Shapps20231121-300x200.jpg 300w\" sizes=\"auto, (max-width: 600px) 100vw, 600px\" \/><\/figure>\n\n\n\n<p>Grant Shapps ha insistido en que es &#8220;innegociable e innegable&#8221;, que las Islas Malvinas son brit\u00e1nicas, tras las demandas del presidente electo de Argentina de entablar conversaciones diplom\u00e1ticas.<\/p>\n\n\n\n<p>Shapps, Secretario de Defensa, se\u00f1al\u00f3 que el Gobierno hab\u00eda enviado un nuevo buque de la Royal Navy a las islas, que fueron invadidas por Argentina en 1982 antes de su liberaci\u00f3n por las fuerzas brit\u00e1nicas.<\/p>\n\n\n\n<p>Javier Milei, que obtuvo una aplastante victoria en las elecciones argentinas del domingo, hab\u00eda afirmado anteriormente la soberan\u00eda de su pa\u00eds sobre las Malvinas, argumentando en el debate televisivo final de la campa\u00f1a que deb\u00edan hacerse &#8220;todos los esfuerzos&#8221; para reclamar el territorio.<\/p>\n\n\n\n<p>Sin embargo, en un tuit en el que reafirmaba el estatus de las Malvinas como territorio brit\u00e1nico de ultramar, Shapps afirm\u00f3: &#8220;No podemos permitir que el Reino Unido pierda su soberan\u00eda sobre las Malvinas&#8221;:<\/p>\n\n\n\n<p>Shapps se refer\u00eda a los resultados de un refer\u00e9ndum celebrado en 2013 en el que solo tres de los 1.516 isle\u00f1os rechazaron seguir siendo territorio de ultramar del Reino Unido.<\/p>\n\n\n\n<p>El Ministerio de Defensa (MoD) confirm\u00f3 el lunes que el HMS Medway, un buque patrullero de la Royal Navy, hab\u00eda completado sus nueve meses en las Malvinas y hab\u00eda devuelto el servicio de patrulla al HMS Forth, su buque gemelo.<\/p>\n\n\n\n<p>El HMS Forth, que ha pasado la mayor parte de este a\u00f1o en Gibraltar, es fundamental en la misi\u00f3n de las Malvinas, que seg\u00fan el Ministerio de Defensa se centra en &#8220;tranquilizar y apoyar a la comunidad isle\u00f1a&#8221;.<\/p>\n\n\n\n<figure class=\"wp-block-image size-full is-resized\"><img loading=\"lazy\" decoding=\"async\" width=\"600\" height=\"374\" src=\"https:\/\/blogdiario.info\/magazine\/images\/2023\/11\/malvmil_20231121.jpg\" alt=\"\" class=\"wp-image-1061\" style=\"aspect-ratio:1.6042780748663101;width:733px;height:auto\" srcset=\"https:\/\/blogdiario.info\/magazine\/images\/2023\/11\/malvmil_20231121.jpg 600w, https:\/\/blogdiario.info\/magazine\/images\/2023\/11\/malvmil_20231121-300x187.jpg 300w\" sizes=\"auto, (max-width: 600px) 100vw, 600px\" \/><\/figure>\n\n\n\n<p>Durante el \u00faltimo debate televisivo de la campa\u00f1a, Milei dijo:  \u00bfQu\u00e9 propongo? La soberan\u00eda argentina sobre las Malvinas no es negociable. Las Malvinas son argentinas.<\/p>\n\n\n\n<p>&#8220;Ahora tenemos que ver c\u00f3mo las vamos a recuperar. Est\u00e1 claro que la opci\u00f3n de la guerra no es una soluci\u00f3n. Tuvimos una guerra -que perdimos- y ahora tenemos que hacer todos los esfuerzos para recuperar las islas por la v\u00eda diplom\u00e1tica.&#8221;<\/p>\n\n\n\n<p>Javier Milei, que obtuvo una aplastante victoria en las elecciones argentinas del domingo, ha afirmado anteriormente la soberan\u00eda de su pa\u00eds sobre las Malvinas<\/p>\n\n\n\n<p>La postura de l\u00ednea dura adoptada por Milei es, no obstante, menos hostil que la de Alberto Fern\u00e1ndez, su predecesor de izquierdas, que hab\u00eda pedido negociaciones inmediatas.<\/p>\n\n\n\n<p>Milei ha insistido en que el traspaso de poder debe ser pac\u00edfico y lo ha considerado menos prioritario que la vuelta del pa\u00eds al crecimiento econ\u00f3mico.<\/p>\n\n\n\n<p>El Sr. Milei tambi\u00e9n argument\u00f3 en la campa\u00f1a electoral: &#8220;Lo que proponemos es avanzar hacia una soluci\u00f3n como la que Inglaterra tuvo con China sobre la cuesti\u00f3n de Hong Kong y que, en este contexto, no se puede ignorar la posici\u00f3n de la gente que vive en las islas&#8221;.<\/p>\n\n\n\n<p>En julio, Rishi Sunak critic\u00f3 a la Uni\u00f3n Europea por su &#8220;lamentable elecci\u00f3n de palabras&#8221; despu\u00e9s de que el bloque se refiriera a las Falklands como Islas Malvinas, el nombre que Argentina reclama como correcto.<\/p>\n\n\n\n<p>El portavoz de Sunak dijo entonces: &#8220;Mire, la opini\u00f3n del Primer Ministro es que habr\u00eda sido totalmente inaceptable que la UE cuestionara el derecho de los isle\u00f1os de las Malvinas a decidir su propio futuro. Seamos claros: los isle\u00f1os de las Malvinas son brit\u00e1nicos.<\/p>\n\n\n\n<p>&#8220;La UE ha aclarado ahora, con raz\u00f3n, que su postura sobre las Malvinas no ha cambiado tras su lamentable elecci\u00f3n de palabras. Seguiremos defendiendo el derecho de determinaci\u00f3n de las Islas Falkland&#8221;.<\/p>\n\n\n\n<p><small>Copyright \u00a9 2023 ElCanillita.info \/ SalaStampa.Eu, servicio mundial de prensa<\/small><\/p>\n","protected":false},"excerpt":{"rendered":"<p>La insistencia del secretario de Defensa llega despu\u00e9s de que el nuevo presidente de Argentina, Javier Milei, dijera que se deben hacer &#8216;todos los esfuerzos&#8217; para reclamar el territorio.<\/p>\n","protected":false},"author":1,"featured_media":1062,"comment_status":"closed","ping_status":"closed","sticky":false,"template":"","format":"standard","meta":{"footnotes":"","_links_to":"","_links_to_target":""},"categories":[97,109,62,124,112],"tags":[23,101],"class_list":["post-1059","post","type-post","status-publish","format-standard","has-post-thumbnail","hentry","category-elcanillita","category-dc24","category-actualidad","category-diplomacia","category-united-kingdom","tag-argentina","tag-uk","entry","rows"],"yoast_head":"<!-- This site is optimized with the Yoast SEO plugin v27.4 - https:\/\/yoast.com\/product\/yoast-seo-wordpress\/ -->\n<title>Las Falkland son &quot;innegablemente&quot; brit\u00e1nicas y &quot;no negociables&quot;, afirma Grant Shapps - BlogDiario Magazine<\/title>\n<meta name=\"description\" content=\"La insistencia del secretario de Defensa llega despu\u00e9s de que el nuevo presidente de Argentina, Javier Milei, dijera que se deben hacer &#039;todos los esfuerzos&#039; para reclamar el territorio\" \/>\n<meta name=\"robots\" content=\"index, follow, max-snippet:-1, max-image-preview:large, max-video-preview:-1\" \/>\n<link rel=\"canonical\" href=\"https:\/\/blogdiario.info\/magazine\/2023\/11\/22\/las-falkland-son-innegablemente-britanicas-y-no-negociables-afirma-grant-shapps\/\" \/>\n<meta property=\"og:locale\" content=\"es_ES\" \/>\n<meta property=\"og:type\" content=\"article\" \/>\n<meta property=\"og:title\" content=\"Las Falkland son &quot;innegablemente&quot; brit\u00e1nicas y &quot;no negociables&quot;, afirma Grant Shapps - BlogDiario Magazine\" \/>\n<meta property=\"og:description\" content=\"La insistencia del secretario de Defensa llega despu\u00e9s de que el nuevo presidente de Argentina, Javier Milei, dijera que se deben hacer &#039;todos los esfuerzos&#039; para reclamar el territorio\" \/>\n<meta property=\"og:url\" content=\"https:\/\/blogdiario.info\/magazine\/2023\/11\/22\/las-falkland-son-innegablemente-britanicas-y-no-negociables-afirma-grant-shapps\/\" \/>\n<meta property=\"og:site_name\" content=\"BlogDiario Magazine\" \/>\n<meta property=\"article:published_time\" content=\"2023-11-21T23:59:10+00:00\" \/>\n<meta property=\"og:image\" content=\"https:\/\/blogdiario.info\/magazine\/images\/2023\/11\/malv_20231121.jpg\" \/>\n\t<meta property=\"og:image:width\" content=\"600\" \/>\n\t<meta property=\"og:image:height\" content=\"376\" \/>\n\t<meta property=\"og:image:type\" content=\"image\/jpeg\" \/>\n<meta name=\"author\" content=\"World Press Service | Servicio de Prensa Mundial\" \/>\n<meta name=\"twitter:card\" content=\"summary_large_image\" \/>\n<meta name=\"twitter:label1\" content=\"Escrito por\" \/>\n\t<meta name=\"twitter:data1\" content=\"World Press Service | Servicio de Prensa Mundial\" \/>\n\t<meta name=\"twitter:label2\" content=\"Tiempo de lectura\" \/>\n\t<meta name=\"twitter:data2\" content=\"3 minutos\" \/>\n<script type=\"application\/ld+json\" class=\"yoast-schema-graph\">{\"@context\":\"https:\\\/\\\/schema.org\",\"@graph\":[{\"@type\":\"Article\",\"@id\":\"https:\\\/\\\/blogdiario.info\\\/magazine\\\/2023\\\/11\\\/22\\\/las-falkland-son-innegablemente-britanicas-y-no-negociables-afirma-grant-shapps\\\/#article\",\"isPartOf\":{\"@id\":\"https:\\\/\\\/blogdiario.info\\\/magazine\\\/2023\\\/11\\\/22\\\/las-falkland-son-innegablemente-britanicas-y-no-negociables-afirma-grant-shapps\\\/\"},\"author\":{\"name\":\"World Press Service | Servicio de Prensa Mundial\",\"@id\":\"https:\\\/\\\/blogdiario.info\\\/magazine\\\/#\\\/schema\\\/person\\\/b2422fe85574d945bad55513bb0c7354\"},\"headline\":\"Las Falkland son &#8220;innegablemente&#8221; brit\u00e1nicas y &#8220;no negociables&#8221;, afirma Grant Shapps\",\"datePublished\":\"2023-11-21T23:59:10+00:00\",\"mainEntityOfPage\":{\"@id\":\"https:\\\/\\\/blogdiario.info\\\/magazine\\\/2023\\\/11\\\/22\\\/las-falkland-son-innegablemente-britanicas-y-no-negociables-afirma-grant-shapps\\\/\"},\"wordCount\":623,\"publisher\":{\"@id\":\"https:\\\/\\\/blogdiario.info\\\/magazine\\\/#organization\"},\"image\":{\"@id\":\"https:\\\/\\\/blogdiario.info\\\/magazine\\\/2023\\\/11\\\/22\\\/las-falkland-son-innegablemente-britanicas-y-no-negociables-afirma-grant-shapps\\\/#primaryimage\"},\"thumbnailUrl\":\"https:\\\/\\\/blogdiario.info\\\/magazine\\\/images\\\/2023\\\/11\\\/malv_20231121.jpg\",\"keywords\":[\"Argentina\",\"UK\"],\"articleSection\":[\".\",\".\",\"Actualidad\",\"Diplomacia\",\"United Kingdom\"],\"inLanguage\":\"es-AR\"},{\"@type\":\"WebPage\",\"@id\":\"https:\\\/\\\/blogdiario.info\\\/magazine\\\/2023\\\/11\\\/22\\\/las-falkland-son-innegablemente-britanicas-y-no-negociables-afirma-grant-shapps\\\/\",\"url\":\"https:\\\/\\\/blogdiario.info\\\/magazine\\\/2023\\\/11\\\/22\\\/las-falkland-son-innegablemente-britanicas-y-no-negociables-afirma-grant-shapps\\\/\",\"name\":\"Las Falkland son \\\"innegablemente\\\" brit\u00e1nicas y \\\"no negociables\\\", afirma Grant Shapps - BlogDiario Magazine\",\"isPartOf\":{\"@id\":\"https:\\\/\\\/blogdiario.info\\\/magazine\\\/#website\"},\"primaryImageOfPage\":{\"@id\":\"https:\\\/\\\/blogdiario.info\\\/magazine\\\/2023\\\/11\\\/22\\\/las-falkland-son-innegablemente-britanicas-y-no-negociables-afirma-grant-shapps\\\/#primaryimage\"},\"image\":{\"@id\":\"https:\\\/\\\/blogdiario.info\\\/magazine\\\/2023\\\/11\\\/22\\\/las-falkland-son-innegablemente-britanicas-y-no-negociables-afirma-grant-shapps\\\/#primaryimage\"},\"thumbnailUrl\":\"https:\\\/\\\/blogdiario.info\\\/magazine\\\/images\\\/2023\\\/11\\\/malv_20231121.jpg\",\"datePublished\":\"2023-11-21T23:59:10+00:00\",\"description\":\"La insistencia del secretario de Defensa llega despu\u00e9s de que el nuevo presidente de Argentina, Javier Milei, dijera que se deben hacer 'todos los esfuerzos' para reclamar el territorio\",\"breadcrumb\":{\"@id\":\"https:\\\/\\\/blogdiario.info\\\/magazine\\\/2023\\\/11\\\/22\\\/las-falkland-son-innegablemente-britanicas-y-no-negociables-afirma-grant-shapps\\\/#breadcrumb\"},\"inLanguage\":\"es-AR\",\"potentialAction\":[{\"@type\":\"ReadAction\",\"target\":[\"https:\\\/\\\/blogdiario.info\\\/magazine\\\/2023\\\/11\\\/22\\\/las-falkland-son-innegablemente-britanicas-y-no-negociables-afirma-grant-shapps\\\/\"]}]},{\"@type\":\"ImageObject\",\"inLanguage\":\"es-AR\",\"@id\":\"https:\\\/\\\/blogdiario.info\\\/magazine\\\/2023\\\/11\\\/22\\\/las-falkland-son-innegablemente-britanicas-y-no-negociables-afirma-grant-shapps\\\/#primaryimage\",\"url\":\"https:\\\/\\\/blogdiario.info\\\/magazine\\\/images\\\/2023\\\/11\\\/malv_20231121.jpg\",\"contentUrl\":\"https:\\\/\\\/blogdiario.info\\\/magazine\\\/images\\\/2023\\\/11\\\/malv_20231121.jpg\",\"width\":600,\"height\":376},{\"@type\":\"BreadcrumbList\",\"@id\":\"https:\\\/\\\/blogdiario.info\\\/magazine\\\/2023\\\/11\\\/22\\\/las-falkland-son-innegablemente-britanicas-y-no-negociables-afirma-grant-shapps\\\/#breadcrumb\",\"itemListElement\":[{\"@type\":\"ListItem\",\"position\":1,\"name\":\"Home\",\"item\":\"https:\\\/\\\/blogdiario.info\\\/magazine\\\/\"},{\"@type\":\"ListItem\",\"position\":2,\"name\":\"Las Falkland son &#8220;innegablemente&#8221; brit\u00e1nicas y &#8220;no negociables&#8221;, afirma Grant Shapps\"}]},{\"@type\":\"WebSite\",\"@id\":\"https:\\\/\\\/blogdiario.info\\\/magazine\\\/#website\",\"url\":\"https:\\\/\\\/blogdiario.info\\\/magazine\\\/\",\"name\":\"BlogDiario Magazine\",\"description\":\"Suplemento multiling\u00fce de ElCanillita.Info\",\"publisher\":{\"@id\":\"https:\\\/\\\/blogdiario.info\\\/magazine\\\/#organization\"},\"potentialAction\":[{\"@type\":\"SearchAction\",\"target\":{\"@type\":\"EntryPoint\",\"urlTemplate\":\"https:\\\/\\\/blogdiario.info\\\/magazine\\\/?s={search_term_string}\"},\"query-input\":{\"@type\":\"PropertyValueSpecification\",\"valueRequired\":true,\"valueName\":\"search_term_string\"}}],\"inLanguage\":\"es-AR\"},{\"@type\":\"Organization\",\"@id\":\"https:\\\/\\\/blogdiario.info\\\/magazine\\\/#organization\",\"name\":\"Guzzo Photos & Graphic Publications\",\"url\":\"https:\\\/\\\/blogdiario.info\\\/magazine\\\/\",\"logo\":{\"@type\":\"ImageObject\",\"inLanguage\":\"es-AR\",\"@id\":\"https:\\\/\\\/blogdiario.info\\\/magazine\\\/#\\\/schema\\\/logo\\\/image\\\/\",\"url\":\"https:\\\/\\\/blogdiario.info\\\/magazine\\\/images\\\/2020\\\/01\\\/cropped-blogdia_magazine.jpg\",\"contentUrl\":\"https:\\\/\\\/blogdiario.info\\\/magazine\\\/images\\\/2020\\\/01\\\/cropped-blogdia_magazine.jpg\",\"width\":589,\"height\":55,\"caption\":\"Guzzo Photos & Graphic Publications\"},\"image\":{\"@id\":\"https:\\\/\\\/blogdiario.info\\\/magazine\\\/#\\\/schema\\\/logo\\\/image\\\/\"}},{\"@type\":\"Person\",\"@id\":\"https:\\\/\\\/blogdiario.info\\\/magazine\\\/#\\\/schema\\\/person\\\/b2422fe85574d945bad55513bb0c7354\",\"name\":\"World Press Service | Servicio de Prensa Mundial\"}]}<\/script>\n<!-- \/ Yoast SEO plugin. -->","yoast_head_json":{"title":"Las Falkland son \"innegablemente\" brit\u00e1nicas y \"no negociables\", afirma Grant Shapps - BlogDiario Magazine","description":"La insistencia del secretario de Defensa llega despu\u00e9s de que el nuevo presidente de Argentina, Javier Milei, dijera que se deben hacer 'todos los esfuerzos' para reclamar el territorio","robots":{"index":"index","follow":"follow","max-snippet":"max-snippet:-1","max-image-preview":"max-image-preview:large","max-video-preview":"max-video-preview:-1"},"canonical":"https:\/\/blogdiario.info\/magazine\/2023\/11\/22\/las-falkland-son-innegablemente-britanicas-y-no-negociables-afirma-grant-shapps\/","og_locale":"es_ES","og_type":"article","og_title":"Las Falkland son \"innegablemente\" brit\u00e1nicas y \"no negociables\", afirma Grant Shapps - BlogDiario Magazine","og_description":"La insistencia del secretario de Defensa llega despu\u00e9s de que el nuevo presidente de Argentina, Javier Milei, dijera que se deben hacer 'todos los esfuerzos' para reclamar el territorio","og_url":"https:\/\/blogdiario.info\/magazine\/2023\/11\/22\/las-falkland-son-innegablemente-britanicas-y-no-negociables-afirma-grant-shapps\/","og_site_name":"BlogDiario Magazine","article_published_time":"2023-11-21T23:59:10+00:00","og_image":[{"width":600,"height":376,"url":"https:\/\/blogdiario.info\/magazine\/images\/2023\/11\/malv_20231121.jpg","type":"image\/jpeg"}],"author":"World Press Service | Servicio de Prensa Mundial","twitter_card":"summary_large_image","twitter_misc":{"Escrito por":"World Press Service | Servicio de Prensa Mundial","Tiempo de lectura":"3 minutos"},"schema":{"@context":"https:\/\/schema.org","@graph":[{"@type":"Article","@id":"https:\/\/blogdiario.info\/magazine\/2023\/11\/22\/las-falkland-son-innegablemente-britanicas-y-no-negociables-afirma-grant-shapps\/#article","isPartOf":{"@id":"https:\/\/blogdiario.info\/magazine\/2023\/11\/22\/las-falkland-son-innegablemente-britanicas-y-no-negociables-afirma-grant-shapps\/"},"author":{"name":"World Press Service | Servicio de Prensa Mundial","@id":"https:\/\/blogdiario.info\/magazine\/#\/schema\/person\/b2422fe85574d945bad55513bb0c7354"},"headline":"Las Falkland son &#8220;innegablemente&#8221; brit\u00e1nicas y &#8220;no negociables&#8221;, afirma Grant Shapps","datePublished":"2023-11-21T23:59:10+00:00","mainEntityOfPage":{"@id":"https:\/\/blogdiario.info\/magazine\/2023\/11\/22\/las-falkland-son-innegablemente-britanicas-y-no-negociables-afirma-grant-shapps\/"},"wordCount":623,"publisher":{"@id":"https:\/\/blogdiario.info\/magazine\/#organization"},"image":{"@id":"https:\/\/blogdiario.info\/magazine\/2023\/11\/22\/las-falkland-son-innegablemente-britanicas-y-no-negociables-afirma-grant-shapps\/#primaryimage"},"thumbnailUrl":"https:\/\/blogdiario.info\/magazine\/images\/2023\/11\/malv_20231121.jpg","keywords":["Argentina","UK"],"articleSection":[".",".","Actualidad","Diplomacia","United Kingdom"],"inLanguage":"es-AR"},{"@type":"WebPage","@id":"https:\/\/blogdiario.info\/magazine\/2023\/11\/22\/las-falkland-son-innegablemente-britanicas-y-no-negociables-afirma-grant-shapps\/","url":"https:\/\/blogdiario.info\/magazine\/2023\/11\/22\/las-falkland-son-innegablemente-britanicas-y-no-negociables-afirma-grant-shapps\/","name":"Las Falkland son \"innegablemente\" brit\u00e1nicas y \"no negociables\", afirma Grant Shapps - BlogDiario Magazine","isPartOf":{"@id":"https:\/\/blogdiario.info\/magazine\/#website"},"primaryImageOfPage":{"@id":"https:\/\/blogdiario.info\/magazine\/2023\/11\/22\/las-falkland-son-innegablemente-britanicas-y-no-negociables-afirma-grant-shapps\/#primaryimage"},"image":{"@id":"https:\/\/blogdiario.info\/magazine\/2023\/11\/22\/las-falkland-son-innegablemente-britanicas-y-no-negociables-afirma-grant-shapps\/#primaryimage"},"thumbnailUrl":"https:\/\/blogdiario.info\/magazine\/images\/2023\/11\/malv_20231121.jpg","datePublished":"2023-11-21T23:59:10+00:00","description":"La insistencia del secretario de Defensa llega despu\u00e9s de que el nuevo presidente de Argentina, Javier Milei, dijera que se deben hacer 'todos los esfuerzos' para reclamar el territorio","breadcrumb":{"@id":"https:\/\/blogdiario.info\/magazine\/2023\/11\/22\/las-falkland-son-innegablemente-britanicas-y-no-negociables-afirma-grant-shapps\/#breadcrumb"},"inLanguage":"es-AR","potentialAction":[{"@type":"ReadAction","target":["https:\/\/blogdiario.info\/magazine\/2023\/11\/22\/las-falkland-son-innegablemente-britanicas-y-no-negociables-afirma-grant-shapps\/"]}]},{"@type":"ImageObject","inLanguage":"es-AR","@id":"https:\/\/blogdiario.info\/magazine\/2023\/11\/22\/las-falkland-son-innegablemente-britanicas-y-no-negociables-afirma-grant-shapps\/#primaryimage","url":"https:\/\/blogdiario.info\/magazine\/images\/2023\/11\/malv_20231121.jpg","contentUrl":"https:\/\/blogdiario.info\/magazine\/images\/2023\/11\/malv_20231121.jpg","width":600,"height":376},{"@type":"BreadcrumbList","@id":"https:\/\/blogdiario.info\/magazine\/2023\/11\/22\/las-falkland-son-innegablemente-britanicas-y-no-negociables-afirma-grant-shapps\/#breadcrumb","itemListElement":[{"@type":"ListItem","position":1,"name":"Home","item":"https:\/\/blogdiario.info\/magazine\/"},{"@type":"ListItem","position":2,"name":"Las Falkland son &#8220;innegablemente&#8221; brit\u00e1nicas y &#8220;no negociables&#8221;, afirma Grant Shapps"}]},{"@type":"WebSite","@id":"https:\/\/blogdiario.info\/magazine\/#website","url":"https:\/\/blogdiario.info\/magazine\/","name":"BlogDiario Magazine","description":"Suplemento multiling\u00fce de ElCanillita.Info","publisher":{"@id":"https:\/\/blogdiario.info\/magazine\/#organization"},"potentialAction":[{"@type":"SearchAction","target":{"@type":"EntryPoint","urlTemplate":"https:\/\/blogdiario.info\/magazine\/?s={search_term_string}"},"query-input":{"@type":"PropertyValueSpecification","valueRequired":true,"valueName":"search_term_string"}}],"inLanguage":"es-AR"},{"@type":"Organization","@id":"https:\/\/blogdiario.info\/magazine\/#organization","name":"Guzzo Photos & Graphic Publications","url":"https:\/\/blogdiario.info\/magazine\/","logo":{"@type":"ImageObject","inLanguage":"es-AR","@id":"https:\/\/blogdiario.info\/magazine\/#\/schema\/logo\/image\/","url":"https:\/\/blogdiario.info\/magazine\/images\/2020\/01\/cropped-blogdia_magazine.jpg","contentUrl":"https:\/\/blogdiario.info\/magazine\/images\/2020\/01\/cropped-blogdia_magazine.jpg","width":589,"height":55,"caption":"Guzzo Photos & Graphic Publications"},"image":{"@id":"https:\/\/blogdiario.info\/magazine\/#\/schema\/logo\/image\/"}},{"@type":"Person","@id":"https:\/\/blogdiario.info\/magazine\/#\/schema\/person\/b2422fe85574d945bad55513bb0c7354","name":"World Press Service | Servicio de Prensa Mundial"}]}},"views":446,"_links":{"self":[{"href":"https:\/\/blogdiario.info\/magazine\/wp-json\/wp\/v2\/posts\/1059","targetHints":{"allow":["GET"]}}],"collection":[{"href":"https:\/\/blogdiario.info\/magazine\/wp-json\/wp\/v2\/posts"}],"about":[{"href":"https:\/\/blogdiario.info\/magazine\/wp-json\/wp\/v2\/types\/post"}],"author":[{"embeddable":true,"href":"https:\/\/blogdiario.info\/magazine\/wp-json\/wp\/v2\/users\/1"}],"replies":[{"embeddable":true,"href":"https:\/\/blogdiario.info\/magazine\/wp-json\/wp\/v2\/comments?post=1059"}],"version-history":[{"count":0,"href":"https:\/\/blogdiario.info\/magazine\/wp-json\/wp\/v2\/posts\/1059\/revisions"}],"wp:featuredmedia":[{"embeddable":true,"href":"https:\/\/blogdiario.info\/magazine\/wp-json\/wp\/v2\/media\/1062"}],"wp:attachment":[{"href":"https:\/\/blogdiario.info\/magazine\/wp-json\/wp\/v2\/media?parent=1059"}],"wp:term":[{"taxonomy":"category","embeddable":true,"href":"https:\/\/blogdiario.info\/magazine\/wp-json\/wp\/v2\/categories?post=1059"},{"taxonomy":"post_tag","embeddable":true,"href":"https:\/\/blogdiario.info\/magazine\/wp-json\/wp\/v2\/tags?post=1059"}],"curies":[{"name":"wp","href":"https:\/\/api.w.org\/{rel}","templated":true}]}}