{"id":1053,"date":"2023-11-16T15:44:46","date_gmt":"2023-11-16T14:44:46","guid":{"rendered":"https:\/\/blogdiario.info\/magazine\/?p=1053"},"modified":"2023-11-16T15:44:47","modified_gmt":"2023-11-16T14:44:47","slug":"david-cameron-se-reune-con-zelensky-en-ucrania","status":"publish","type":"post","link":"https:\/\/blogdiario.info\/magazine\/2023\/11\/16\/david-cameron-se-reune-con-zelensky-en-ucrania\/","title":{"rendered":"David Cameron se re\u00fane con Zelensky en Ucrania"},"content":{"rendered":"\n<figure class=\"wp-block-image size-full\"><img loading=\"lazy\" decoding=\"async\" width=\"600\" height=\"375\" src=\"https:\/\/blogdiario.info\/magazine\/images\/2023\/11\/cameron_pag_20231116.jpg\" alt=\"\" class=\"wp-image-1055\" srcset=\"https:\/\/blogdiario.info\/magazine\/images\/2023\/11\/cameron_pag_20231116.jpg 600w, https:\/\/blogdiario.info\/magazine\/images\/2023\/11\/cameron_pag_20231116-300x188.jpg 300w\" sizes=\"auto, (max-width: 600px) 100vw, 600px\" \/><\/figure>\n\n\n\n<p>Tres d\u00edas despu\u00e9s de su nombramiento como Ministro de Asuntos Exteriores, Lord Cameron ha llegado a Ucrania y se ha reunido con el Presidente Zelensky. Es su primer viaje como ministro de Asuntos Exteriores<\/p>\n\n\n\n<p>El ex primer ministro aterriz\u00f3 en Kiev en una visita no anunciada para mantener conversaciones sobre defensa, seg\u00fan inform\u00f3 la presidencia ucraniana.<\/p>\n\n\n\n<p>En un post en Twitter\/X, Zelensky dijo que hablaron de &#8220;armas en primera l\u00ednea, el fortalecimiento de la defensa a\u00e9rea y la protecci\u00f3n de nuestro pueblo y las infraestructuras cr\u00edticas&#8221;.<\/p>\n\n\n\n<p>&#8220;Agradezco al Reino Unido su apoyo&#8221;, a\u00f1adi\u00f3.<\/p>\n\n\n\n<figure class=\"wp-block-video\"><video controls src=\"https:\/\/blogdiario.info\/magazine\/images\/2023\/11\/Ucrania.m4v\"><\/video><\/figure>\n\n\n\n<p>En un v\u00eddeo de la conversaci\u00f3n entre ambos, Zelensky admiti\u00f3: &#8220;Saben que el mundo no est\u00e1 centrado en la situaci\u00f3n de nuestro campo de batalla en Ucrania y dividir el enfoque realmente no ayuda&#8221;.<\/p>\n\n\n\n<p><strong>Los altibajos de la pol\u00edtica exterior de Cameron desde 2010<\/strong><\/p>\n\n\n\n<p>Cameron estuvo de acuerdo en que su reuni\u00f3n era importante &#8220;para asegurarse de que la atenci\u00f3n est\u00e1 aqu\u00ed&#8221;.<\/p>\n\n\n\n<p>Dijo que hab\u00eda querido que Ucrania fuera su primera visita como ministro de Asuntos Exteriores, y a\u00f1adi\u00f3 que admiraba &#8220;la fuerza y la determinaci\u00f3n&#8221; del pueblo ucraniano.<\/p>\n\n\n\n<p><strong>Cameron prometi\u00f3 apoyo moral, diplom\u00e1tico, econ\u00f3mico y militar<\/strong><\/p>\n\n\n\n<p>Cameron prometi\u00f3 ofrecer apoyo moral, diplom\u00e1tico, econ\u00f3mico y militar &#8220;no s\u00f3lo este a\u00f1o o el que viene, sino el tiempo que haga falta&#8221;.<\/p>\n\n\n\n<p>En referencia a la estrecha relaci\u00f3n entre Zelenksy y el ex primer ministro Boris Johnson, que ha visitado varias veces el pa\u00eds asolado por la guerra, Cameron dijo que hab\u00eda tenido &#8220;algunos desacuerdos&#8221; con su &#8220;amigo&#8221; Johnson, pero que ambos ex dirigentes se conoc\u00edan desde hac\u00eda 40 a\u00f1os.<\/p>\n\n\n\n<p>&#8220;El apoyo que di\u00f3 a usted fue lo mejor&#8221;, a\u00f1adi\u00f3 Cameron.<\/p>\n\n\n\n<p>Cameron fue nombrado ministro de Asuntos Exteriores el lunes en un movimiento sorpresa de Rishi Sunak. Se entiende que esto permitir\u00e1 al primer ministro centrarse en asuntos internos mientras se libran dos guerras, en Ucrania y Oriente Pr\u00f3ximo.<\/p>\n\n\n\n<figure class=\"wp-block-image size-full is-resized\"><img loading=\"lazy\" decoding=\"async\" width=\"600\" height=\"337\" src=\"https:\/\/blogdiario.info\/magazine\/images\/2023\/11\/cameron_20231116.jpg\" alt=\"\" class=\"wp-image-1054\" style=\"aspect-ratio:1.7804154302670623;width:733px;height:auto\" srcset=\"https:\/\/blogdiario.info\/magazine\/images\/2023\/11\/cameron_20231116.jpg 600w, https:\/\/blogdiario.info\/magazine\/images\/2023\/11\/cameron_20231116-300x169.jpg 300w\" sizes=\"auto, (max-width: 600px) 100vw, 600px\" \/><\/figure>\n\n\n\n<p>Cameron supervis\u00f3 la respuesta del Reino Unido a varios conflictos durante su mandato como primer ministro, entre ellos en Libia para derrocar al coronel Gadafi y contra el Estado Isl\u00e1mico en Siria.<br><br><small>Copyright \u00a9 2023 BlogDiario.info \/ SalaStampa.Eu &#8211; servicio mundial de prensa<\/small><\/p>\n","protected":false},"excerpt":{"rendered":"<p>Cameron supervis\u00f3 la respuesta del Reino Unido a varios conflictos durante su mandato como primer ministro, entre ellos en Libia para derrocar al coronel Gadafi y contra el Estado Isl\u00e1mico en Siria.<\/p>\n","protected":false},"author":1,"featured_media":1054,"comment_status":"closed","ping_status":"closed","sticky":false,"template":"","format":"standard","meta":{"footnotes":"","_links_to":"","_links_to_target":""},"categories":[97,109,62,124,119,66],"tags":[79,101],"class_list":["post-1053","post","type-post","status-publish","format-standard","has-post-thumbnail","hentry","category-elcanillita","category-dc24","category-actualidad","category-diplomacia","category-guerra","category-multilingue","tag-ucraina","tag-uk","entry","rows"],"yoast_head":"<!-- This site is optimized with the Yoast SEO plugin v27.4 - https:\/\/yoast.com\/product\/yoast-seo-wordpress\/ -->\n<title>David Cameron se re\u00fane con Zelensky en Ucrania - BlogDiario Magazine<\/title>\n<meta name=\"description\" content=\"Cameron supervis\u00f3 la respuesta del Reino Unido a varios conflictos durante su mandato como primer ministro, entre ellos en Libia para derrocar al coronel Gadafi y contra el Estado Isl\u00e1mico en Siria.\" \/>\n<meta name=\"robots\" content=\"index, follow, max-snippet:-1, max-image-preview:large, max-video-preview:-1\" \/>\n<link rel=\"canonical\" href=\"https:\/\/blogdiario.info\/magazine\/2023\/11\/16\/david-cameron-se-reune-con-zelensky-en-ucrania\/\" \/>\n<meta property=\"og:locale\" content=\"es_ES\" \/>\n<meta property=\"og:type\" content=\"article\" \/>\n<meta property=\"og:title\" content=\"David Cameron se re\u00fane con Zelensky en Ucrania - BlogDiario Magazine\" \/>\n<meta property=\"og:description\" content=\"Cameron supervis\u00f3 la respuesta del Reino Unido a varios conflictos durante su mandato como primer ministro, entre ellos en Libia para derrocar al coronel Gadafi y contra el Estado Isl\u00e1mico en Siria.\" \/>\n<meta property=\"og:url\" content=\"https:\/\/blogdiario.info\/magazine\/2023\/11\/16\/david-cameron-se-reune-con-zelensky-en-ucrania\/\" \/>\n<meta property=\"og:site_name\" content=\"BlogDiario Magazine\" \/>\n<meta property=\"article:published_time\" content=\"2023-11-16T14:44:46+00:00\" \/>\n<meta property=\"article:modified_time\" content=\"2023-11-16T14:44:47+00:00\" \/>\n<meta property=\"og:image\" content=\"https:\/\/blogdiario.info\/magazine\/images\/2023\/11\/cameron_20231116.jpg\" \/>\n\t<meta property=\"og:image:width\" content=\"600\" \/>\n\t<meta property=\"og:image:height\" content=\"337\" \/>\n\t<meta property=\"og:image:type\" content=\"image\/jpeg\" \/>\n<meta name=\"author\" content=\"World Press Service | Servicio de Prensa Mundial\" \/>\n<meta name=\"twitter:card\" content=\"summary_large_image\" \/>\n<meta name=\"twitter:label1\" content=\"Escrito por\" \/>\n\t<meta name=\"twitter:data1\" content=\"World Press Service | Servicio de Prensa Mundial\" \/>\n\t<meta name=\"twitter:label2\" content=\"Tiempo de lectura\" \/>\n\t<meta name=\"twitter:data2\" content=\"3 minutos\" \/>\n<script type=\"application\/ld+json\" class=\"yoast-schema-graph\">{\"@context\":\"https:\\\/\\\/schema.org\",\"@graph\":[{\"@type\":\"Article\",\"@id\":\"https:\\\/\\\/blogdiario.info\\\/magazine\\\/2023\\\/11\\\/16\\\/david-cameron-se-reune-con-zelensky-en-ucrania\\\/#article\",\"isPartOf\":{\"@id\":\"https:\\\/\\\/blogdiario.info\\\/magazine\\\/2023\\\/11\\\/16\\\/david-cameron-se-reune-con-zelensky-en-ucrania\\\/\"},\"author\":{\"name\":\"World Press Service | Servicio de Prensa Mundial\",\"@id\":\"https:\\\/\\\/blogdiario.info\\\/magazine\\\/#\\\/schema\\\/person\\\/b2422fe85574d945bad55513bb0c7354\"},\"headline\":\"David Cameron se re\u00fane con Zelensky en Ucrania\",\"datePublished\":\"2023-11-16T14:44:46+00:00\",\"dateModified\":\"2023-11-16T14:44:47+00:00\",\"mainEntityOfPage\":{\"@id\":\"https:\\\/\\\/blogdiario.info\\\/magazine\\\/2023\\\/11\\\/16\\\/david-cameron-se-reune-con-zelensky-en-ucrania\\\/\"},\"wordCount\":392,\"publisher\":{\"@id\":\"https:\\\/\\\/blogdiario.info\\\/magazine\\\/#organization\"},\"image\":{\"@id\":\"https:\\\/\\\/blogdiario.info\\\/magazine\\\/2023\\\/11\\\/16\\\/david-cameron-se-reune-con-zelensky-en-ucrania\\\/#primaryimage\"},\"thumbnailUrl\":\"https:\\\/\\\/blogdiario.info\\\/magazine\\\/images\\\/2023\\\/11\\\/cameron_20231116.jpg\",\"keywords\":[\"Ucraina\",\"UK\"],\"articleSection\":[\".\",\".\",\"Actualidad\",\"Diplomacia\",\"Guerra\",\"Multilingue\"],\"inLanguage\":\"es-AR\"},{\"@type\":\"WebPage\",\"@id\":\"https:\\\/\\\/blogdiario.info\\\/magazine\\\/2023\\\/11\\\/16\\\/david-cameron-se-reune-con-zelensky-en-ucrania\\\/\",\"url\":\"https:\\\/\\\/blogdiario.info\\\/magazine\\\/2023\\\/11\\\/16\\\/david-cameron-se-reune-con-zelensky-en-ucrania\\\/\",\"name\":\"David Cameron se re\u00fane con Zelensky en Ucrania - BlogDiario Magazine\",\"isPartOf\":{\"@id\":\"https:\\\/\\\/blogdiario.info\\\/magazine\\\/#website\"},\"primaryImageOfPage\":{\"@id\":\"https:\\\/\\\/blogdiario.info\\\/magazine\\\/2023\\\/11\\\/16\\\/david-cameron-se-reune-con-zelensky-en-ucrania\\\/#primaryimage\"},\"image\":{\"@id\":\"https:\\\/\\\/blogdiario.info\\\/magazine\\\/2023\\\/11\\\/16\\\/david-cameron-se-reune-con-zelensky-en-ucrania\\\/#primaryimage\"},\"thumbnailUrl\":\"https:\\\/\\\/blogdiario.info\\\/magazine\\\/images\\\/2023\\\/11\\\/cameron_20231116.jpg\",\"datePublished\":\"2023-11-16T14:44:46+00:00\",\"dateModified\":\"2023-11-16T14:44:47+00:00\",\"description\":\"Cameron supervis\u00f3 la respuesta del Reino Unido a varios conflictos durante su mandato como primer ministro, entre ellos en Libia para derrocar al coronel Gadafi y contra el Estado Isl\u00e1mico en Siria.\",\"breadcrumb\":{\"@id\":\"https:\\\/\\\/blogdiario.info\\\/magazine\\\/2023\\\/11\\\/16\\\/david-cameron-se-reune-con-zelensky-en-ucrania\\\/#breadcrumb\"},\"inLanguage\":\"es-AR\",\"potentialAction\":[{\"@type\":\"ReadAction\",\"target\":[\"https:\\\/\\\/blogdiario.info\\\/magazine\\\/2023\\\/11\\\/16\\\/david-cameron-se-reune-con-zelensky-en-ucrania\\\/\"]}]},{\"@type\":\"ImageObject\",\"inLanguage\":\"es-AR\",\"@id\":\"https:\\\/\\\/blogdiario.info\\\/magazine\\\/2023\\\/11\\\/16\\\/david-cameron-se-reune-con-zelensky-en-ucrania\\\/#primaryimage\",\"url\":\"https:\\\/\\\/blogdiario.info\\\/magazine\\\/images\\\/2023\\\/11\\\/cameron_20231116.jpg\",\"contentUrl\":\"https:\\\/\\\/blogdiario.info\\\/magazine\\\/images\\\/2023\\\/11\\\/cameron_20231116.jpg\",\"width\":600,\"height\":337},{\"@type\":\"BreadcrumbList\",\"@id\":\"https:\\\/\\\/blogdiario.info\\\/magazine\\\/2023\\\/11\\\/16\\\/david-cameron-se-reune-con-zelensky-en-ucrania\\\/#breadcrumb\",\"itemListElement\":[{\"@type\":\"ListItem\",\"position\":1,\"name\":\"Home\",\"item\":\"https:\\\/\\\/blogdiario.info\\\/magazine\\\/\"},{\"@type\":\"ListItem\",\"position\":2,\"name\":\"David Cameron se re\u00fane con Zelensky en Ucrania\"}]},{\"@type\":\"WebSite\",\"@id\":\"https:\\\/\\\/blogdiario.info\\\/magazine\\\/#website\",\"url\":\"https:\\\/\\\/blogdiario.info\\\/magazine\\\/\",\"name\":\"BlogDiario Magazine\",\"description\":\"Suplemento multiling\u00fce de ElCanillita.Info\",\"publisher\":{\"@id\":\"https:\\\/\\\/blogdiario.info\\\/magazine\\\/#organization\"},\"potentialAction\":[{\"@type\":\"SearchAction\",\"target\":{\"@type\":\"EntryPoint\",\"urlTemplate\":\"https:\\\/\\\/blogdiario.info\\\/magazine\\\/?s={search_term_string}\"},\"query-input\":{\"@type\":\"PropertyValueSpecification\",\"valueRequired\":true,\"valueName\":\"search_term_string\"}}],\"inLanguage\":\"es-AR\"},{\"@type\":\"Organization\",\"@id\":\"https:\\\/\\\/blogdiario.info\\\/magazine\\\/#organization\",\"name\":\"Guzzo Photos & Graphic Publications\",\"url\":\"https:\\\/\\\/blogdiario.info\\\/magazine\\\/\",\"logo\":{\"@type\":\"ImageObject\",\"inLanguage\":\"es-AR\",\"@id\":\"https:\\\/\\\/blogdiario.info\\\/magazine\\\/#\\\/schema\\\/logo\\\/image\\\/\",\"url\":\"https:\\\/\\\/blogdiario.info\\\/magazine\\\/images\\\/2020\\\/01\\\/cropped-blogdia_magazine.jpg\",\"contentUrl\":\"https:\\\/\\\/blogdiario.info\\\/magazine\\\/images\\\/2020\\\/01\\\/cropped-blogdia_magazine.jpg\",\"width\":589,\"height\":55,\"caption\":\"Guzzo Photos & Graphic Publications\"},\"image\":{\"@id\":\"https:\\\/\\\/blogdiario.info\\\/magazine\\\/#\\\/schema\\\/logo\\\/image\\\/\"}},{\"@type\":\"Person\",\"@id\":\"https:\\\/\\\/blogdiario.info\\\/magazine\\\/#\\\/schema\\\/person\\\/b2422fe85574d945bad55513bb0c7354\",\"name\":\"World Press Service | Servicio de Prensa Mundial\"}]}<\/script>\n<!-- \/ Yoast SEO plugin. -->","yoast_head_json":{"title":"David Cameron se re\u00fane con Zelensky en Ucrania - BlogDiario Magazine","description":"Cameron supervis\u00f3 la respuesta del Reino Unido a varios conflictos durante su mandato como primer ministro, entre ellos en Libia para derrocar al coronel Gadafi y contra el Estado Isl\u00e1mico en Siria.","robots":{"index":"index","follow":"follow","max-snippet":"max-snippet:-1","max-image-preview":"max-image-preview:large","max-video-preview":"max-video-preview:-1"},"canonical":"https:\/\/blogdiario.info\/magazine\/2023\/11\/16\/david-cameron-se-reune-con-zelensky-en-ucrania\/","og_locale":"es_ES","og_type":"article","og_title":"David Cameron se re\u00fane con Zelensky en Ucrania - BlogDiario Magazine","og_description":"Cameron supervis\u00f3 la respuesta del Reino Unido a varios conflictos durante su mandato como primer ministro, entre ellos en Libia para derrocar al coronel Gadafi y contra el Estado Isl\u00e1mico en Siria.","og_url":"https:\/\/blogdiario.info\/magazine\/2023\/11\/16\/david-cameron-se-reune-con-zelensky-en-ucrania\/","og_site_name":"BlogDiario Magazine","article_published_time":"2023-11-16T14:44:46+00:00","article_modified_time":"2023-11-16T14:44:47+00:00","og_image":[{"width":600,"height":337,"url":"https:\/\/blogdiario.info\/magazine\/images\/2023\/11\/cameron_20231116.jpg","type":"image\/jpeg"}],"author":"World Press Service | Servicio de Prensa Mundial","twitter_card":"summary_large_image","twitter_misc":{"Escrito por":"World Press Service | Servicio de Prensa Mundial","Tiempo de lectura":"3 minutos"},"schema":{"@context":"https:\/\/schema.org","@graph":[{"@type":"Article","@id":"https:\/\/blogdiario.info\/magazine\/2023\/11\/16\/david-cameron-se-reune-con-zelensky-en-ucrania\/#article","isPartOf":{"@id":"https:\/\/blogdiario.info\/magazine\/2023\/11\/16\/david-cameron-se-reune-con-zelensky-en-ucrania\/"},"author":{"name":"World Press Service | Servicio de Prensa Mundial","@id":"https:\/\/blogdiario.info\/magazine\/#\/schema\/person\/b2422fe85574d945bad55513bb0c7354"},"headline":"David Cameron se re\u00fane con Zelensky en Ucrania","datePublished":"2023-11-16T14:44:46+00:00","dateModified":"2023-11-16T14:44:47+00:00","mainEntityOfPage":{"@id":"https:\/\/blogdiario.info\/magazine\/2023\/11\/16\/david-cameron-se-reune-con-zelensky-en-ucrania\/"},"wordCount":392,"publisher":{"@id":"https:\/\/blogdiario.info\/magazine\/#organization"},"image":{"@id":"https:\/\/blogdiario.info\/magazine\/2023\/11\/16\/david-cameron-se-reune-con-zelensky-en-ucrania\/#primaryimage"},"thumbnailUrl":"https:\/\/blogdiario.info\/magazine\/images\/2023\/11\/cameron_20231116.jpg","keywords":["Ucraina","UK"],"articleSection":[".",".","Actualidad","Diplomacia","Guerra","Multilingue"],"inLanguage":"es-AR"},{"@type":"WebPage","@id":"https:\/\/blogdiario.info\/magazine\/2023\/11\/16\/david-cameron-se-reune-con-zelensky-en-ucrania\/","url":"https:\/\/blogdiario.info\/magazine\/2023\/11\/16\/david-cameron-se-reune-con-zelensky-en-ucrania\/","name":"David Cameron se re\u00fane con Zelensky en Ucrania - BlogDiario Magazine","isPartOf":{"@id":"https:\/\/blogdiario.info\/magazine\/#website"},"primaryImageOfPage":{"@id":"https:\/\/blogdiario.info\/magazine\/2023\/11\/16\/david-cameron-se-reune-con-zelensky-en-ucrania\/#primaryimage"},"image":{"@id":"https:\/\/blogdiario.info\/magazine\/2023\/11\/16\/david-cameron-se-reune-con-zelensky-en-ucrania\/#primaryimage"},"thumbnailUrl":"https:\/\/blogdiario.info\/magazine\/images\/2023\/11\/cameron_20231116.jpg","datePublished":"2023-11-16T14:44:46+00:00","dateModified":"2023-11-16T14:44:47+00:00","description":"Cameron supervis\u00f3 la respuesta del Reino Unido a varios conflictos durante su mandato como primer ministro, entre ellos en Libia para derrocar al coronel Gadafi y contra el Estado Isl\u00e1mico en Siria.","breadcrumb":{"@id":"https:\/\/blogdiario.info\/magazine\/2023\/11\/16\/david-cameron-se-reune-con-zelensky-en-ucrania\/#breadcrumb"},"inLanguage":"es-AR","potentialAction":[{"@type":"ReadAction","target":["https:\/\/blogdiario.info\/magazine\/2023\/11\/16\/david-cameron-se-reune-con-zelensky-en-ucrania\/"]}]},{"@type":"ImageObject","inLanguage":"es-AR","@id":"https:\/\/blogdiario.info\/magazine\/2023\/11\/16\/david-cameron-se-reune-con-zelensky-en-ucrania\/#primaryimage","url":"https:\/\/blogdiario.info\/magazine\/images\/2023\/11\/cameron_20231116.jpg","contentUrl":"https:\/\/blogdiario.info\/magazine\/images\/2023\/11\/cameron_20231116.jpg","width":600,"height":337},{"@type":"BreadcrumbList","@id":"https:\/\/blogdiario.info\/magazine\/2023\/11\/16\/david-cameron-se-reune-con-zelensky-en-ucrania\/#breadcrumb","itemListElement":[{"@type":"ListItem","position":1,"name":"Home","item":"https:\/\/blogdiario.info\/magazine\/"},{"@type":"ListItem","position":2,"name":"David Cameron se re\u00fane con Zelensky en Ucrania"}]},{"@type":"WebSite","@id":"https:\/\/blogdiario.info\/magazine\/#website","url":"https:\/\/blogdiario.info\/magazine\/","name":"BlogDiario Magazine","description":"Suplemento multiling\u00fce de ElCanillita.Info","publisher":{"@id":"https:\/\/blogdiario.info\/magazine\/#organization"},"potentialAction":[{"@type":"SearchAction","target":{"@type":"EntryPoint","urlTemplate":"https:\/\/blogdiario.info\/magazine\/?s={search_term_string}"},"query-input":{"@type":"PropertyValueSpecification","valueRequired":true,"valueName":"search_term_string"}}],"inLanguage":"es-AR"},{"@type":"Organization","@id":"https:\/\/blogdiario.info\/magazine\/#organization","name":"Guzzo Photos & Graphic Publications","url":"https:\/\/blogdiario.info\/magazine\/","logo":{"@type":"ImageObject","inLanguage":"es-AR","@id":"https:\/\/blogdiario.info\/magazine\/#\/schema\/logo\/image\/","url":"https:\/\/blogdiario.info\/magazine\/images\/2020\/01\/cropped-blogdia_magazine.jpg","contentUrl":"https:\/\/blogdiario.info\/magazine\/images\/2020\/01\/cropped-blogdia_magazine.jpg","width":589,"height":55,"caption":"Guzzo Photos & Graphic Publications"},"image":{"@id":"https:\/\/blogdiario.info\/magazine\/#\/schema\/logo\/image\/"}},{"@type":"Person","@id":"https:\/\/blogdiario.info\/magazine\/#\/schema\/person\/b2422fe85574d945bad55513bb0c7354","name":"World Press Service | Servicio de Prensa Mundial"}]}},"views":1164,"_links":{"self":[{"href":"https:\/\/blogdiario.info\/magazine\/wp-json\/wp\/v2\/posts\/1053","targetHints":{"allow":["GET"]}}],"collection":[{"href":"https:\/\/blogdiario.info\/magazine\/wp-json\/wp\/v2\/posts"}],"about":[{"href":"https:\/\/blogdiario.info\/magazine\/wp-json\/wp\/v2\/types\/post"}],"author":[{"embeddable":true,"href":"https:\/\/blogdiario.info\/magazine\/wp-json\/wp\/v2\/users\/1"}],"replies":[{"embeddable":true,"href":"https:\/\/blogdiario.info\/magazine\/wp-json\/wp\/v2\/comments?post=1053"}],"version-history":[{"count":0,"href":"https:\/\/blogdiario.info\/magazine\/wp-json\/wp\/v2\/posts\/1053\/revisions"}],"wp:featuredmedia":[{"embeddable":true,"href":"https:\/\/blogdiario.info\/magazine\/wp-json\/wp\/v2\/media\/1054"}],"wp:attachment":[{"href":"https:\/\/blogdiario.info\/magazine\/wp-json\/wp\/v2\/media?parent=1053"}],"wp:term":[{"taxonomy":"category","embeddable":true,"href":"https:\/\/blogdiario.info\/magazine\/wp-json\/wp\/v2\/categories?post=1053"},{"taxonomy":"post_tag","embeddable":true,"href":"https:\/\/blogdiario.info\/magazine\/wp-json\/wp\/v2\/tags?post=1053"}],"curies":[{"name":"wp","href":"https:\/\/api.w.org\/{rel}","templated":true}]}}