{"id":1041,"date":"2023-11-13T16:58:15","date_gmt":"2023-11-13T15:58:15","guid":{"rendered":"https:\/\/blogdiario.info\/magazine\/?p=1041"},"modified":"2023-11-13T16:58:16","modified_gmt":"2023-11-13T15:58:16","slug":"arrebatan-el-microfono-a-greta-thunberg-en-un-mitin-tras-un-coro-de-canticos-propalestinos","status":"publish","type":"post","link":"https:\/\/blogdiario.info\/magazine\/2023\/11\/13\/arrebatan-el-microfono-a-greta-thunberg-en-un-mitin-tras-un-coro-de-canticos-propalestinos\/","title":{"rendered":"Arrebatan el micr\u00f3fono a Greta Thunberg en un mitin, tras un coro de c\u00e1nticos &#8220;propalestinos&#8221;"},"content":{"rendered":"\n<figure class=\"wp-block-video\"><video controls src=\"https:\/\/blogdiario.info\/magazine\/images\/2023\/11\/Greta.m4v\"><\/video><\/figure>\n\n\n\n<p><strong>BlogDiario.info, 13\/11\/2023<\/strong><br>Un invasor del escenario intent\u00f3 arrebatarle el micr\u00f3fono a Greta Thunberg, cuando pronunciaba un discurso de protesta contra el cambio clim\u00e1tico, mientras algunos asistentes coreaban consignas pro palestinas.<\/p>\n\n\n\n<p>El discurso de Thunberg durante el domingo en la Plaza de los Museos de \u00c1msterdam, fue brevemente interrumpido por el manifestante, que la acus\u00f3 de convertir la marcha en un acto pol\u00edtico.<\/p>\n\n\n\n<p>&#8220;He venido aqu\u00ed para una manifestaci\u00f3n sobre el clima, no para una opini\u00f3n pol\u00edtica&#8221;, dijo el hombre, mientras intentaba arrebatarle el micr\u00f3fono a Thunberg.<\/p>\n\n\n\n<p>La activista medioambiental sueca, de 20 a\u00f1os, le dijo al hombre que &#8220;se calmara&#8221;, mientras un hombre y una mujer vestidos con keffiyehs palestinos lo sacaban del escenario.<\/p>\n\n\n\n<p>Momentos antes del incidente, se oy\u00f3 a la multitud corear &#8220;Palestina ser\u00e1 libre&#8221;.<\/p>\n\n\n\n<p>Anteriormente, Thunberg hab\u00eda cedido el micr\u00f3fono a una activista palestina por la paz cuyo discurso fue interrumpido por los organizadores cuando utiliz\u00f3 la controvertida frase &#8220;del r\u00edo al mar, Palestina ser\u00e1 libre&#8221;.<\/p>\n\n\n\n<p>Los v\u00eddeos difundidos en las redes sociales mostraron c\u00f3mo Thunberg respond\u00eda coreando repetidamente &#8220;no a la justicia clim\u00e1tica en tierra ocupada&#8221;.<\/p>\n\n\n\n<p>Decenas de miles de manifestantes desfilaron por la capital holandesa para pedir una acci\u00f3n inmediata contra el cambio clim\u00e1tico, diez d\u00edas antes de que el pa\u00eds celebre elecciones generales.<\/p>\n\n\n\n<p>Seg\u00fan la polic\u00eda local, unas 70.000 personas se unieron a la marcha, entre ellas Frans Timmermans, ex responsable de la pol\u00edtica clim\u00e1tica de la UE y l\u00edder de los partidos Laboristas y Verdes en las pr\u00f3ximas elecciones.<\/p>\n\n\n\n<p>Israel ha criticado a Thunberg por su apoyo a los palestinos y por lo que considera una falta de condena del atentado perpetrado por Ham\u00e1s el 7 de octubre.<\/p>\n\n\n\n<p>Thunberg respondi\u00f3 en X\/Twitter: &#8220;No hace falta decir -o eso cre\u00eda- que estoy en contra de los horribles atentados de Ham\u00e1s. Como dije: &#8216;El mundo tiene que alzar la voz y pedir un alto el fuego inmediato, justicia y libertad para los palestinos y todos los civiles afectados.&#8217; #StandWithPalestine&#8221;.<\/p>\n\n\n\n<p>Desde entonces, el Ministerio de Educaci\u00f3n de Israel ha anunciado que Thunberg se hab\u00eda descalificado a s\u00ed misma para ser retratada como &#8220;un modelo educativo&#8221; y ha eliminado las referencias a ella del plan de estudios.<\/p>\n\n\n\n<p>En un comunicado: &#8220;Tras el apoyo parcial y unilateral de la activista clim\u00e1tica sueca Greta Thunberg a Gaza, sin condenar a Ham\u00e1s, el Ministerio de Educaci\u00f3n ha decidido retirar los recursos educativos que la presentan como modelo o fuente de inspiraci\u00f3n&#8221;.<\/p>\n\n\n\n<p>Y a\u00f1ad\u00eda: &#8220;Su indignante postura y su aparente incapacidad para diferenciar entre el bien y el mal la descalifican para representar a las fuerzas que luchan por un cambio positivo en el mundo. Su imagen no puede ser un modelo para nuestros alumnos, muchos de los cuales la ve\u00edan como fuente de inspiraci\u00f3n.&#8221;<br><br><small>Copyright \u00a9 2023 ElCanillita.info \/ BlogDiario.info &#8211; SalaStampa.Eu, servicio mundial de prensa<\/small><\/p>\n","protected":false},"excerpt":{"rendered":"<p>Un manifestante clim\u00e1tico invadi\u00f3 el escenario en \u00c1msterdam y acus\u00f3 a Thunberg de convertir la marcha en un acto pol\u00edtico<\/p>\n","protected":false},"author":1,"featured_media":1042,"comment_status":"closed","ping_status":"closed","sticky":false,"template":"","format":"standard","meta":{"footnotes":"","_links_to":"","_links_to_target":""},"categories":[97,109,62,46,39,119],"tags":[123],"class_list":["post-1041","post","type-post","status-publish","format-standard","has-post-thumbnail","hentry","category-elcanillita","category-dc24","category-actualidad","category-europa","category-geo-esp","category-guerra","tag-paises-bajos","entry","rows"],"yoast_head":"<!-- This site is optimized with the Yoast SEO plugin v27.4 - https:\/\/yoast.com\/product\/yoast-seo-wordpress\/ -->\n<title>Arrebatan el micr\u00f3fono a Greta Thunberg en un mitin, tras un coro de c\u00e1nticos &quot;propalestinos&quot; - BlogDiario Magazine<\/title>\n<meta name=\"description\" content=\"Un manifestante clim\u00e1tico invadi\u00f3 el escenario en \u00c1msterdam y acus\u00f3 a Thunberg de convertir la marcha en un acto pol\u00edtico\" \/>\n<meta name=\"robots\" content=\"index, follow, max-snippet:-1, max-image-preview:large, max-video-preview:-1\" \/>\n<link rel=\"canonical\" href=\"https:\/\/blogdiario.info\/magazine\/2023\/11\/13\/arrebatan-el-microfono-a-greta-thunberg-en-un-mitin-tras-un-coro-de-canticos-propalestinos\/\" \/>\n<meta property=\"og:locale\" content=\"es_ES\" \/>\n<meta property=\"og:type\" content=\"article\" \/>\n<meta property=\"og:title\" content=\"Arrebatan el micr\u00f3fono a Greta Thunberg en un mitin, tras un coro de c\u00e1nticos &quot;propalestinos&quot; - BlogDiario Magazine\" \/>\n<meta property=\"og:description\" content=\"Un manifestante clim\u00e1tico invadi\u00f3 el escenario en \u00c1msterdam y acus\u00f3 a Thunberg de convertir la marcha en un acto pol\u00edtico\" \/>\n<meta property=\"og:url\" content=\"https:\/\/blogdiario.info\/magazine\/2023\/11\/13\/arrebatan-el-microfono-a-greta-thunberg-en-un-mitin-tras-un-coro-de-canticos-propalestinos\/\" \/>\n<meta property=\"og:site_name\" content=\"BlogDiario Magazine\" \/>\n<meta property=\"article:published_time\" content=\"2023-11-13T15:58:15+00:00\" \/>\n<meta property=\"article:modified_time\" content=\"2023-11-13T15:58:16+00:00\" \/>\n<meta property=\"og:image\" content=\"https:\/\/blogdiario.info\/magazine\/images\/2023\/11\/gret_20231113.jpg\" \/>\n\t<meta property=\"og:image:width\" content=\"600\" \/>\n\t<meta property=\"og:image:height\" content=\"334\" \/>\n\t<meta property=\"og:image:type\" content=\"image\/jpeg\" \/>\n<meta name=\"author\" content=\"World Press Service | Servicio de Prensa Mundial\" \/>\n<meta name=\"twitter:card\" content=\"summary_large_image\" \/>\n<meta name=\"twitter:label1\" content=\"Escrito por\" \/>\n\t<meta name=\"twitter:data1\" content=\"World Press Service | Servicio de Prensa Mundial\" \/>\n\t<meta name=\"twitter:label2\" content=\"Tiempo de lectura\" \/>\n\t<meta name=\"twitter:data2\" content=\"3 minutos\" \/>\n<script type=\"application\/ld+json\" class=\"yoast-schema-graph\">{\"@context\":\"https:\\\/\\\/schema.org\",\"@graph\":[{\"@type\":\"Article\",\"@id\":\"https:\\\/\\\/blogdiario.info\\\/magazine\\\/2023\\\/11\\\/13\\\/arrebatan-el-microfono-a-greta-thunberg-en-un-mitin-tras-un-coro-de-canticos-propalestinos\\\/#article\",\"isPartOf\":{\"@id\":\"https:\\\/\\\/blogdiario.info\\\/magazine\\\/2023\\\/11\\\/13\\\/arrebatan-el-microfono-a-greta-thunberg-en-un-mitin-tras-un-coro-de-canticos-propalestinos\\\/\"},\"author\":{\"name\":\"World Press Service | Servicio de Prensa Mundial\",\"@id\":\"https:\\\/\\\/blogdiario.info\\\/magazine\\\/#\\\/schema\\\/person\\\/b2422fe85574d945bad55513bb0c7354\"},\"headline\":\"Arrebatan el micr\u00f3fono a Greta Thunberg en un mitin, tras un coro de c\u00e1nticos &#8220;propalestinos&#8221;\",\"datePublished\":\"2023-11-13T15:58:15+00:00\",\"dateModified\":\"2023-11-13T15:58:16+00:00\",\"mainEntityOfPage\":{\"@id\":\"https:\\\/\\\/blogdiario.info\\\/magazine\\\/2023\\\/11\\\/13\\\/arrebatan-el-microfono-a-greta-thunberg-en-un-mitin-tras-un-coro-de-canticos-propalestinos\\\/\"},\"wordCount\":519,\"publisher\":{\"@id\":\"https:\\\/\\\/blogdiario.info\\\/magazine\\\/#organization\"},\"image\":{\"@id\":\"https:\\\/\\\/blogdiario.info\\\/magazine\\\/2023\\\/11\\\/13\\\/arrebatan-el-microfono-a-greta-thunberg-en-un-mitin-tras-un-coro-de-canticos-propalestinos\\\/#primaryimage\"},\"thumbnailUrl\":\"https:\\\/\\\/blogdiario.info\\\/magazine\\\/images\\\/2023\\\/11\\\/gret_20231113.jpg\",\"keywords\":[\"Paises Bajos\"],\"articleSection\":[\".\",\".\",\"Actualidad\",\"Europa\",\"Geo\",\"Guerra\"],\"inLanguage\":\"es-AR\"},{\"@type\":\"WebPage\",\"@id\":\"https:\\\/\\\/blogdiario.info\\\/magazine\\\/2023\\\/11\\\/13\\\/arrebatan-el-microfono-a-greta-thunberg-en-un-mitin-tras-un-coro-de-canticos-propalestinos\\\/\",\"url\":\"https:\\\/\\\/blogdiario.info\\\/magazine\\\/2023\\\/11\\\/13\\\/arrebatan-el-microfono-a-greta-thunberg-en-un-mitin-tras-un-coro-de-canticos-propalestinos\\\/\",\"name\":\"Arrebatan el micr\u00f3fono a Greta Thunberg en un mitin, tras un coro de c\u00e1nticos \\\"propalestinos\\\" - BlogDiario Magazine\",\"isPartOf\":{\"@id\":\"https:\\\/\\\/blogdiario.info\\\/magazine\\\/#website\"},\"primaryImageOfPage\":{\"@id\":\"https:\\\/\\\/blogdiario.info\\\/magazine\\\/2023\\\/11\\\/13\\\/arrebatan-el-microfono-a-greta-thunberg-en-un-mitin-tras-un-coro-de-canticos-propalestinos\\\/#primaryimage\"},\"image\":{\"@id\":\"https:\\\/\\\/blogdiario.info\\\/magazine\\\/2023\\\/11\\\/13\\\/arrebatan-el-microfono-a-greta-thunberg-en-un-mitin-tras-un-coro-de-canticos-propalestinos\\\/#primaryimage\"},\"thumbnailUrl\":\"https:\\\/\\\/blogdiario.info\\\/magazine\\\/images\\\/2023\\\/11\\\/gret_20231113.jpg\",\"datePublished\":\"2023-11-13T15:58:15+00:00\",\"dateModified\":\"2023-11-13T15:58:16+00:00\",\"description\":\"Un manifestante clim\u00e1tico invadi\u00f3 el escenario en \u00c1msterdam y acus\u00f3 a Thunberg de convertir la marcha en un acto pol\u00edtico\",\"breadcrumb\":{\"@id\":\"https:\\\/\\\/blogdiario.info\\\/magazine\\\/2023\\\/11\\\/13\\\/arrebatan-el-microfono-a-greta-thunberg-en-un-mitin-tras-un-coro-de-canticos-propalestinos\\\/#breadcrumb\"},\"inLanguage\":\"es-AR\",\"potentialAction\":[{\"@type\":\"ReadAction\",\"target\":[\"https:\\\/\\\/blogdiario.info\\\/magazine\\\/2023\\\/11\\\/13\\\/arrebatan-el-microfono-a-greta-thunberg-en-un-mitin-tras-un-coro-de-canticos-propalestinos\\\/\"]}]},{\"@type\":\"ImageObject\",\"inLanguage\":\"es-AR\",\"@id\":\"https:\\\/\\\/blogdiario.info\\\/magazine\\\/2023\\\/11\\\/13\\\/arrebatan-el-microfono-a-greta-thunberg-en-un-mitin-tras-un-coro-de-canticos-propalestinos\\\/#primaryimage\",\"url\":\"https:\\\/\\\/blogdiario.info\\\/magazine\\\/images\\\/2023\\\/11\\\/gret_20231113.jpg\",\"contentUrl\":\"https:\\\/\\\/blogdiario.info\\\/magazine\\\/images\\\/2023\\\/11\\\/gret_20231113.jpg\",\"width\":600,\"height\":334},{\"@type\":\"BreadcrumbList\",\"@id\":\"https:\\\/\\\/blogdiario.info\\\/magazine\\\/2023\\\/11\\\/13\\\/arrebatan-el-microfono-a-greta-thunberg-en-un-mitin-tras-un-coro-de-canticos-propalestinos\\\/#breadcrumb\",\"itemListElement\":[{\"@type\":\"ListItem\",\"position\":1,\"name\":\"Home\",\"item\":\"https:\\\/\\\/blogdiario.info\\\/magazine\\\/\"},{\"@type\":\"ListItem\",\"position\":2,\"name\":\"Arrebatan el micr\u00f3fono a Greta Thunberg en un mitin, tras un coro de c\u00e1nticos &#8220;propalestinos&#8221;\"}]},{\"@type\":\"WebSite\",\"@id\":\"https:\\\/\\\/blogdiario.info\\\/magazine\\\/#website\",\"url\":\"https:\\\/\\\/blogdiario.info\\\/magazine\\\/\",\"name\":\"BlogDiario Magazine\",\"description\":\"Suplemento multiling\u00fce de ElCanillita.Info\",\"publisher\":{\"@id\":\"https:\\\/\\\/blogdiario.info\\\/magazine\\\/#organization\"},\"potentialAction\":[{\"@type\":\"SearchAction\",\"target\":{\"@type\":\"EntryPoint\",\"urlTemplate\":\"https:\\\/\\\/blogdiario.info\\\/magazine\\\/?s={search_term_string}\"},\"query-input\":{\"@type\":\"PropertyValueSpecification\",\"valueRequired\":true,\"valueName\":\"search_term_string\"}}],\"inLanguage\":\"es-AR\"},{\"@type\":\"Organization\",\"@id\":\"https:\\\/\\\/blogdiario.info\\\/magazine\\\/#organization\",\"name\":\"Guzzo Photos & Graphic Publications\",\"url\":\"https:\\\/\\\/blogdiario.info\\\/magazine\\\/\",\"logo\":{\"@type\":\"ImageObject\",\"inLanguage\":\"es-AR\",\"@id\":\"https:\\\/\\\/blogdiario.info\\\/magazine\\\/#\\\/schema\\\/logo\\\/image\\\/\",\"url\":\"https:\\\/\\\/blogdiario.info\\\/magazine\\\/images\\\/2020\\\/01\\\/cropped-blogdia_magazine.jpg\",\"contentUrl\":\"https:\\\/\\\/blogdiario.info\\\/magazine\\\/images\\\/2020\\\/01\\\/cropped-blogdia_magazine.jpg\",\"width\":589,\"height\":55,\"caption\":\"Guzzo Photos & Graphic Publications\"},\"image\":{\"@id\":\"https:\\\/\\\/blogdiario.info\\\/magazine\\\/#\\\/schema\\\/logo\\\/image\\\/\"}},{\"@type\":\"Person\",\"@id\":\"https:\\\/\\\/blogdiario.info\\\/magazine\\\/#\\\/schema\\\/person\\\/b2422fe85574d945bad55513bb0c7354\",\"name\":\"World Press Service | Servicio de Prensa Mundial\"}]}<\/script>\n<!-- \/ Yoast SEO plugin. -->","yoast_head_json":{"title":"Arrebatan el micr\u00f3fono a Greta Thunberg en un mitin, tras un coro de c\u00e1nticos \"propalestinos\" - BlogDiario Magazine","description":"Un manifestante clim\u00e1tico invadi\u00f3 el escenario en \u00c1msterdam y acus\u00f3 a Thunberg de convertir la marcha en un acto pol\u00edtico","robots":{"index":"index","follow":"follow","max-snippet":"max-snippet:-1","max-image-preview":"max-image-preview:large","max-video-preview":"max-video-preview:-1"},"canonical":"https:\/\/blogdiario.info\/magazine\/2023\/11\/13\/arrebatan-el-microfono-a-greta-thunberg-en-un-mitin-tras-un-coro-de-canticos-propalestinos\/","og_locale":"es_ES","og_type":"article","og_title":"Arrebatan el micr\u00f3fono a Greta Thunberg en un mitin, tras un coro de c\u00e1nticos \"propalestinos\" - BlogDiario Magazine","og_description":"Un manifestante clim\u00e1tico invadi\u00f3 el escenario en \u00c1msterdam y acus\u00f3 a Thunberg de convertir la marcha en un acto pol\u00edtico","og_url":"https:\/\/blogdiario.info\/magazine\/2023\/11\/13\/arrebatan-el-microfono-a-greta-thunberg-en-un-mitin-tras-un-coro-de-canticos-propalestinos\/","og_site_name":"BlogDiario Magazine","article_published_time":"2023-11-13T15:58:15+00:00","article_modified_time":"2023-11-13T15:58:16+00:00","og_image":[{"width":600,"height":334,"url":"https:\/\/blogdiario.info\/magazine\/images\/2023\/11\/gret_20231113.jpg","type":"image\/jpeg"}],"author":"World Press Service | Servicio de Prensa Mundial","twitter_card":"summary_large_image","twitter_misc":{"Escrito por":"World Press Service | Servicio de Prensa Mundial","Tiempo de lectura":"3 minutos"},"schema":{"@context":"https:\/\/schema.org","@graph":[{"@type":"Article","@id":"https:\/\/blogdiario.info\/magazine\/2023\/11\/13\/arrebatan-el-microfono-a-greta-thunberg-en-un-mitin-tras-un-coro-de-canticos-propalestinos\/#article","isPartOf":{"@id":"https:\/\/blogdiario.info\/magazine\/2023\/11\/13\/arrebatan-el-microfono-a-greta-thunberg-en-un-mitin-tras-un-coro-de-canticos-propalestinos\/"},"author":{"name":"World Press Service | Servicio de Prensa Mundial","@id":"https:\/\/blogdiario.info\/magazine\/#\/schema\/person\/b2422fe85574d945bad55513bb0c7354"},"headline":"Arrebatan el micr\u00f3fono a Greta Thunberg en un mitin, tras un coro de c\u00e1nticos &#8220;propalestinos&#8221;","datePublished":"2023-11-13T15:58:15+00:00","dateModified":"2023-11-13T15:58:16+00:00","mainEntityOfPage":{"@id":"https:\/\/blogdiario.info\/magazine\/2023\/11\/13\/arrebatan-el-microfono-a-greta-thunberg-en-un-mitin-tras-un-coro-de-canticos-propalestinos\/"},"wordCount":519,"publisher":{"@id":"https:\/\/blogdiario.info\/magazine\/#organization"},"image":{"@id":"https:\/\/blogdiario.info\/magazine\/2023\/11\/13\/arrebatan-el-microfono-a-greta-thunberg-en-un-mitin-tras-un-coro-de-canticos-propalestinos\/#primaryimage"},"thumbnailUrl":"https:\/\/blogdiario.info\/magazine\/images\/2023\/11\/gret_20231113.jpg","keywords":["Paises Bajos"],"articleSection":[".",".","Actualidad","Europa","Geo","Guerra"],"inLanguage":"es-AR"},{"@type":"WebPage","@id":"https:\/\/blogdiario.info\/magazine\/2023\/11\/13\/arrebatan-el-microfono-a-greta-thunberg-en-un-mitin-tras-un-coro-de-canticos-propalestinos\/","url":"https:\/\/blogdiario.info\/magazine\/2023\/11\/13\/arrebatan-el-microfono-a-greta-thunberg-en-un-mitin-tras-un-coro-de-canticos-propalestinos\/","name":"Arrebatan el micr\u00f3fono a Greta Thunberg en un mitin, tras un coro de c\u00e1nticos \"propalestinos\" - BlogDiario Magazine","isPartOf":{"@id":"https:\/\/blogdiario.info\/magazine\/#website"},"primaryImageOfPage":{"@id":"https:\/\/blogdiario.info\/magazine\/2023\/11\/13\/arrebatan-el-microfono-a-greta-thunberg-en-un-mitin-tras-un-coro-de-canticos-propalestinos\/#primaryimage"},"image":{"@id":"https:\/\/blogdiario.info\/magazine\/2023\/11\/13\/arrebatan-el-microfono-a-greta-thunberg-en-un-mitin-tras-un-coro-de-canticos-propalestinos\/#primaryimage"},"thumbnailUrl":"https:\/\/blogdiario.info\/magazine\/images\/2023\/11\/gret_20231113.jpg","datePublished":"2023-11-13T15:58:15+00:00","dateModified":"2023-11-13T15:58:16+00:00","description":"Un manifestante clim\u00e1tico invadi\u00f3 el escenario en \u00c1msterdam y acus\u00f3 a Thunberg de convertir la marcha en un acto pol\u00edtico","breadcrumb":{"@id":"https:\/\/blogdiario.info\/magazine\/2023\/11\/13\/arrebatan-el-microfono-a-greta-thunberg-en-un-mitin-tras-un-coro-de-canticos-propalestinos\/#breadcrumb"},"inLanguage":"es-AR","potentialAction":[{"@type":"ReadAction","target":["https:\/\/blogdiario.info\/magazine\/2023\/11\/13\/arrebatan-el-microfono-a-greta-thunberg-en-un-mitin-tras-un-coro-de-canticos-propalestinos\/"]}]},{"@type":"ImageObject","inLanguage":"es-AR","@id":"https:\/\/blogdiario.info\/magazine\/2023\/11\/13\/arrebatan-el-microfono-a-greta-thunberg-en-un-mitin-tras-un-coro-de-canticos-propalestinos\/#primaryimage","url":"https:\/\/blogdiario.info\/magazine\/images\/2023\/11\/gret_20231113.jpg","contentUrl":"https:\/\/blogdiario.info\/magazine\/images\/2023\/11\/gret_20231113.jpg","width":600,"height":334},{"@type":"BreadcrumbList","@id":"https:\/\/blogdiario.info\/magazine\/2023\/11\/13\/arrebatan-el-microfono-a-greta-thunberg-en-un-mitin-tras-un-coro-de-canticos-propalestinos\/#breadcrumb","itemListElement":[{"@type":"ListItem","position":1,"name":"Home","item":"https:\/\/blogdiario.info\/magazine\/"},{"@type":"ListItem","position":2,"name":"Arrebatan el micr\u00f3fono a Greta Thunberg en un mitin, tras un coro de c\u00e1nticos &#8220;propalestinos&#8221;"}]},{"@type":"WebSite","@id":"https:\/\/blogdiario.info\/magazine\/#website","url":"https:\/\/blogdiario.info\/magazine\/","name":"BlogDiario Magazine","description":"Suplemento multiling\u00fce de ElCanillita.Info","publisher":{"@id":"https:\/\/blogdiario.info\/magazine\/#organization"},"potentialAction":[{"@type":"SearchAction","target":{"@type":"EntryPoint","urlTemplate":"https:\/\/blogdiario.info\/magazine\/?s={search_term_string}"},"query-input":{"@type":"PropertyValueSpecification","valueRequired":true,"valueName":"search_term_string"}}],"inLanguage":"es-AR"},{"@type":"Organization","@id":"https:\/\/blogdiario.info\/magazine\/#organization","name":"Guzzo Photos & Graphic Publications","url":"https:\/\/blogdiario.info\/magazine\/","logo":{"@type":"ImageObject","inLanguage":"es-AR","@id":"https:\/\/blogdiario.info\/magazine\/#\/schema\/logo\/image\/","url":"https:\/\/blogdiario.info\/magazine\/images\/2020\/01\/cropped-blogdia_magazine.jpg","contentUrl":"https:\/\/blogdiario.info\/magazine\/images\/2020\/01\/cropped-blogdia_magazine.jpg","width":589,"height":55,"caption":"Guzzo Photos & Graphic Publications"},"image":{"@id":"https:\/\/blogdiario.info\/magazine\/#\/schema\/logo\/image\/"}},{"@type":"Person","@id":"https:\/\/blogdiario.info\/magazine\/#\/schema\/person\/b2422fe85574d945bad55513bb0c7354","name":"World Press Service | Servicio de Prensa Mundial"}]}},"views":817,"_links":{"self":[{"href":"https:\/\/blogdiario.info\/magazine\/wp-json\/wp\/v2\/posts\/1041","targetHints":{"allow":["GET"]}}],"collection":[{"href":"https:\/\/blogdiario.info\/magazine\/wp-json\/wp\/v2\/posts"}],"about":[{"href":"https:\/\/blogdiario.info\/magazine\/wp-json\/wp\/v2\/types\/post"}],"author":[{"embeddable":true,"href":"https:\/\/blogdiario.info\/magazine\/wp-json\/wp\/v2\/users\/1"}],"replies":[{"embeddable":true,"href":"https:\/\/blogdiario.info\/magazine\/wp-json\/wp\/v2\/comments?post=1041"}],"version-history":[{"count":0,"href":"https:\/\/blogdiario.info\/magazine\/wp-json\/wp\/v2\/posts\/1041\/revisions"}],"wp:featuredmedia":[{"embeddable":true,"href":"https:\/\/blogdiario.info\/magazine\/wp-json\/wp\/v2\/media\/1042"}],"wp:attachment":[{"href":"https:\/\/blogdiario.info\/magazine\/wp-json\/wp\/v2\/media?parent=1041"}],"wp:term":[{"taxonomy":"category","embeddable":true,"href":"https:\/\/blogdiario.info\/magazine\/wp-json\/wp\/v2\/categories?post=1041"},{"taxonomy":"post_tag","embeddable":true,"href":"https:\/\/blogdiario.info\/magazine\/wp-json\/wp\/v2\/tags?post=1041"}],"curies":[{"name":"wp","href":"https:\/\/api.w.org\/{rel}","templated":true}]}}