{"id":1035,"date":"2023-11-12T16:06:12","date_gmt":"2023-11-12T15:06:12","guid":{"rendered":"https:\/\/blogdiario.info\/magazine\/?p=1035"},"modified":"2023-11-12T16:23:13","modified_gmt":"2023-11-12T15:23:13","slug":"londres-300-000-personas-se-sumaron-a-las-manifestacioes-en-favor-de-un-alto-el-fuego-en-gaza","status":"publish","type":"post","link":"https:\/\/blogdiario.info\/magazine\/2023\/11\/12\/londres-300-000-personas-se-sumaron-a-las-manifestacioes-en-favor-de-un-alto-el-fuego-en-gaza\/","title":{"rendered":"Londres: 300.000 personas se sumaron a las manifestacioes en favor de un alto el fuego en Gaza"},"content":{"rendered":"\n<figure class=\"wp-block-image size-full\"><img loading=\"lazy\" decoding=\"async\" width=\"600\" height=\"337\" src=\"https:\/\/blogdiario.info\/magazine\/images\/2023\/11\/fplcover_20231112.jpg\" alt=\"\" class=\"wp-image-1036\" srcset=\"https:\/\/blogdiario.info\/magazine\/images\/2023\/11\/fplcover_20231112.jpg 600w, https:\/\/blogdiario.info\/magazine\/images\/2023\/11\/fplcover_20231112-300x169.jpg 300w\" sizes=\"auto, (max-width: 600px) 100vw, 600px\" \/><figcaption class=\"wp-element-caption\">Manifestantes de extrema derecha se enfrentaron a la polic\u00eda frente al parlamento despu\u00e9s del silencio de dos minutos en el Cenotafio. Hubo decenas de arrestos<\/figcaption><\/figure>\n\n\n\n<p><strong>BlogDiario.info &#8211; Londres 12\/11\/2023<\/strong><br>Rishi Sunak ha dicho al comisario de la Metr\u00f3poli que espera que los \u201cmatones\u201d de extrema derecha y los \u201csimpatizantes de Hamas\u201d que se enfrentaron con la polic\u00eda durante las violentas protestas en la capital, ahora se enfrenten a la \u201cplena y r\u00e1pida fuerza de la ley\u201d.<\/p>\n\n\n\n<p>El primer ministro dijo que se reunir\u00e1 nuevamente en los \u201cpr\u00f3ximos d\u00edas\u201d con el Comisario de Polic\u00eda de Londres, Sir Mark Rowley para pedirle cuentas por su decisi\u00f3n de aprobar la controvertida manifestaci\u00f3n pro-palestina el D\u00eda del Armisticio.<\/p>\n\n\n\n<p>Ha sido la quinta protesta que tuvo lugar desde la masacre del 7 de octubre perpetrada por Ham\u00e1s en Israel, pero a diferencia de las otras, la m\u00e1s violenta, con 126 detenciones a las 21.10 horas y nueve polic\u00edas heridos. El pasado s\u00e1bado el n\u00famero de detenciones ascendi\u00f3 a 29.<\/p>\n\n\n\n<p> El hecho se produjo despu\u00e9s de que Suella Braverman, ministra del Interior, acusara a los manifestantes propalestinos de ser &#8220;manifestantes del odio&#8221; e &#8220;islamistas&#8221;, mientras que en un art\u00edculo para The Times acusaba a las autoridades Metropolitanas de &#8220;tener favoritos&#8221; al no prohibir el acto de este fin de semana.<\/p>\n\n\n\n<p>A medida que aumentaban las tensiones entre el gobierno y autoridades de la Metr\u00f3poli, los ministros del gabinete volvieron a arremeter en privado contra Braverman, Sadiq Khan, alcalde de Londres dijo que los enfrentamientos de extrema derecha eran un &#8220;resultado directo&#8221; de su lenguaje, y Neil Basu, ex comisario britanico, dijo: &#8220;El \u00faltimo pol\u00edtico conservador que utiliz\u00f3 este tipo de ret\u00f3rica fue Enoch Powell (ex ministro del Partido Unionista del Ulster), que convirti\u00f3 la vida de mis padres y mi infancia en un infierno&#8221;.<br><br>Cientos de activistas de extrema derecha acudieron a Whitehall poco antes de que comenzara el minuto de silencio en el Cenotafio a las 11 de la ma\u00f1ana. Entre ellos se encontraba Tommy Robinson, fundador de la Liga de Defensa Inglesa, un grupo de extrema derecha contrario a la inmigraci\u00f3n, que hab\u00eda animado a sus seguidores a reunirse para &#8220;proteger&#8221; el Cenotafio de los manifestantes palestinos.<br><br>Aun cuando el silencio transcurri\u00f3 sin incidentes, los contramanifestantes rompieron las l\u00edneas policiales antes de lanzar botellas a la polic\u00eda y algunos manifestantes fueron golpeados con porras.<\/p>\n\n\n\n<p>Dispersados por la polic\u00eda antidisturbios, se dividieron en varios grupos y se dispersaron. Se vio al activista Tommy Robinson&nbsp;dirigiendo a varias docenas de personas hacia Chinatown, donde se produjeron nuevos enfrentamientos.<\/p>\n\n\n\n<p>A varios kil\u00f3metros de distancia, 300.000 manifestantes pro Palestina se reunieron desde el mediod\u00eda cerca de Hyde Park para iniciar su marcha. Aunque hasta las 17.00 horas no se hab\u00eda informado de ninguna detenci\u00f3n de partidarios de Palestina, la polic\u00eda metropolitana inform\u00f3 de que estaba investigando al menos cinco denuncias de delitos motivados por el odio, incluidos c\u00e1nticos y pancartas antisemitas y racistas.<\/p>\n\n\n\n<p>Im\u00e1genes subidas a las redes sociales mostraban a algunos manifestantes gritando &#8220;R\u00edo hasta el mar&#8221;, un lema considerado profundamente ofensivo por muchos jud\u00edos, junto con otros lemas m\u00e1s expl\u00edcitamente antisemitas. Se vio a un peque\u00f1o pu\u00f1ado de personas con pa\u00f1uelos y cintas en la cabeza que parec\u00edan imitar los que lleva Ham\u00e1s. Entre los carteles que se alzaron durante la marcha hab\u00eda uno que dec\u00eda: &#8220;Bienvenidos a Gaza, hermanada con Auschwitz&#8221; y otro con la imagen de una cruz gamada envuelta en la estrella de David.<\/p>\n\n\n\n<p>A lo largo del d\u00eda, grupos de contramanifestantes intentaron repetidamente interceptar la marcha propalestina, y los agentes de polic\u00eda se vieron obligados a intervenir con frecuencia. M\u00e1s tarde, cientos de personas intentaron de nuevo entrar por la fuerza en Whitehall y se enfrentaron a decenas de agentes de polic\u00eda.<\/p>\n\n\n\n<p>Sunak conden\u00f3 la violencia, afirmando que las &#8220;escenas que hemos visto [el s\u00e1bado] por parte de la EDL y grupos asociados y simpatizantes de Ham\u00e1s que asist\u00edan a la marcha nacional por Palestina&#8221; son &#8220;totalmente inaceptables&#8221;.<\/p>\n\n\n\n<p>Y a\u00f1adi\u00f3: &#8220;Las despreciables acciones de una minor\u00eda de personas socavan a quienes han decidido expresar sus opiniones pac\u00edficamente&#8221;. El fin de semana del recuerdo es un momento para unirnos como naci\u00f3n y recordar a quienes lucharon y murieron por nuestra libertad. Lo que hemos visto [el s\u00e1bado] no defiende el honor de nuestras fuerzas armadas, sino que les falta totalmente al respeto&#8221;.<\/p>\n\n\n\n<p>El secretario de Estado Michael Gove,, se vio obligado a abandonar su coche ministerial cerca de la estaci\u00f3n Victoria poco despu\u00e9s de las 16.00 horas debido al cierre de carreteras.<\/p>\n\n\n\n<p>Al intentar recorrer a pie el resto del trayecto, el secretario de Vivienda fue filmado mientras era abucheado y seguido por una calle cercana a la estaci\u00f3n por decenas de manifestantes, que le gritaban &#8220;qu\u00e9 verg\u00fcenza&#8221; en repetidas ocasiones.<\/p>\n\n\n\n<p>Seg\u00fan una fuente, despu\u00e9s lo metieron en un veh\u00edculo policial y lo sacaron sano y salvo de la estaci\u00f3n. El hombre se encontraba &#8220;conmocionado, pero bien&#8221;.<\/p>\n\n\n\n<p>Esta ma\u00f1ana se ha mantenido una operaci\u00f3n policial mientras el Rey se preparaba para presidir el servicio religioso del D\u00eda del Recuerdo en el Cenotafio, en el que se guardan dos minutos de silencio en todo el pa\u00eds a las 11.00 horas para honrar la contribuci\u00f3n de los soldados y combatientes de la Primera Guerra Mundial y de otros conflictos posteriores.<br><br><small>Copyright \u00a9 2023 ElCanillita.info \/ BlogDiario.info &#8211; SalaStampa.Eu, servicio mundial de prensa<\/small><\/p>\n","protected":false},"excerpt":{"rendered":"<p>Rishi Sunak declar\u00f3 que los \u201cmatones\u201d detr\u00e1s de los enfrentamientos deben ser castigados con toda la fuerza de la ley.<\/p>\n","protected":false},"author":1,"featured_media":1037,"comment_status":"closed","ping_status":"closed","sticky":false,"template":"","format":"standard","meta":{"footnotes":"","_links_to":"","_links_to_target":""},"categories":[97,109,62,119,43,112],"tags":[101],"class_list":["post-1035","post","type-post","status-publish","format-standard","has-post-thumbnail","hentry","category-elcanillita","category-dc24","category-actualidad","category-guerra","category-sociedad","category-united-kingdom","tag-uk","entry","rows"],"yoast_head":"<!-- This site is optimized with the Yoast SEO plugin v27.4 - https:\/\/yoast.com\/product\/yoast-seo-wordpress\/ -->\n<title>Londres: 300.000 personas se sumaron a las manifestacioes en favor de un alto el fuego en Gaza - BlogDiario Magazine<\/title>\n<meta name=\"description\" content=\"Rishi Sunak declar\u00f3 que los \u201cmatones\u201d detr\u00e1s de los enfrentamientos deben ser castigados con toda la fuerza de la ley.\" \/>\n<meta name=\"robots\" content=\"index, follow, max-snippet:-1, max-image-preview:large, max-video-preview:-1\" \/>\n<link rel=\"canonical\" href=\"https:\/\/blogdiario.info\/magazine\/2023\/11\/12\/londres-300-000-personas-se-sumaron-a-las-manifestacioes-en-favor-de-un-alto-el-fuego-en-gaza\/\" \/>\n<meta property=\"og:locale\" content=\"es_ES\" \/>\n<meta property=\"og:type\" content=\"article\" \/>\n<meta property=\"og:title\" content=\"Londres: 300.000 personas se sumaron a las manifestacioes en favor de un alto el fuego en Gaza - BlogDiario Magazine\" \/>\n<meta property=\"og:description\" content=\"Rishi Sunak declar\u00f3 que los \u201cmatones\u201d detr\u00e1s de los enfrentamientos deben ser castigados con toda la fuerza de la ley.\" \/>\n<meta property=\"og:url\" content=\"https:\/\/blogdiario.info\/magazine\/2023\/11\/12\/londres-300-000-personas-se-sumaron-a-las-manifestacioes-en-favor-de-un-alto-el-fuego-en-gaza\/\" \/>\n<meta property=\"og:site_name\" content=\"BlogDiario Magazine\" \/>\n<meta property=\"article:published_time\" content=\"2023-11-12T15:06:12+00:00\" \/>\n<meta property=\"article:modified_time\" content=\"2023-11-12T15:23:13+00:00\" \/>\n<meta property=\"og:image\" content=\"https:\/\/blogdiario.info\/magazine\/images\/2023\/11\/fpl1_20231112.jpg\" \/>\n\t<meta property=\"og:image:width\" content=\"600\" \/>\n\t<meta property=\"og:image:height\" content=\"400\" \/>\n\t<meta property=\"og:image:type\" content=\"image\/jpeg\" \/>\n<meta name=\"author\" content=\"World Press Service | Servicio de Prensa Mundial\" \/>\n<meta name=\"twitter:card\" content=\"summary_large_image\" \/>\n<meta name=\"twitter:label1\" content=\"Escrito por\" \/>\n\t<meta name=\"twitter:data1\" content=\"World Press Service | Servicio de Prensa Mundial\" \/>\n\t<meta name=\"twitter:label2\" content=\"Tiempo de lectura\" \/>\n\t<meta name=\"twitter:data2\" content=\"5 minutos\" \/>\n<script type=\"application\/ld+json\" class=\"yoast-schema-graph\">{\"@context\":\"https:\\\/\\\/schema.org\",\"@graph\":[{\"@type\":\"Article\",\"@id\":\"https:\\\/\\\/blogdiario.info\\\/magazine\\\/2023\\\/11\\\/12\\\/londres-300-000-personas-se-sumaron-a-las-manifestacioes-en-favor-de-un-alto-el-fuego-en-gaza\\\/#article\",\"isPartOf\":{\"@id\":\"https:\\\/\\\/blogdiario.info\\\/magazine\\\/2023\\\/11\\\/12\\\/londres-300-000-personas-se-sumaron-a-las-manifestacioes-en-favor-de-un-alto-el-fuego-en-gaza\\\/\"},\"author\":{\"name\":\"World Press Service | Servicio de Prensa Mundial\",\"@id\":\"https:\\\/\\\/blogdiario.info\\\/magazine\\\/#\\\/schema\\\/person\\\/b2422fe85574d945bad55513bb0c7354\"},\"headline\":\"Londres: 300.000 personas se sumaron a las manifestacioes en favor de un alto el fuego en Gaza\",\"datePublished\":\"2023-11-12T15:06:12+00:00\",\"dateModified\":\"2023-11-12T15:23:13+00:00\",\"mainEntityOfPage\":{\"@id\":\"https:\\\/\\\/blogdiario.info\\\/magazine\\\/2023\\\/11\\\/12\\\/londres-300-000-personas-se-sumaron-a-las-manifestacioes-en-favor-de-un-alto-el-fuego-en-gaza\\\/\"},\"wordCount\":965,\"publisher\":{\"@id\":\"https:\\\/\\\/blogdiario.info\\\/magazine\\\/#organization\"},\"image\":{\"@id\":\"https:\\\/\\\/blogdiario.info\\\/magazine\\\/2023\\\/11\\\/12\\\/londres-300-000-personas-se-sumaron-a-las-manifestacioes-en-favor-de-un-alto-el-fuego-en-gaza\\\/#primaryimage\"},\"thumbnailUrl\":\"https:\\\/\\\/blogdiario.info\\\/magazine\\\/images\\\/2023\\\/11\\\/fpl1_20231112.jpg\",\"keywords\":[\"UK\"],\"articleSection\":[\".\",\".\",\"Actualidad\",\"Guerra\",\"Sociedad\",\"United Kingdom\"],\"inLanguage\":\"es-AR\"},{\"@type\":\"WebPage\",\"@id\":\"https:\\\/\\\/blogdiario.info\\\/magazine\\\/2023\\\/11\\\/12\\\/londres-300-000-personas-se-sumaron-a-las-manifestacioes-en-favor-de-un-alto-el-fuego-en-gaza\\\/\",\"url\":\"https:\\\/\\\/blogdiario.info\\\/magazine\\\/2023\\\/11\\\/12\\\/londres-300-000-personas-se-sumaron-a-las-manifestacioes-en-favor-de-un-alto-el-fuego-en-gaza\\\/\",\"name\":\"Londres: 300.000 personas se sumaron a las manifestacioes en favor de un alto el fuego en Gaza - BlogDiario Magazine\",\"isPartOf\":{\"@id\":\"https:\\\/\\\/blogdiario.info\\\/magazine\\\/#website\"},\"primaryImageOfPage\":{\"@id\":\"https:\\\/\\\/blogdiario.info\\\/magazine\\\/2023\\\/11\\\/12\\\/londres-300-000-personas-se-sumaron-a-las-manifestacioes-en-favor-de-un-alto-el-fuego-en-gaza\\\/#primaryimage\"},\"image\":{\"@id\":\"https:\\\/\\\/blogdiario.info\\\/magazine\\\/2023\\\/11\\\/12\\\/londres-300-000-personas-se-sumaron-a-las-manifestacioes-en-favor-de-un-alto-el-fuego-en-gaza\\\/#primaryimage\"},\"thumbnailUrl\":\"https:\\\/\\\/blogdiario.info\\\/magazine\\\/images\\\/2023\\\/11\\\/fpl1_20231112.jpg\",\"datePublished\":\"2023-11-12T15:06:12+00:00\",\"dateModified\":\"2023-11-12T15:23:13+00:00\",\"description\":\"Rishi Sunak declar\u00f3 que los \u201cmatones\u201d detr\u00e1s de los enfrentamientos deben ser castigados con toda la fuerza de la ley.\",\"breadcrumb\":{\"@id\":\"https:\\\/\\\/blogdiario.info\\\/magazine\\\/2023\\\/11\\\/12\\\/londres-300-000-personas-se-sumaron-a-las-manifestacioes-en-favor-de-un-alto-el-fuego-en-gaza\\\/#breadcrumb\"},\"inLanguage\":\"es-AR\",\"potentialAction\":[{\"@type\":\"ReadAction\",\"target\":[\"https:\\\/\\\/blogdiario.info\\\/magazine\\\/2023\\\/11\\\/12\\\/londres-300-000-personas-se-sumaron-a-las-manifestacioes-en-favor-de-un-alto-el-fuego-en-gaza\\\/\"]}]},{\"@type\":\"ImageObject\",\"inLanguage\":\"es-AR\",\"@id\":\"https:\\\/\\\/blogdiario.info\\\/magazine\\\/2023\\\/11\\\/12\\\/londres-300-000-personas-se-sumaron-a-las-manifestacioes-en-favor-de-un-alto-el-fuego-en-gaza\\\/#primaryimage\",\"url\":\"https:\\\/\\\/blogdiario.info\\\/magazine\\\/images\\\/2023\\\/11\\\/fpl1_20231112.jpg\",\"contentUrl\":\"https:\\\/\\\/blogdiario.info\\\/magazine\\\/images\\\/2023\\\/11\\\/fpl1_20231112.jpg\",\"width\":600,\"height\":400},{\"@type\":\"BreadcrumbList\",\"@id\":\"https:\\\/\\\/blogdiario.info\\\/magazine\\\/2023\\\/11\\\/12\\\/londres-300-000-personas-se-sumaron-a-las-manifestacioes-en-favor-de-un-alto-el-fuego-en-gaza\\\/#breadcrumb\",\"itemListElement\":[{\"@type\":\"ListItem\",\"position\":1,\"name\":\"Home\",\"item\":\"https:\\\/\\\/blogdiario.info\\\/magazine\\\/\"},{\"@type\":\"ListItem\",\"position\":2,\"name\":\"Londres: 300.000 personas se sumaron a las manifestacioes en favor de un alto el fuego en Gaza\"}]},{\"@type\":\"WebSite\",\"@id\":\"https:\\\/\\\/blogdiario.info\\\/magazine\\\/#website\",\"url\":\"https:\\\/\\\/blogdiario.info\\\/magazine\\\/\",\"name\":\"BlogDiario Magazine\",\"description\":\"Suplemento multiling\u00fce de ElCanillita.Info\",\"publisher\":{\"@id\":\"https:\\\/\\\/blogdiario.info\\\/magazine\\\/#organization\"},\"potentialAction\":[{\"@type\":\"SearchAction\",\"target\":{\"@type\":\"EntryPoint\",\"urlTemplate\":\"https:\\\/\\\/blogdiario.info\\\/magazine\\\/?s={search_term_string}\"},\"query-input\":{\"@type\":\"PropertyValueSpecification\",\"valueRequired\":true,\"valueName\":\"search_term_string\"}}],\"inLanguage\":\"es-AR\"},{\"@type\":\"Organization\",\"@id\":\"https:\\\/\\\/blogdiario.info\\\/magazine\\\/#organization\",\"name\":\"Guzzo Photos & Graphic Publications\",\"url\":\"https:\\\/\\\/blogdiario.info\\\/magazine\\\/\",\"logo\":{\"@type\":\"ImageObject\",\"inLanguage\":\"es-AR\",\"@id\":\"https:\\\/\\\/blogdiario.info\\\/magazine\\\/#\\\/schema\\\/logo\\\/image\\\/\",\"url\":\"https:\\\/\\\/blogdiario.info\\\/magazine\\\/images\\\/2020\\\/01\\\/cropped-blogdia_magazine.jpg\",\"contentUrl\":\"https:\\\/\\\/blogdiario.info\\\/magazine\\\/images\\\/2020\\\/01\\\/cropped-blogdia_magazine.jpg\",\"width\":589,\"height\":55,\"caption\":\"Guzzo Photos & Graphic Publications\"},\"image\":{\"@id\":\"https:\\\/\\\/blogdiario.info\\\/magazine\\\/#\\\/schema\\\/logo\\\/image\\\/\"}},{\"@type\":\"Person\",\"@id\":\"https:\\\/\\\/blogdiario.info\\\/magazine\\\/#\\\/schema\\\/person\\\/b2422fe85574d945bad55513bb0c7354\",\"name\":\"World Press Service | Servicio de Prensa Mundial\"}]}<\/script>\n<!-- \/ Yoast SEO plugin. -->","yoast_head_json":{"title":"Londres: 300.000 personas se sumaron a las manifestacioes en favor de un alto el fuego en Gaza - BlogDiario Magazine","description":"Rishi Sunak declar\u00f3 que los \u201cmatones\u201d detr\u00e1s de los enfrentamientos deben ser castigados con toda la fuerza de la ley.","robots":{"index":"index","follow":"follow","max-snippet":"max-snippet:-1","max-image-preview":"max-image-preview:large","max-video-preview":"max-video-preview:-1"},"canonical":"https:\/\/blogdiario.info\/magazine\/2023\/11\/12\/londres-300-000-personas-se-sumaron-a-las-manifestacioes-en-favor-de-un-alto-el-fuego-en-gaza\/","og_locale":"es_ES","og_type":"article","og_title":"Londres: 300.000 personas se sumaron a las manifestacioes en favor de un alto el fuego en Gaza - BlogDiario Magazine","og_description":"Rishi Sunak declar\u00f3 que los \u201cmatones\u201d detr\u00e1s de los enfrentamientos deben ser castigados con toda la fuerza de la ley.","og_url":"https:\/\/blogdiario.info\/magazine\/2023\/11\/12\/londres-300-000-personas-se-sumaron-a-las-manifestacioes-en-favor-de-un-alto-el-fuego-en-gaza\/","og_site_name":"BlogDiario Magazine","article_published_time":"2023-11-12T15:06:12+00:00","article_modified_time":"2023-11-12T15:23:13+00:00","og_image":[{"width":600,"height":400,"url":"https:\/\/blogdiario.info\/magazine\/images\/2023\/11\/fpl1_20231112.jpg","type":"image\/jpeg"}],"author":"World Press Service | Servicio de Prensa Mundial","twitter_card":"summary_large_image","twitter_misc":{"Escrito por":"World Press Service | Servicio de Prensa Mundial","Tiempo de lectura":"5 minutos"},"schema":{"@context":"https:\/\/schema.org","@graph":[{"@type":"Article","@id":"https:\/\/blogdiario.info\/magazine\/2023\/11\/12\/londres-300-000-personas-se-sumaron-a-las-manifestacioes-en-favor-de-un-alto-el-fuego-en-gaza\/#article","isPartOf":{"@id":"https:\/\/blogdiario.info\/magazine\/2023\/11\/12\/londres-300-000-personas-se-sumaron-a-las-manifestacioes-en-favor-de-un-alto-el-fuego-en-gaza\/"},"author":{"name":"World Press Service | Servicio de Prensa Mundial","@id":"https:\/\/blogdiario.info\/magazine\/#\/schema\/person\/b2422fe85574d945bad55513bb0c7354"},"headline":"Londres: 300.000 personas se sumaron a las manifestacioes en favor de un alto el fuego en Gaza","datePublished":"2023-11-12T15:06:12+00:00","dateModified":"2023-11-12T15:23:13+00:00","mainEntityOfPage":{"@id":"https:\/\/blogdiario.info\/magazine\/2023\/11\/12\/londres-300-000-personas-se-sumaron-a-las-manifestacioes-en-favor-de-un-alto-el-fuego-en-gaza\/"},"wordCount":965,"publisher":{"@id":"https:\/\/blogdiario.info\/magazine\/#organization"},"image":{"@id":"https:\/\/blogdiario.info\/magazine\/2023\/11\/12\/londres-300-000-personas-se-sumaron-a-las-manifestacioes-en-favor-de-un-alto-el-fuego-en-gaza\/#primaryimage"},"thumbnailUrl":"https:\/\/blogdiario.info\/magazine\/images\/2023\/11\/fpl1_20231112.jpg","keywords":["UK"],"articleSection":[".",".","Actualidad","Guerra","Sociedad","United Kingdom"],"inLanguage":"es-AR"},{"@type":"WebPage","@id":"https:\/\/blogdiario.info\/magazine\/2023\/11\/12\/londres-300-000-personas-se-sumaron-a-las-manifestacioes-en-favor-de-un-alto-el-fuego-en-gaza\/","url":"https:\/\/blogdiario.info\/magazine\/2023\/11\/12\/londres-300-000-personas-se-sumaron-a-las-manifestacioes-en-favor-de-un-alto-el-fuego-en-gaza\/","name":"Londres: 300.000 personas se sumaron a las manifestacioes en favor de un alto el fuego en Gaza - BlogDiario Magazine","isPartOf":{"@id":"https:\/\/blogdiario.info\/magazine\/#website"},"primaryImageOfPage":{"@id":"https:\/\/blogdiario.info\/magazine\/2023\/11\/12\/londres-300-000-personas-se-sumaron-a-las-manifestacioes-en-favor-de-un-alto-el-fuego-en-gaza\/#primaryimage"},"image":{"@id":"https:\/\/blogdiario.info\/magazine\/2023\/11\/12\/londres-300-000-personas-se-sumaron-a-las-manifestacioes-en-favor-de-un-alto-el-fuego-en-gaza\/#primaryimage"},"thumbnailUrl":"https:\/\/blogdiario.info\/magazine\/images\/2023\/11\/fpl1_20231112.jpg","datePublished":"2023-11-12T15:06:12+00:00","dateModified":"2023-11-12T15:23:13+00:00","description":"Rishi Sunak declar\u00f3 que los \u201cmatones\u201d detr\u00e1s de los enfrentamientos deben ser castigados con toda la fuerza de la ley.","breadcrumb":{"@id":"https:\/\/blogdiario.info\/magazine\/2023\/11\/12\/londres-300-000-personas-se-sumaron-a-las-manifestacioes-en-favor-de-un-alto-el-fuego-en-gaza\/#breadcrumb"},"inLanguage":"es-AR","potentialAction":[{"@type":"ReadAction","target":["https:\/\/blogdiario.info\/magazine\/2023\/11\/12\/londres-300-000-personas-se-sumaron-a-las-manifestacioes-en-favor-de-un-alto-el-fuego-en-gaza\/"]}]},{"@type":"ImageObject","inLanguage":"es-AR","@id":"https:\/\/blogdiario.info\/magazine\/2023\/11\/12\/londres-300-000-personas-se-sumaron-a-las-manifestacioes-en-favor-de-un-alto-el-fuego-en-gaza\/#primaryimage","url":"https:\/\/blogdiario.info\/magazine\/images\/2023\/11\/fpl1_20231112.jpg","contentUrl":"https:\/\/blogdiario.info\/magazine\/images\/2023\/11\/fpl1_20231112.jpg","width":600,"height":400},{"@type":"BreadcrumbList","@id":"https:\/\/blogdiario.info\/magazine\/2023\/11\/12\/londres-300-000-personas-se-sumaron-a-las-manifestacioes-en-favor-de-un-alto-el-fuego-en-gaza\/#breadcrumb","itemListElement":[{"@type":"ListItem","position":1,"name":"Home","item":"https:\/\/blogdiario.info\/magazine\/"},{"@type":"ListItem","position":2,"name":"Londres: 300.000 personas se sumaron a las manifestacioes en favor de un alto el fuego en Gaza"}]},{"@type":"WebSite","@id":"https:\/\/blogdiario.info\/magazine\/#website","url":"https:\/\/blogdiario.info\/magazine\/","name":"BlogDiario Magazine","description":"Suplemento multiling\u00fce de ElCanillita.Info","publisher":{"@id":"https:\/\/blogdiario.info\/magazine\/#organization"},"potentialAction":[{"@type":"SearchAction","target":{"@type":"EntryPoint","urlTemplate":"https:\/\/blogdiario.info\/magazine\/?s={search_term_string}"},"query-input":{"@type":"PropertyValueSpecification","valueRequired":true,"valueName":"search_term_string"}}],"inLanguage":"es-AR"},{"@type":"Organization","@id":"https:\/\/blogdiario.info\/magazine\/#organization","name":"Guzzo Photos & Graphic Publications","url":"https:\/\/blogdiario.info\/magazine\/","logo":{"@type":"ImageObject","inLanguage":"es-AR","@id":"https:\/\/blogdiario.info\/magazine\/#\/schema\/logo\/image\/","url":"https:\/\/blogdiario.info\/magazine\/images\/2020\/01\/cropped-blogdia_magazine.jpg","contentUrl":"https:\/\/blogdiario.info\/magazine\/images\/2020\/01\/cropped-blogdia_magazine.jpg","width":589,"height":55,"caption":"Guzzo Photos & Graphic Publications"},"image":{"@id":"https:\/\/blogdiario.info\/magazine\/#\/schema\/logo\/image\/"}},{"@type":"Person","@id":"https:\/\/blogdiario.info\/magazine\/#\/schema\/person\/b2422fe85574d945bad55513bb0c7354","name":"World Press Service | Servicio de Prensa Mundial"}]}},"views":420,"_links":{"self":[{"href":"https:\/\/blogdiario.info\/magazine\/wp-json\/wp\/v2\/posts\/1035","targetHints":{"allow":["GET"]}}],"collection":[{"href":"https:\/\/blogdiario.info\/magazine\/wp-json\/wp\/v2\/posts"}],"about":[{"href":"https:\/\/blogdiario.info\/magazine\/wp-json\/wp\/v2\/types\/post"}],"author":[{"embeddable":true,"href":"https:\/\/blogdiario.info\/magazine\/wp-json\/wp\/v2\/users\/1"}],"replies":[{"embeddable":true,"href":"https:\/\/blogdiario.info\/magazine\/wp-json\/wp\/v2\/comments?post=1035"}],"version-history":[{"count":0,"href":"https:\/\/blogdiario.info\/magazine\/wp-json\/wp\/v2\/posts\/1035\/revisions"}],"wp:featuredmedia":[{"embeddable":true,"href":"https:\/\/blogdiario.info\/magazine\/wp-json\/wp\/v2\/media\/1037"}],"wp:attachment":[{"href":"https:\/\/blogdiario.info\/magazine\/wp-json\/wp\/v2\/media?parent=1035"}],"wp:term":[{"taxonomy":"category","embeddable":true,"href":"https:\/\/blogdiario.info\/magazine\/wp-json\/wp\/v2\/categories?post=1035"},{"taxonomy":"post_tag","embeddable":true,"href":"https:\/\/blogdiario.info\/magazine\/wp-json\/wp\/v2\/tags?post=1035"}],"curies":[{"name":"wp","href":"https:\/\/api.w.org\/{rel}","templated":true}]}}