{"id":1023,"date":"2023-10-31T23:08:16","date_gmt":"2023-10-31T22:08:16","guid":{"rendered":"https:\/\/blogdiario.info\/magazine\/?p=1023"},"modified":"2023-11-01T20:18:23","modified_gmt":"2023-11-01T19:18:23","slug":"francia-demanda-a-la-ue-por-la-adopcion-del-ingles-como-lengua-estandar","status":"publish","type":"post","link":"https:\/\/blogdiario.info\/magazine\/2023\/10\/31\/francia-demanda-a-la-ue-por-la-adopcion-del-ingles-como-lengua-estandar\/","title":{"rendered":"Francia demanda a la UE por la adopci\u00f3n del ingl\u00e9s como lengua est\u00e1ndar"},"content":{"rendered":"\n<figure class=\"wp-block-image size-full\"><img loading=\"lazy\" decoding=\"async\" width=\"600\" height=\"400\" src=\"https:\/\/blogdiario.info\/magazine\/images\/2023\/10\/mac_1_20231031.jpg\" alt=\"\" class=\"wp-image-1024\" srcset=\"https:\/\/blogdiario.info\/magazine\/images\/2023\/10\/mac_1_20231031.jpg 600w, https:\/\/blogdiario.info\/magazine\/images\/2023\/10\/mac_1_20231031-300x200.jpg 300w\" sizes=\"auto, (max-width: 600px) 100vw, 600px\" \/><\/figure>\n\n\n\n<p><strong>BlogDiario.info,<\/strong><br>Par\u00eds 31\/10\/2023<br>El presidente Macron recibe en el Palacio del El\u00edseo a Roberta Metsola, presidente del Parlamento Europeo. Su gobierno ha presentado demandas ante el TJCE acusando de discriminaci\u00f3n.<\/p>\n\n\n\n<p>Francia ha abierto un nuevo frente en su lucha para detener la adopci\u00f3n del ingl\u00e9s como est\u00e1ndar en las instituciones de la Uni\u00f3n Europea.<\/p>\n\n\n\n<p>El gobierno del presidente Macron ha presentado dos demandas ante el Tribunal de Justicia de las Comunidades Europeas, acusando a la comisi\u00f3n de discriminaci\u00f3n contra las personas que no hablan ingl\u00e9s en su contrataci\u00f3n de personal para puestos que van desde el espacio y la defensa hasta la econom\u00eda y la gesti\u00f3n de personal.<\/p>\n\n\n\n<p>La Oficina Europea de Selecci\u00f3n de Personal, que realiza ex\u00e1menes de contrataci\u00f3n para los 14.000 miembros de la burocracia de la UE, viol\u00f3 la ley de la UE al obligar a los candidatos a realizar ex\u00e1menes \u00fanicamente en ingl\u00e9s en dos sesiones de contrataci\u00f3n en 2022 y 2023, afirma Francia.<\/p>\n\n\n\n<p>Formalmente, los 24 idiomas de la UE son iguales, pero el ingl\u00e9s, el franc\u00e9s y el alem\u00e1n han sido durante mucho tiempo los idiomas de trabajo.<\/p>\n\n\n\n<p>Si bien el presidente Macron ha roto la tradici\u00f3n francesa y ha molestado a muchos de sus ciudadanos al hablar ingl\u00e9s libremente en casa y en el extranjero, ha apoyado una campa\u00f1a para mantener vivo al franc\u00e9s en la maquinaria de la UE en Bruselas, Luxemburgo y Estrasburgo, las principales bases de la uni\u00f3n. \u201cEl ingl\u00e9s no est\u00e1 destinado a ser el \u00fanico idioma extranjero que hablan los europeos\u201d, dijo Macron poco despu\u00e9s de su elecci\u00f3n en 2017.<\/p>\n\n\n\n<p>Solo se permitieron a los franceses participar en eventos organizados por Francia durante su turno en 2022 en la presidencia rotatoria de seis meses de la UE.<\/p>\n\n\n\n<p>El idioma franc\u00e9s sigue siendo dominante s\u00f3lo en el Tribunal de Justicia, pero desde la entrada de miembros del centro, norte y este de Europa en la d\u00e9cada de 1990, el ingl\u00e9s ha asumido el control de la mayor parte de las comunicaciones cotidianas.<\/p>\n\n\n\n<p>Francia esperaba que la salida de Gran Breta\u00f1a de la UE disminuyera el poder de los ingleses, pero sucedi\u00f3 lo contrario. El idioma adquiri\u00f3 nueva legitimidad como veh\u00edculo neutral, ya que ahora era s\u00f3lo una de las lenguas nativas de dos peque\u00f1os estados miembros: Malta e Irlanda.<\/p>\n\n\n\n<p>Un estudio de 2021 para el Quai d&#8217;Orsay, como se conoce al Ministerio de Asuntos Exteriores, inform\u00f3 que el 80 por ciento de los documentos de la comisi\u00f3n se emitieron en ingl\u00e9s y s\u00f3lo el 5 por ciento en franc\u00e9s. El ala franc\u00f3fona de la prensa de Bruselas ha protestado repetidamente ante documentos y eventos exclusivamente en ingl\u00e9s.<\/p>\n\n\n\n<p>Macron hizo un llamamiento esta semana a favor del franc\u00e9s, utilizado durante mucho tiempo como lengua diplom\u00e1tica internacional, como medio de civilizaci\u00f3n universal cuando abri\u00f3 un centro de 180 millones de euros para celebrar el franc\u00e9s en un castillo al noreste de Par\u00eds.<\/p>\n\n\n\n<p>Par\u00eds afirma estar luchando por la diversidad y el derecho a utilizar todos los idiomas de la UE en lugar de imponer el franc\u00e9s. Esto ha ganado el apoyo de Italia y Espa\u00f1a, que tambi\u00e9n luchan contra la marea inglesa. Este a\u00f1o, el tribunal europeo confirm\u00f3 las acusaciones italianas y espa\u00f1olas de que la comisi\u00f3n estaba violando la ley al imponer buenos conocimientos de ingl\u00e9s, franc\u00e9s o alem\u00e1n a los solicitantes de empleo. Los anuncios ahora establecen como requisito el conocimiento de cualquier segunda lengua de la UE.<\/p>\n\n\n\n<p>Los cr\u00edticos franceses sostienen que el ingl\u00e9s de la UE no es la versi\u00f3n nativa sino un h\u00edbrido inferior parecido al llamado \u201cglobish\u201d, el dialecto del comercio mundial. Sylvie Guillaume, eurodiputada socialista, lament\u00f3 el auge del dialecto. &#8220;Me preocupa porque no quiero que acabemos hablando un idioma sin sutilezas en temas delicados&#8221;, afirm\u00f3.<\/p>\n\n\n\n<p>Se espera que el tribunal de la UE se pronuncie el pr\u00f3ximo a\u00f1o sobre la demanda francesa.<br><br><small>\u00a92023- ElCanillita.info \/ BlogDiario.info \/ SalaStampa.Eu -servicio mundial de prensa<\/small><\/p>\n","protected":false},"excerpt":{"rendered":"<p>Francia ha abierto un nuevo frente en su lucha para detener la adopci\u00f3n del ingl\u00e9s como est\u00e1ndar en las instituciones de la Uni\u00f3n Europea.<\/p>\n","protected":false},"author":1,"featured_media":1025,"comment_status":"closed","ping_status":"closed","sticky":false,"template":"","format":"standard","meta":{"footnotes":"","_links_to":"","_links_to_target":""},"categories":[97,109,62,37,46,41],"tags":[107,105],"class_list":["post-1023","post","type-post","status-publish","format-standard","has-post-thumbnail","hentry","category-elcanillita","category-dc24","category-actualidad","category-cultura-esp","category-europa","category-politica-esp","tag-francia","tag-ue","entry","rows"],"yoast_head":"<!-- This site is optimized with the Yoast SEO plugin v27.4 - https:\/\/yoast.com\/product\/yoast-seo-wordpress\/ -->\n<title>Francia demanda a la UE por la adopci\u00f3n del ingl\u00e9s como lengua est\u00e1ndar - BlogDiario Magazine<\/title>\n<meta name=\"description\" content=\"Francia ha abierto un nuevo frente en su lucha para detener la adopci\u00f3n del ingl\u00e9s como est\u00e1ndar en las instituciones de la Uni\u00f3n Europea.\" \/>\n<meta name=\"robots\" content=\"index, follow, max-snippet:-1, max-image-preview:large, max-video-preview:-1\" \/>\n<link rel=\"canonical\" href=\"https:\/\/blogdiario.info\/magazine\/2023\/10\/31\/francia-demanda-a-la-ue-por-la-adopcion-del-ingles-como-lengua-estandar\/\" \/>\n<meta property=\"og:locale\" content=\"es_ES\" \/>\n<meta property=\"og:type\" content=\"article\" \/>\n<meta property=\"og:title\" content=\"Francia demanda a la UE por la adopci\u00f3n del ingl\u00e9s como lengua est\u00e1ndar - BlogDiario Magazine\" \/>\n<meta property=\"og:description\" content=\"Francia ha abierto un nuevo frente en su lucha para detener la adopci\u00f3n del ingl\u00e9s como est\u00e1ndar en las instituciones de la Uni\u00f3n Europea.\" \/>\n<meta property=\"og:url\" content=\"https:\/\/blogdiario.info\/magazine\/2023\/10\/31\/francia-demanda-a-la-ue-por-la-adopcion-del-ingles-como-lengua-estandar\/\" \/>\n<meta property=\"og:site_name\" content=\"BlogDiario Magazine\" \/>\n<meta property=\"article:published_time\" content=\"2023-10-31T22:08:16+00:00\" \/>\n<meta property=\"article:modified_time\" content=\"2023-11-01T19:18:23+00:00\" \/>\n<meta property=\"og:image\" content=\"https:\/\/blogdiario.info\/magazine\/images\/2023\/10\/mac_2_20231031.jpg\" \/>\n\t<meta property=\"og:image:width\" content=\"600\" \/>\n\t<meta property=\"og:image:height\" content=\"331\" \/>\n\t<meta property=\"og:image:type\" content=\"image\/jpeg\" \/>\n<meta name=\"author\" content=\"World Press Service | Servicio de Prensa Mundial\" \/>\n<meta name=\"twitter:card\" content=\"summary_large_image\" \/>\n<meta name=\"twitter:label1\" content=\"Escrito por\" \/>\n\t<meta name=\"twitter:data1\" content=\"World Press Service | Servicio de Prensa Mundial\" \/>\n\t<meta name=\"twitter:label2\" content=\"Tiempo de lectura\" \/>\n\t<meta name=\"twitter:data2\" content=\"4 minutos\" \/>\n<script type=\"application\/ld+json\" class=\"yoast-schema-graph\">{\"@context\":\"https:\\\/\\\/schema.org\",\"@graph\":[{\"@type\":\"Article\",\"@id\":\"https:\\\/\\\/blogdiario.info\\\/magazine\\\/2023\\\/10\\\/31\\\/francia-demanda-a-la-ue-por-la-adopcion-del-ingles-como-lengua-estandar\\\/#article\",\"isPartOf\":{\"@id\":\"https:\\\/\\\/blogdiario.info\\\/magazine\\\/2023\\\/10\\\/31\\\/francia-demanda-a-la-ue-por-la-adopcion-del-ingles-como-lengua-estandar\\\/\"},\"author\":{\"name\":\"World Press Service | Servicio de Prensa Mundial\",\"@id\":\"https:\\\/\\\/blogdiario.info\\\/magazine\\\/#\\\/schema\\\/person\\\/b2422fe85574d945bad55513bb0c7354\"},\"headline\":\"Francia demanda a la UE por la adopci\u00f3n del ingl\u00e9s como lengua est\u00e1ndar\",\"datePublished\":\"2023-10-31T22:08:16+00:00\",\"dateModified\":\"2023-11-01T19:18:23+00:00\",\"mainEntityOfPage\":{\"@id\":\"https:\\\/\\\/blogdiario.info\\\/magazine\\\/2023\\\/10\\\/31\\\/francia-demanda-a-la-ue-por-la-adopcion-del-ingles-como-lengua-estandar\\\/\"},\"wordCount\":721,\"publisher\":{\"@id\":\"https:\\\/\\\/blogdiario.info\\\/magazine\\\/#organization\"},\"image\":{\"@id\":\"https:\\\/\\\/blogdiario.info\\\/magazine\\\/2023\\\/10\\\/31\\\/francia-demanda-a-la-ue-por-la-adopcion-del-ingles-como-lengua-estandar\\\/#primaryimage\"},\"thumbnailUrl\":\"https:\\\/\\\/blogdiario.info\\\/magazine\\\/images\\\/2023\\\/10\\\/mac_2_20231031.jpg\",\"keywords\":[\"Francia\",\"UE\"],\"articleSection\":[\".\",\".\",\"Actualidad\",\"Cultura\",\"Europa\",\"Politica\"],\"inLanguage\":\"es-AR\"},{\"@type\":\"WebPage\",\"@id\":\"https:\\\/\\\/blogdiario.info\\\/magazine\\\/2023\\\/10\\\/31\\\/francia-demanda-a-la-ue-por-la-adopcion-del-ingles-como-lengua-estandar\\\/\",\"url\":\"https:\\\/\\\/blogdiario.info\\\/magazine\\\/2023\\\/10\\\/31\\\/francia-demanda-a-la-ue-por-la-adopcion-del-ingles-como-lengua-estandar\\\/\",\"name\":\"Francia demanda a la UE por la adopci\u00f3n del ingl\u00e9s como lengua est\u00e1ndar - BlogDiario Magazine\",\"isPartOf\":{\"@id\":\"https:\\\/\\\/blogdiario.info\\\/magazine\\\/#website\"},\"primaryImageOfPage\":{\"@id\":\"https:\\\/\\\/blogdiario.info\\\/magazine\\\/2023\\\/10\\\/31\\\/francia-demanda-a-la-ue-por-la-adopcion-del-ingles-como-lengua-estandar\\\/#primaryimage\"},\"image\":{\"@id\":\"https:\\\/\\\/blogdiario.info\\\/magazine\\\/2023\\\/10\\\/31\\\/francia-demanda-a-la-ue-por-la-adopcion-del-ingles-como-lengua-estandar\\\/#primaryimage\"},\"thumbnailUrl\":\"https:\\\/\\\/blogdiario.info\\\/magazine\\\/images\\\/2023\\\/10\\\/mac_2_20231031.jpg\",\"datePublished\":\"2023-10-31T22:08:16+00:00\",\"dateModified\":\"2023-11-01T19:18:23+00:00\",\"description\":\"Francia ha abierto un nuevo frente en su lucha para detener la adopci\u00f3n del ingl\u00e9s como est\u00e1ndar en las instituciones de la Uni\u00f3n Europea.\",\"breadcrumb\":{\"@id\":\"https:\\\/\\\/blogdiario.info\\\/magazine\\\/2023\\\/10\\\/31\\\/francia-demanda-a-la-ue-por-la-adopcion-del-ingles-como-lengua-estandar\\\/#breadcrumb\"},\"inLanguage\":\"es-AR\",\"potentialAction\":[{\"@type\":\"ReadAction\",\"target\":[\"https:\\\/\\\/blogdiario.info\\\/magazine\\\/2023\\\/10\\\/31\\\/francia-demanda-a-la-ue-por-la-adopcion-del-ingles-como-lengua-estandar\\\/\"]}]},{\"@type\":\"ImageObject\",\"inLanguage\":\"es-AR\",\"@id\":\"https:\\\/\\\/blogdiario.info\\\/magazine\\\/2023\\\/10\\\/31\\\/francia-demanda-a-la-ue-por-la-adopcion-del-ingles-como-lengua-estandar\\\/#primaryimage\",\"url\":\"https:\\\/\\\/blogdiario.info\\\/magazine\\\/images\\\/2023\\\/10\\\/mac_2_20231031.jpg\",\"contentUrl\":\"https:\\\/\\\/blogdiario.info\\\/magazine\\\/images\\\/2023\\\/10\\\/mac_2_20231031.jpg\",\"width\":600,\"height\":331},{\"@type\":\"BreadcrumbList\",\"@id\":\"https:\\\/\\\/blogdiario.info\\\/magazine\\\/2023\\\/10\\\/31\\\/francia-demanda-a-la-ue-por-la-adopcion-del-ingles-como-lengua-estandar\\\/#breadcrumb\",\"itemListElement\":[{\"@type\":\"ListItem\",\"position\":1,\"name\":\"Home\",\"item\":\"https:\\\/\\\/blogdiario.info\\\/magazine\\\/\"},{\"@type\":\"ListItem\",\"position\":2,\"name\":\"Francia demanda a la UE por la adopci\u00f3n del ingl\u00e9s como lengua est\u00e1ndar\"}]},{\"@type\":\"WebSite\",\"@id\":\"https:\\\/\\\/blogdiario.info\\\/magazine\\\/#website\",\"url\":\"https:\\\/\\\/blogdiario.info\\\/magazine\\\/\",\"name\":\"BlogDiario Magazine\",\"description\":\"Suplemento multiling\u00fce de ElCanillita.Info\",\"publisher\":{\"@id\":\"https:\\\/\\\/blogdiario.info\\\/magazine\\\/#organization\"},\"potentialAction\":[{\"@type\":\"SearchAction\",\"target\":{\"@type\":\"EntryPoint\",\"urlTemplate\":\"https:\\\/\\\/blogdiario.info\\\/magazine\\\/?s={search_term_string}\"},\"query-input\":{\"@type\":\"PropertyValueSpecification\",\"valueRequired\":true,\"valueName\":\"search_term_string\"}}],\"inLanguage\":\"es-AR\"},{\"@type\":\"Organization\",\"@id\":\"https:\\\/\\\/blogdiario.info\\\/magazine\\\/#organization\",\"name\":\"Guzzo Photos & Graphic Publications\",\"url\":\"https:\\\/\\\/blogdiario.info\\\/magazine\\\/\",\"logo\":{\"@type\":\"ImageObject\",\"inLanguage\":\"es-AR\",\"@id\":\"https:\\\/\\\/blogdiario.info\\\/magazine\\\/#\\\/schema\\\/logo\\\/image\\\/\",\"url\":\"https:\\\/\\\/blogdiario.info\\\/magazine\\\/images\\\/2020\\\/01\\\/cropped-blogdia_magazine.jpg\",\"contentUrl\":\"https:\\\/\\\/blogdiario.info\\\/magazine\\\/images\\\/2020\\\/01\\\/cropped-blogdia_magazine.jpg\",\"width\":589,\"height\":55,\"caption\":\"Guzzo Photos & Graphic Publications\"},\"image\":{\"@id\":\"https:\\\/\\\/blogdiario.info\\\/magazine\\\/#\\\/schema\\\/logo\\\/image\\\/\"}},{\"@type\":\"Person\",\"@id\":\"https:\\\/\\\/blogdiario.info\\\/magazine\\\/#\\\/schema\\\/person\\\/b2422fe85574d945bad55513bb0c7354\",\"name\":\"World Press Service | Servicio de Prensa Mundial\"}]}<\/script>\n<!-- \/ Yoast SEO plugin. -->","yoast_head_json":{"title":"Francia demanda a la UE por la adopci\u00f3n del ingl\u00e9s como lengua est\u00e1ndar - BlogDiario Magazine","description":"Francia ha abierto un nuevo frente en su lucha para detener la adopci\u00f3n del ingl\u00e9s como est\u00e1ndar en las instituciones de la Uni\u00f3n Europea.","robots":{"index":"index","follow":"follow","max-snippet":"max-snippet:-1","max-image-preview":"max-image-preview:large","max-video-preview":"max-video-preview:-1"},"canonical":"https:\/\/blogdiario.info\/magazine\/2023\/10\/31\/francia-demanda-a-la-ue-por-la-adopcion-del-ingles-como-lengua-estandar\/","og_locale":"es_ES","og_type":"article","og_title":"Francia demanda a la UE por la adopci\u00f3n del ingl\u00e9s como lengua est\u00e1ndar - BlogDiario Magazine","og_description":"Francia ha abierto un nuevo frente en su lucha para detener la adopci\u00f3n del ingl\u00e9s como est\u00e1ndar en las instituciones de la Uni\u00f3n Europea.","og_url":"https:\/\/blogdiario.info\/magazine\/2023\/10\/31\/francia-demanda-a-la-ue-por-la-adopcion-del-ingles-como-lengua-estandar\/","og_site_name":"BlogDiario Magazine","article_published_time":"2023-10-31T22:08:16+00:00","article_modified_time":"2023-11-01T19:18:23+00:00","og_image":[{"width":600,"height":331,"url":"https:\/\/blogdiario.info\/magazine\/images\/2023\/10\/mac_2_20231031.jpg","type":"image\/jpeg"}],"author":"World Press Service | Servicio de Prensa Mundial","twitter_card":"summary_large_image","twitter_misc":{"Escrito por":"World Press Service | Servicio de Prensa Mundial","Tiempo de lectura":"4 minutos"},"schema":{"@context":"https:\/\/schema.org","@graph":[{"@type":"Article","@id":"https:\/\/blogdiario.info\/magazine\/2023\/10\/31\/francia-demanda-a-la-ue-por-la-adopcion-del-ingles-como-lengua-estandar\/#article","isPartOf":{"@id":"https:\/\/blogdiario.info\/magazine\/2023\/10\/31\/francia-demanda-a-la-ue-por-la-adopcion-del-ingles-como-lengua-estandar\/"},"author":{"name":"World Press Service | Servicio de Prensa Mundial","@id":"https:\/\/blogdiario.info\/magazine\/#\/schema\/person\/b2422fe85574d945bad55513bb0c7354"},"headline":"Francia demanda a la UE por la adopci\u00f3n del ingl\u00e9s como lengua est\u00e1ndar","datePublished":"2023-10-31T22:08:16+00:00","dateModified":"2023-11-01T19:18:23+00:00","mainEntityOfPage":{"@id":"https:\/\/blogdiario.info\/magazine\/2023\/10\/31\/francia-demanda-a-la-ue-por-la-adopcion-del-ingles-como-lengua-estandar\/"},"wordCount":721,"publisher":{"@id":"https:\/\/blogdiario.info\/magazine\/#organization"},"image":{"@id":"https:\/\/blogdiario.info\/magazine\/2023\/10\/31\/francia-demanda-a-la-ue-por-la-adopcion-del-ingles-como-lengua-estandar\/#primaryimage"},"thumbnailUrl":"https:\/\/blogdiario.info\/magazine\/images\/2023\/10\/mac_2_20231031.jpg","keywords":["Francia","UE"],"articleSection":[".",".","Actualidad","Cultura","Europa","Politica"],"inLanguage":"es-AR"},{"@type":"WebPage","@id":"https:\/\/blogdiario.info\/magazine\/2023\/10\/31\/francia-demanda-a-la-ue-por-la-adopcion-del-ingles-como-lengua-estandar\/","url":"https:\/\/blogdiario.info\/magazine\/2023\/10\/31\/francia-demanda-a-la-ue-por-la-adopcion-del-ingles-como-lengua-estandar\/","name":"Francia demanda a la UE por la adopci\u00f3n del ingl\u00e9s como lengua est\u00e1ndar - BlogDiario Magazine","isPartOf":{"@id":"https:\/\/blogdiario.info\/magazine\/#website"},"primaryImageOfPage":{"@id":"https:\/\/blogdiario.info\/magazine\/2023\/10\/31\/francia-demanda-a-la-ue-por-la-adopcion-del-ingles-como-lengua-estandar\/#primaryimage"},"image":{"@id":"https:\/\/blogdiario.info\/magazine\/2023\/10\/31\/francia-demanda-a-la-ue-por-la-adopcion-del-ingles-como-lengua-estandar\/#primaryimage"},"thumbnailUrl":"https:\/\/blogdiario.info\/magazine\/images\/2023\/10\/mac_2_20231031.jpg","datePublished":"2023-10-31T22:08:16+00:00","dateModified":"2023-11-01T19:18:23+00:00","description":"Francia ha abierto un nuevo frente en su lucha para detener la adopci\u00f3n del ingl\u00e9s como est\u00e1ndar en las instituciones de la Uni\u00f3n Europea.","breadcrumb":{"@id":"https:\/\/blogdiario.info\/magazine\/2023\/10\/31\/francia-demanda-a-la-ue-por-la-adopcion-del-ingles-como-lengua-estandar\/#breadcrumb"},"inLanguage":"es-AR","potentialAction":[{"@type":"ReadAction","target":["https:\/\/blogdiario.info\/magazine\/2023\/10\/31\/francia-demanda-a-la-ue-por-la-adopcion-del-ingles-como-lengua-estandar\/"]}]},{"@type":"ImageObject","inLanguage":"es-AR","@id":"https:\/\/blogdiario.info\/magazine\/2023\/10\/31\/francia-demanda-a-la-ue-por-la-adopcion-del-ingles-como-lengua-estandar\/#primaryimage","url":"https:\/\/blogdiario.info\/magazine\/images\/2023\/10\/mac_2_20231031.jpg","contentUrl":"https:\/\/blogdiario.info\/magazine\/images\/2023\/10\/mac_2_20231031.jpg","width":600,"height":331},{"@type":"BreadcrumbList","@id":"https:\/\/blogdiario.info\/magazine\/2023\/10\/31\/francia-demanda-a-la-ue-por-la-adopcion-del-ingles-como-lengua-estandar\/#breadcrumb","itemListElement":[{"@type":"ListItem","position":1,"name":"Home","item":"https:\/\/blogdiario.info\/magazine\/"},{"@type":"ListItem","position":2,"name":"Francia demanda a la UE por la adopci\u00f3n del ingl\u00e9s como lengua est\u00e1ndar"}]},{"@type":"WebSite","@id":"https:\/\/blogdiario.info\/magazine\/#website","url":"https:\/\/blogdiario.info\/magazine\/","name":"BlogDiario Magazine","description":"Suplemento multiling\u00fce de ElCanillita.Info","publisher":{"@id":"https:\/\/blogdiario.info\/magazine\/#organization"},"potentialAction":[{"@type":"SearchAction","target":{"@type":"EntryPoint","urlTemplate":"https:\/\/blogdiario.info\/magazine\/?s={search_term_string}"},"query-input":{"@type":"PropertyValueSpecification","valueRequired":true,"valueName":"search_term_string"}}],"inLanguage":"es-AR"},{"@type":"Organization","@id":"https:\/\/blogdiario.info\/magazine\/#organization","name":"Guzzo Photos & Graphic Publications","url":"https:\/\/blogdiario.info\/magazine\/","logo":{"@type":"ImageObject","inLanguage":"es-AR","@id":"https:\/\/blogdiario.info\/magazine\/#\/schema\/logo\/image\/","url":"https:\/\/blogdiario.info\/magazine\/images\/2020\/01\/cropped-blogdia_magazine.jpg","contentUrl":"https:\/\/blogdiario.info\/magazine\/images\/2020\/01\/cropped-blogdia_magazine.jpg","width":589,"height":55,"caption":"Guzzo Photos & Graphic Publications"},"image":{"@id":"https:\/\/blogdiario.info\/magazine\/#\/schema\/logo\/image\/"}},{"@type":"Person","@id":"https:\/\/blogdiario.info\/magazine\/#\/schema\/person\/b2422fe85574d945bad55513bb0c7354","name":"World Press Service | Servicio de Prensa Mundial"}]}},"views":641,"_links":{"self":[{"href":"https:\/\/blogdiario.info\/magazine\/wp-json\/wp\/v2\/posts\/1023","targetHints":{"allow":["GET"]}}],"collection":[{"href":"https:\/\/blogdiario.info\/magazine\/wp-json\/wp\/v2\/posts"}],"about":[{"href":"https:\/\/blogdiario.info\/magazine\/wp-json\/wp\/v2\/types\/post"}],"author":[{"embeddable":true,"href":"https:\/\/blogdiario.info\/magazine\/wp-json\/wp\/v2\/users\/1"}],"replies":[{"embeddable":true,"href":"https:\/\/blogdiario.info\/magazine\/wp-json\/wp\/v2\/comments?post=1023"}],"version-history":[{"count":0,"href":"https:\/\/blogdiario.info\/magazine\/wp-json\/wp\/v2\/posts\/1023\/revisions"}],"wp:featuredmedia":[{"embeddable":true,"href":"https:\/\/blogdiario.info\/magazine\/wp-json\/wp\/v2\/media\/1025"}],"wp:attachment":[{"href":"https:\/\/blogdiario.info\/magazine\/wp-json\/wp\/v2\/media?parent=1023"}],"wp:term":[{"taxonomy":"category","embeddable":true,"href":"https:\/\/blogdiario.info\/magazine\/wp-json\/wp\/v2\/categories?post=1023"},{"taxonomy":"post_tag","embeddable":true,"href":"https:\/\/blogdiario.info\/magazine\/wp-json\/wp\/v2\/tags?post=1023"}],"curies":[{"name":"wp","href":"https:\/\/api.w.org\/{rel}","templated":true}]}}