{"id":1018,"date":"2023-10-28T22:19:08","date_gmt":"2023-10-29T01:19:08","guid":{"rendered":"https:\/\/blogdiario.info\/magazine\/?p=1018"},"modified":"2023-10-28T22:51:26","modified_gmt":"2023-10-29T01:51:26","slug":"israel-pasa-al-ataque-en-la-franja-de-gaza-en-una-guerra-que-no-tiene-termino","status":"publish","type":"post","link":"https:\/\/blogdiario.info\/magazine\/2023\/10\/28\/israel-pasa-al-ataque-en-la-franja-de-gaza-en-una-guerra-que-no-tiene-termino\/","title":{"rendered":"Israel pasa al ataque en la Franja de Gaza en una guerra que no tiene t\u00e9rmino"},"content":{"rendered":"\n<figure class=\"wp-block-image size-full\"><img loading=\"lazy\" decoding=\"async\" width=\"600\" height=\"374\" src=\"https:\/\/blogdiario.info\/magazine\/images\/2023\/10\/gaza_20231028.jpeg\" alt=\"\" class=\"wp-image-1019\" srcset=\"https:\/\/blogdiario.info\/magazine\/images\/2023\/10\/gaza_20231028.jpeg 600w, https:\/\/blogdiario.info\/magazine\/images\/2023\/10\/gaza_20231028-300x187.jpeg 300w\" sizes=\"auto, (max-width: 600px) 100vw, 600px\" \/><figcaption class=\"wp-element-caption\">Soldados israel\u00edes patrullan una calle de Sderot, cerca de la frontera con Gaza<\/figcaption><\/figure>\n\n\n\n<p><strong>BlogDiario.info 28\/10\/2023<\/strong><br>Israel dijo que sus mejores soldados estaban luchando contra Ham\u00e1s dentro de la Franja de Gaza el s\u00e1bado por la noche, mientras Benjamin Netanyahu declaraba que la &#8220;segunda etapa&#8221; de una larga guerra contra el grupo terrorista hab\u00eda comenzado.<\/p>\n\n\n\n<p>El teniente general Herzi Halevi, jefe del Estado Mayor de las Fuerzas de Defensa de Israel, declar\u00f3 que sus tropas hab\u00edan matado a &#8220;cientos&#8221; de terroristas.<\/p>\n\n\n\n<p>Pero Netanyahu, el primer ministro israel\u00ed, afirm\u00f3 que la campa\u00f1a de Israel para &#8220;abolir el mal&#8221; &#8220;no ha hecho m\u00e1s que empezar&#8221;.<\/p>\n\n\n\n<p>&#8220;Esta es una guerra con m\u00faltiples etapas, hoy pasamos a la siguiente&#8221;, declar\u00f3 el s\u00e1bado el teniente general Halevi. &#8220;Los objetivos de esta guerra requieren una operaci\u00f3n terrestre: los mejores soldados est\u00e1n operando ahora en Gaza&#8221;.<\/p>\n\n\n\n<p>Se esperaba una operaci\u00f3n militar israel\u00ed de mayor envergadura contra Ham\u00e1s desde que se comprometi\u00f3 a destruir al grupo tras los atentados del 7 de octubre, pero parece haberse retrasado por el temor a una guerra regional m\u00e1s amplia en la que participen Ir\u00e1n y sus representantes en Oriente Pr\u00f3ximo.<\/p>\n\n\n\n<p>El primer ministro y los l\u00edderes militares no llegaron a calificar de invasi\u00f3n la ofensiva terrestre ampliada en Gaza, aunque confirmaron que las tropas permanecer\u00edan en el enclave costero.<\/p>\n\n\n\n<p>A primera hora del s\u00e1bado, el ej\u00e9rcito israel\u00ed lanz\u00f3 octavillas sobre la ciudad de Gaza, que antes de la guerra ten\u00eda una poblaci\u00f3n de medio mill\u00f3n de personas, advirtiendo a los civiles que evacuaran la zona porque se hab\u00eda convertido en &#8220;un campo de batalla&#8221;.<\/p>\n\n\n\n<p>&#8220;A los residentes de la Franja de Gaza: La gobernaci\u00f3n de Gaza (Ciudad de Gaza) se ha convertido en un campo de batalla. Los refugios del norte de Gaza y de la gobernaci\u00f3n de Gaza no son seguros&#8221;, rezaba un panfleto en \u00e1rabe.<\/p>\n\n\n\n<p>El ej\u00e9rcito israel\u00ed afirma que Ham\u00e1s dirige un cuartel general subterr\u00e1neo bajo el hospital al-Shifa de la ciudad de Gaza. Ham\u00e1s lo niega.<\/p>\n\n\n\n<p>El s\u00e1bado, las familias de los rehenes de Gaza instaron al gobierno a que les dijera c\u00f3mo pensaba rescatar a sus seres queridos mientras las fuerzas israel\u00edes intensificaban sus operaciones contra Ham\u00e1s.<\/p>\n\n\n\n<p> Netanyahu dijo que esperaba que la ofensiva terrestre aumentara la presi\u00f3n sobre el grupo terrorista, haciendo m\u00e1s probable la liberaci\u00f3n de sus cautivos.<\/p>\n\n\n\n<p>Mientras los l\u00edderes israel\u00edes se preparaban para una escalada regional, Eli Cohen, ministro de Asuntos Exteriores, confirm\u00f3 que hab\u00eda llamado a diplom\u00e1ticos de Turqu\u00eda, que ha criticado duramente la guerra contra Ham\u00e1s en Gaza por la gran p\u00e9rdida de vidas civiles.<\/p>\n\n\n\n<p>En un mitin celebrado el s\u00e1bado en Estambul, el presidente turco, Recep Tayyip Erdogan, compar\u00f3 el ataque de Israel contra Gaza con el Holocausto y apunt\u00f3 a los partidarios occidentales del pa\u00eds.<\/p>\n\n\n\n<p>&#8220;El principal culpable de la masacre que se est\u00e1 produciendo en Gaza es Occidente&#8221;, dijo ante una multitud de cientos de miles de seguidores.<br><\/p>\n\n\n\n<div style=\"width:80%; padding-left:50px; font-size:0.8em; text-align: center;\">\n\n<figure class=\"wp-block-video\"><video controls src=\"https:\/\/blogdiario.info\/magazine\/images\/2023\/10\/ataque gaza.m4v\"><\/video><\/figure>\nVideo: Fuerzas Armadas de Israel\n\n<\/div>\n\n\n\n<p>Israel se enfrentaba a crecientes cr\u00edticas por el asalto por parte de los vecinos del Golfo, incluida Arabia Saud\u00ed, que antes de la guerra hab\u00eda estado considerando un tratado de normalizaci\u00f3n hist\u00f3rica.<\/p>\n\n\n\n<p>En Egipto, el Ministerio de Asuntos Exteriores advirti\u00f3 a Israel de &#8220;graves riesgos&#8221; y &#8220;repercusiones humanitarias y de seguridad sin precedentes&#8221; si continuaba con la ofensiva terrestre.<\/p>\n\n\n\n<p>Riad declar\u00f3 que &#8220;condena y denuncia cualquier operaci\u00f3n terrestre llevada a cabo por Israel debido a la amenaza que supone para la vida de los civiles palestinos&#8221;.<\/p>\n\n\n\n<p>El Pent\u00e1gono inform\u00f3 de que Lloyd Austin, secretario de Defensa estadounidense, hab\u00eda hablado el s\u00e1bado con su hom\u00f3logo israel\u00ed y &#8220;subrayado la importancia de proteger a los civiles&#8221; durante la pr\u00f3xima fase de la guerra. Tambi\u00e9n plante\u00f3 &#8220;su atenci\u00f3n a la necesidad de que Ham\u00e1s libere a todos los rehenes&#8221;.<\/p>\n\n\n\n<p>Josep Borrell, responsable de pol\u00edtica exterior de la UE, reiter\u00f3 su llamamiento a un alto el fuego urgente y a\u00f1adi\u00f3 que &#8220;han muerto demasiados civiles, incluidos ni\u00f1os. Esto va en contra del derecho internacional humanitario&#8221;.<\/p>\n\n\n\n<p>Pero James Cleverly, Ministro de Asuntos Exteriores, se resisti\u00f3 a las peticiones de alto el fuego: &#8220;Los llamamientos a un alto el fuego en abstracto no van a ayudar a mejorar la situaci\u00f3n; siempre hemos intentado hacer pausas para facilitar la entrada de la ayuda humanitaria que estamos proporcionando, la liberaci\u00f3n de los rehenes y la evacuaci\u00f3n de los ciudadanos brit\u00e1nicos en Gaza&#8221;.<\/p>\n\n\n\n<p>Israel insiste en que act\u00faa dentro de la legalidad internacional y que procura evitar la muerte de civiles.<\/p>\n\n\n\n<p>En respuesta a la masacre del 7 de octubre, Israel ha cortado casi por completo el acceso a Internet en Gaza y ha sometido el enclave a un &#8220;asedio total&#8221; que lo a\u00edsla del resto del mundo.<\/p>\n\n\n\n<div style=\"width:70%; padding-left:50px; font-size:0.8em; text-align: center;\">\n\n<figure class=\"wp-block-video\"><video controls src=\"https:\/\/blogdiario.info\/magazine\/images\/2023\/10\/camion agua.m4v\"><\/video><\/figure>\nLos bombardeos han dejado a la poblaci\u00f3n sin agua potable\n\n\n<\/div>\n\n\n\n<p> Los palestinos de Gaza utilizaban los altavoces de las mezquitas para comunicarse entre s\u00ed debido al apag\u00f3n total de Internet impuesto el viernes por la noche, mientras las ambulancias circulaban a ciegas hacia las explosiones mientras se afanaban por atender a los heridos.<\/p>\n\n\n\n<p>Un v\u00eddeo colgado en Internet mostraba c\u00f3mo las mezquitas emit\u00edan mensajes de emergencia utilizando los sistemas de altavoces que habitualmente emit\u00edan la llamada a la oraci\u00f3n. &#8220;Se han cortado las comunicaciones&#8221;, dec\u00eda un mensaje emitido por los altavoces de una mezquita. &#8220;Se ha cortado toda ayuda del mundo exterior&#8221;.<\/p>\n\n\n\n<p>Desde el lado israel\u00ed de la frontera, se pod\u00edan ver enormes bolas de fuego elev\u00e1ndose desde el cielo mientras Israel lanzaba un torrente de ataques a\u00e9reos sobre el enclave palestino.<\/p>\n\n\n\n<p>Las organizaciones humanitarias y los medios de comunicaci\u00f3n, han perdido el contacto con sus colegas sobre el terreno, lo que dificulta la confirmaci\u00f3n de lo ocurrido en la franja bloqueada desde el viernes por la noche.<\/p>\n\n\n\n<p>Han llegado algunas noticias, como la de Rushdi Abualouf, corresponsal de la BBC en Gaza, que describi\u00f3 la situaci\u00f3n como un &#8220;caos total&#8221;.<\/p>\n\n\n\n<p>&#8220;Hubo un enorme bombardeo en el norte de la franja de Gaza a una escala que nunca hab\u00edamos visto antes&#8221;, inform\u00f3 el s\u00e1bado. &#8220;Se pod\u00edan ver enormes llamas elev\u00e1ndose hacia el cielo; parec\u00eda que estaban utilizando diferentes tipos de bombas&#8221;.<\/p>\n\n\n\n<p>&#8220;Ha cundido el p\u00e1nico en todas partes, incluso aqu\u00ed en Khan Younis, donde los bombardeos fueron menores, mientras la gente intenta contactar con familiares en otras zonas para comprobar que est\u00e1n a salvo, pero los tel\u00e9fonos han sido cortados&#8221;.<\/p>\n\n\n\n<p>A primera hora del s\u00e1bado, Israel afirm\u00f3 haber matado a Asem Abu Rakaba, jefe del ala a\u00e9rea de las fuerzas armadas de Ham\u00e1s. Abu Rakaba, que muri\u00f3 en un ataque a\u00e9reo, era responsable de la defensa a\u00e9rea de Ham\u00e1s, as\u00ed como de sus veh\u00edculos a\u00e9reos no tripulados y drones.<br><br><small>Copyright \u00a9 2023 ElCanillita.info \/ BlogDiario.info &#8211; SalaStampa.Eu, servicio mundial de prensa<\/small><\/p>\n","protected":false},"excerpt":{"rendered":"<p>Benjamin Netanyahu declara que la siguiente fase de su plan para &#8220;abolir el mal&#8221; est\u00e1 en marcha mientras las batallas se suceden en las calles<\/p>\n","protected":false},"author":1,"featured_media":1019,"comment_status":"closed","ping_status":"closed","sticky":false,"template":"","format":"standard","meta":{"footnotes":"","_links_to":"","_links_to_target":""},"categories":[97,109,62,119,54],"tags":[122,121],"class_list":["post-1018","post","type-post","status-publish","format-standard","has-post-thumbnail","hentry","category-elcanillita","category-dc24","category-actualidad","category-guerra","category-medio-oriente","tag-gaza","tag-israel","entry","rows"],"yoast_head":"<!-- This site is optimized with the Yoast SEO plugin v27.4 - https:\/\/yoast.com\/product\/yoast-seo-wordpress\/ -->\n<title>Israel pasa al ataque en la Franja de Gaza en una guerra que no tiene t\u00e9rmino - BlogDiario Magazine<\/title>\n<meta name=\"description\" content=\"Benjamin Netanyahu declara que la siguiente fase de su plan para &quot;abolir el mal&quot; est\u00e1 en marcha mientras las batallas se suceden en las calles\" \/>\n<meta name=\"robots\" content=\"index, follow, max-snippet:-1, max-image-preview:large, max-video-preview:-1\" \/>\n<link rel=\"canonical\" href=\"https:\/\/blogdiario.info\/magazine\/2023\/10\/28\/israel-pasa-al-ataque-en-la-franja-de-gaza-en-una-guerra-que-no-tiene-termino\/\" \/>\n<meta property=\"og:locale\" content=\"es_ES\" \/>\n<meta property=\"og:type\" content=\"article\" \/>\n<meta property=\"og:title\" content=\"Israel pasa al ataque en la Franja de Gaza en una guerra que no tiene t\u00e9rmino - BlogDiario Magazine\" \/>\n<meta property=\"og:description\" content=\"Benjamin Netanyahu declara que la siguiente fase de su plan para &quot;abolir el mal&quot; est\u00e1 en marcha mientras las batallas se suceden en las calles\" \/>\n<meta property=\"og:url\" content=\"https:\/\/blogdiario.info\/magazine\/2023\/10\/28\/israel-pasa-al-ataque-en-la-franja-de-gaza-en-una-guerra-que-no-tiene-termino\/\" \/>\n<meta property=\"og:site_name\" content=\"BlogDiario Magazine\" \/>\n<meta property=\"article:published_time\" content=\"2023-10-29T01:19:08+00:00\" \/>\n<meta property=\"article:modified_time\" content=\"2023-10-29T01:51:26+00:00\" \/>\n<meta property=\"og:image\" content=\"https:\/\/blogdiario.info\/magazine\/images\/2023\/10\/gaza_20231028.jpeg\" \/>\n\t<meta property=\"og:image:width\" content=\"600\" \/>\n\t<meta property=\"og:image:height\" content=\"374\" \/>\n\t<meta property=\"og:image:type\" content=\"image\/jpeg\" \/>\n<meta name=\"author\" content=\"World Press Service | Servicio de Prensa Mundial\" \/>\n<meta name=\"twitter:card\" content=\"summary_large_image\" \/>\n<meta name=\"twitter:label1\" content=\"Escrito por\" \/>\n\t<meta name=\"twitter:data1\" content=\"World Press Service | Servicio de Prensa Mundial\" \/>\n\t<meta name=\"twitter:label2\" content=\"Tiempo de lectura\" \/>\n\t<meta name=\"twitter:data2\" content=\"7 minutos\" \/>\n<script type=\"application\/ld+json\" class=\"yoast-schema-graph\">{\"@context\":\"https:\\\/\\\/schema.org\",\"@graph\":[{\"@type\":\"Article\",\"@id\":\"https:\\\/\\\/blogdiario.info\\\/magazine\\\/2023\\\/10\\\/28\\\/israel-pasa-al-ataque-en-la-franja-de-gaza-en-una-guerra-que-no-tiene-termino\\\/#article\",\"isPartOf\":{\"@id\":\"https:\\\/\\\/blogdiario.info\\\/magazine\\\/2023\\\/10\\\/28\\\/israel-pasa-al-ataque-en-la-franja-de-gaza-en-una-guerra-que-no-tiene-termino\\\/\"},\"author\":{\"name\":\"World Press Service | Servicio de Prensa Mundial\",\"@id\":\"https:\\\/\\\/blogdiario.info\\\/magazine\\\/#\\\/schema\\\/person\\\/b2422fe85574d945bad55513bb0c7354\"},\"headline\":\"Israel pasa al ataque en la Franja de Gaza en una guerra que no tiene t\u00e9rmino\",\"datePublished\":\"2023-10-29T01:19:08+00:00\",\"dateModified\":\"2023-10-29T01:51:26+00:00\",\"mainEntityOfPage\":{\"@id\":\"https:\\\/\\\/blogdiario.info\\\/magazine\\\/2023\\\/10\\\/28\\\/israel-pasa-al-ataque-en-la-franja-de-gaza-en-una-guerra-que-no-tiene-termino\\\/\"},\"wordCount\":1219,\"publisher\":{\"@id\":\"https:\\\/\\\/blogdiario.info\\\/magazine\\\/#organization\"},\"image\":{\"@id\":\"https:\\\/\\\/blogdiario.info\\\/magazine\\\/2023\\\/10\\\/28\\\/israel-pasa-al-ataque-en-la-franja-de-gaza-en-una-guerra-que-no-tiene-termino\\\/#primaryimage\"},\"thumbnailUrl\":\"https:\\\/\\\/blogdiario.info\\\/magazine\\\/images\\\/2023\\\/10\\\/gaza_20231028.jpeg\",\"keywords\":[\"Gaza\",\"Israel\"],\"articleSection\":[\".\",\".\",\"Actualidad\",\"Guerra\",\"Medio Oriente\"],\"inLanguage\":\"es-AR\"},{\"@type\":\"WebPage\",\"@id\":\"https:\\\/\\\/blogdiario.info\\\/magazine\\\/2023\\\/10\\\/28\\\/israel-pasa-al-ataque-en-la-franja-de-gaza-en-una-guerra-que-no-tiene-termino\\\/\",\"url\":\"https:\\\/\\\/blogdiario.info\\\/magazine\\\/2023\\\/10\\\/28\\\/israel-pasa-al-ataque-en-la-franja-de-gaza-en-una-guerra-que-no-tiene-termino\\\/\",\"name\":\"Israel pasa al ataque en la Franja de Gaza en una guerra que no tiene t\u00e9rmino - BlogDiario Magazine\",\"isPartOf\":{\"@id\":\"https:\\\/\\\/blogdiario.info\\\/magazine\\\/#website\"},\"primaryImageOfPage\":{\"@id\":\"https:\\\/\\\/blogdiario.info\\\/magazine\\\/2023\\\/10\\\/28\\\/israel-pasa-al-ataque-en-la-franja-de-gaza-en-una-guerra-que-no-tiene-termino\\\/#primaryimage\"},\"image\":{\"@id\":\"https:\\\/\\\/blogdiario.info\\\/magazine\\\/2023\\\/10\\\/28\\\/israel-pasa-al-ataque-en-la-franja-de-gaza-en-una-guerra-que-no-tiene-termino\\\/#primaryimage\"},\"thumbnailUrl\":\"https:\\\/\\\/blogdiario.info\\\/magazine\\\/images\\\/2023\\\/10\\\/gaza_20231028.jpeg\",\"datePublished\":\"2023-10-29T01:19:08+00:00\",\"dateModified\":\"2023-10-29T01:51:26+00:00\",\"description\":\"Benjamin Netanyahu declara que la siguiente fase de su plan para \\\"abolir el mal\\\" est\u00e1 en marcha mientras las batallas se suceden en las calles\",\"breadcrumb\":{\"@id\":\"https:\\\/\\\/blogdiario.info\\\/magazine\\\/2023\\\/10\\\/28\\\/israel-pasa-al-ataque-en-la-franja-de-gaza-en-una-guerra-que-no-tiene-termino\\\/#breadcrumb\"},\"inLanguage\":\"es-AR\",\"potentialAction\":[{\"@type\":\"ReadAction\",\"target\":[\"https:\\\/\\\/blogdiario.info\\\/magazine\\\/2023\\\/10\\\/28\\\/israel-pasa-al-ataque-en-la-franja-de-gaza-en-una-guerra-que-no-tiene-termino\\\/\"]}]},{\"@type\":\"ImageObject\",\"inLanguage\":\"es-AR\",\"@id\":\"https:\\\/\\\/blogdiario.info\\\/magazine\\\/2023\\\/10\\\/28\\\/israel-pasa-al-ataque-en-la-franja-de-gaza-en-una-guerra-que-no-tiene-termino\\\/#primaryimage\",\"url\":\"https:\\\/\\\/blogdiario.info\\\/magazine\\\/images\\\/2023\\\/10\\\/gaza_20231028.jpeg\",\"contentUrl\":\"https:\\\/\\\/blogdiario.info\\\/magazine\\\/images\\\/2023\\\/10\\\/gaza_20231028.jpeg\",\"width\":600,\"height\":374},{\"@type\":\"BreadcrumbList\",\"@id\":\"https:\\\/\\\/blogdiario.info\\\/magazine\\\/2023\\\/10\\\/28\\\/israel-pasa-al-ataque-en-la-franja-de-gaza-en-una-guerra-que-no-tiene-termino\\\/#breadcrumb\",\"itemListElement\":[{\"@type\":\"ListItem\",\"position\":1,\"name\":\"Home\",\"item\":\"https:\\\/\\\/blogdiario.info\\\/magazine\\\/\"},{\"@type\":\"ListItem\",\"position\":2,\"name\":\"Israel pasa al ataque en la Franja de Gaza en una guerra que no tiene t\u00e9rmino\"}]},{\"@type\":\"WebSite\",\"@id\":\"https:\\\/\\\/blogdiario.info\\\/magazine\\\/#website\",\"url\":\"https:\\\/\\\/blogdiario.info\\\/magazine\\\/\",\"name\":\"BlogDiario Magazine\",\"description\":\"Suplemento multiling\u00fce de ElCanillita.Info\",\"publisher\":{\"@id\":\"https:\\\/\\\/blogdiario.info\\\/magazine\\\/#organization\"},\"potentialAction\":[{\"@type\":\"SearchAction\",\"target\":{\"@type\":\"EntryPoint\",\"urlTemplate\":\"https:\\\/\\\/blogdiario.info\\\/magazine\\\/?s={search_term_string}\"},\"query-input\":{\"@type\":\"PropertyValueSpecification\",\"valueRequired\":true,\"valueName\":\"search_term_string\"}}],\"inLanguage\":\"es-AR\"},{\"@type\":\"Organization\",\"@id\":\"https:\\\/\\\/blogdiario.info\\\/magazine\\\/#organization\",\"name\":\"Guzzo Photos & Graphic Publications\",\"url\":\"https:\\\/\\\/blogdiario.info\\\/magazine\\\/\",\"logo\":{\"@type\":\"ImageObject\",\"inLanguage\":\"es-AR\",\"@id\":\"https:\\\/\\\/blogdiario.info\\\/magazine\\\/#\\\/schema\\\/logo\\\/image\\\/\",\"url\":\"https:\\\/\\\/blogdiario.info\\\/magazine\\\/images\\\/2020\\\/01\\\/cropped-blogdia_magazine.jpg\",\"contentUrl\":\"https:\\\/\\\/blogdiario.info\\\/magazine\\\/images\\\/2020\\\/01\\\/cropped-blogdia_magazine.jpg\",\"width\":589,\"height\":55,\"caption\":\"Guzzo Photos & Graphic Publications\"},\"image\":{\"@id\":\"https:\\\/\\\/blogdiario.info\\\/magazine\\\/#\\\/schema\\\/logo\\\/image\\\/\"}},{\"@type\":\"Person\",\"@id\":\"https:\\\/\\\/blogdiario.info\\\/magazine\\\/#\\\/schema\\\/person\\\/b2422fe85574d945bad55513bb0c7354\",\"name\":\"World Press Service | Servicio de Prensa Mundial\"}]}<\/script>\n<!-- \/ Yoast SEO plugin. -->","yoast_head_json":{"title":"Israel pasa al ataque en la Franja de Gaza en una guerra que no tiene t\u00e9rmino - BlogDiario Magazine","description":"Benjamin Netanyahu declara que la siguiente fase de su plan para \"abolir el mal\" est\u00e1 en marcha mientras las batallas se suceden en las calles","robots":{"index":"index","follow":"follow","max-snippet":"max-snippet:-1","max-image-preview":"max-image-preview:large","max-video-preview":"max-video-preview:-1"},"canonical":"https:\/\/blogdiario.info\/magazine\/2023\/10\/28\/israel-pasa-al-ataque-en-la-franja-de-gaza-en-una-guerra-que-no-tiene-termino\/","og_locale":"es_ES","og_type":"article","og_title":"Israel pasa al ataque en la Franja de Gaza en una guerra que no tiene t\u00e9rmino - BlogDiario Magazine","og_description":"Benjamin Netanyahu declara que la siguiente fase de su plan para \"abolir el mal\" est\u00e1 en marcha mientras las batallas se suceden en las calles","og_url":"https:\/\/blogdiario.info\/magazine\/2023\/10\/28\/israel-pasa-al-ataque-en-la-franja-de-gaza-en-una-guerra-que-no-tiene-termino\/","og_site_name":"BlogDiario Magazine","article_published_time":"2023-10-29T01:19:08+00:00","article_modified_time":"2023-10-29T01:51:26+00:00","og_image":[{"width":600,"height":374,"url":"https:\/\/blogdiario.info\/magazine\/images\/2023\/10\/gaza_20231028.jpeg","type":"image\/jpeg"}],"author":"World Press Service | Servicio de Prensa Mundial","twitter_card":"summary_large_image","twitter_misc":{"Escrito por":"World Press Service | Servicio de Prensa Mundial","Tiempo de lectura":"7 minutos"},"schema":{"@context":"https:\/\/schema.org","@graph":[{"@type":"Article","@id":"https:\/\/blogdiario.info\/magazine\/2023\/10\/28\/israel-pasa-al-ataque-en-la-franja-de-gaza-en-una-guerra-que-no-tiene-termino\/#article","isPartOf":{"@id":"https:\/\/blogdiario.info\/magazine\/2023\/10\/28\/israel-pasa-al-ataque-en-la-franja-de-gaza-en-una-guerra-que-no-tiene-termino\/"},"author":{"name":"World Press Service | Servicio de Prensa Mundial","@id":"https:\/\/blogdiario.info\/magazine\/#\/schema\/person\/b2422fe85574d945bad55513bb0c7354"},"headline":"Israel pasa al ataque en la Franja de Gaza en una guerra que no tiene t\u00e9rmino","datePublished":"2023-10-29T01:19:08+00:00","dateModified":"2023-10-29T01:51:26+00:00","mainEntityOfPage":{"@id":"https:\/\/blogdiario.info\/magazine\/2023\/10\/28\/israel-pasa-al-ataque-en-la-franja-de-gaza-en-una-guerra-que-no-tiene-termino\/"},"wordCount":1219,"publisher":{"@id":"https:\/\/blogdiario.info\/magazine\/#organization"},"image":{"@id":"https:\/\/blogdiario.info\/magazine\/2023\/10\/28\/israel-pasa-al-ataque-en-la-franja-de-gaza-en-una-guerra-que-no-tiene-termino\/#primaryimage"},"thumbnailUrl":"https:\/\/blogdiario.info\/magazine\/images\/2023\/10\/gaza_20231028.jpeg","keywords":["Gaza","Israel"],"articleSection":[".",".","Actualidad","Guerra","Medio Oriente"],"inLanguage":"es-AR"},{"@type":"WebPage","@id":"https:\/\/blogdiario.info\/magazine\/2023\/10\/28\/israel-pasa-al-ataque-en-la-franja-de-gaza-en-una-guerra-que-no-tiene-termino\/","url":"https:\/\/blogdiario.info\/magazine\/2023\/10\/28\/israel-pasa-al-ataque-en-la-franja-de-gaza-en-una-guerra-que-no-tiene-termino\/","name":"Israel pasa al ataque en la Franja de Gaza en una guerra que no tiene t\u00e9rmino - BlogDiario Magazine","isPartOf":{"@id":"https:\/\/blogdiario.info\/magazine\/#website"},"primaryImageOfPage":{"@id":"https:\/\/blogdiario.info\/magazine\/2023\/10\/28\/israel-pasa-al-ataque-en-la-franja-de-gaza-en-una-guerra-que-no-tiene-termino\/#primaryimage"},"image":{"@id":"https:\/\/blogdiario.info\/magazine\/2023\/10\/28\/israel-pasa-al-ataque-en-la-franja-de-gaza-en-una-guerra-que-no-tiene-termino\/#primaryimage"},"thumbnailUrl":"https:\/\/blogdiario.info\/magazine\/images\/2023\/10\/gaza_20231028.jpeg","datePublished":"2023-10-29T01:19:08+00:00","dateModified":"2023-10-29T01:51:26+00:00","description":"Benjamin Netanyahu declara que la siguiente fase de su plan para \"abolir el mal\" est\u00e1 en marcha mientras las batallas se suceden en las calles","breadcrumb":{"@id":"https:\/\/blogdiario.info\/magazine\/2023\/10\/28\/israel-pasa-al-ataque-en-la-franja-de-gaza-en-una-guerra-que-no-tiene-termino\/#breadcrumb"},"inLanguage":"es-AR","potentialAction":[{"@type":"ReadAction","target":["https:\/\/blogdiario.info\/magazine\/2023\/10\/28\/israel-pasa-al-ataque-en-la-franja-de-gaza-en-una-guerra-que-no-tiene-termino\/"]}]},{"@type":"ImageObject","inLanguage":"es-AR","@id":"https:\/\/blogdiario.info\/magazine\/2023\/10\/28\/israel-pasa-al-ataque-en-la-franja-de-gaza-en-una-guerra-que-no-tiene-termino\/#primaryimage","url":"https:\/\/blogdiario.info\/magazine\/images\/2023\/10\/gaza_20231028.jpeg","contentUrl":"https:\/\/blogdiario.info\/magazine\/images\/2023\/10\/gaza_20231028.jpeg","width":600,"height":374},{"@type":"BreadcrumbList","@id":"https:\/\/blogdiario.info\/magazine\/2023\/10\/28\/israel-pasa-al-ataque-en-la-franja-de-gaza-en-una-guerra-que-no-tiene-termino\/#breadcrumb","itemListElement":[{"@type":"ListItem","position":1,"name":"Home","item":"https:\/\/blogdiario.info\/magazine\/"},{"@type":"ListItem","position":2,"name":"Israel pasa al ataque en la Franja de Gaza en una guerra que no tiene t\u00e9rmino"}]},{"@type":"WebSite","@id":"https:\/\/blogdiario.info\/magazine\/#website","url":"https:\/\/blogdiario.info\/magazine\/","name":"BlogDiario Magazine","description":"Suplemento multiling\u00fce de ElCanillita.Info","publisher":{"@id":"https:\/\/blogdiario.info\/magazine\/#organization"},"potentialAction":[{"@type":"SearchAction","target":{"@type":"EntryPoint","urlTemplate":"https:\/\/blogdiario.info\/magazine\/?s={search_term_string}"},"query-input":{"@type":"PropertyValueSpecification","valueRequired":true,"valueName":"search_term_string"}}],"inLanguage":"es-AR"},{"@type":"Organization","@id":"https:\/\/blogdiario.info\/magazine\/#organization","name":"Guzzo Photos & Graphic Publications","url":"https:\/\/blogdiario.info\/magazine\/","logo":{"@type":"ImageObject","inLanguage":"es-AR","@id":"https:\/\/blogdiario.info\/magazine\/#\/schema\/logo\/image\/","url":"https:\/\/blogdiario.info\/magazine\/images\/2020\/01\/cropped-blogdia_magazine.jpg","contentUrl":"https:\/\/blogdiario.info\/magazine\/images\/2020\/01\/cropped-blogdia_magazine.jpg","width":589,"height":55,"caption":"Guzzo Photos & Graphic Publications"},"image":{"@id":"https:\/\/blogdiario.info\/magazine\/#\/schema\/logo\/image\/"}},{"@type":"Person","@id":"https:\/\/blogdiario.info\/magazine\/#\/schema\/person\/b2422fe85574d945bad55513bb0c7354","name":"World Press Service | Servicio de Prensa Mundial"}]}},"views":448,"_links":{"self":[{"href":"https:\/\/blogdiario.info\/magazine\/wp-json\/wp\/v2\/posts\/1018","targetHints":{"allow":["GET"]}}],"collection":[{"href":"https:\/\/blogdiario.info\/magazine\/wp-json\/wp\/v2\/posts"}],"about":[{"href":"https:\/\/blogdiario.info\/magazine\/wp-json\/wp\/v2\/types\/post"}],"author":[{"embeddable":true,"href":"https:\/\/blogdiario.info\/magazine\/wp-json\/wp\/v2\/users\/1"}],"replies":[{"embeddable":true,"href":"https:\/\/blogdiario.info\/magazine\/wp-json\/wp\/v2\/comments?post=1018"}],"version-history":[{"count":0,"href":"https:\/\/blogdiario.info\/magazine\/wp-json\/wp\/v2\/posts\/1018\/revisions"}],"wp:featuredmedia":[{"embeddable":true,"href":"https:\/\/blogdiario.info\/magazine\/wp-json\/wp\/v2\/media\/1019"}],"wp:attachment":[{"href":"https:\/\/blogdiario.info\/magazine\/wp-json\/wp\/v2\/media?parent=1018"}],"wp:term":[{"taxonomy":"category","embeddable":true,"href":"https:\/\/blogdiario.info\/magazine\/wp-json\/wp\/v2\/categories?post=1018"},{"taxonomy":"post_tag","embeddable":true,"href":"https:\/\/blogdiario.info\/magazine\/wp-json\/wp\/v2\/tags?post=1018"}],"curies":[{"name":"wp","href":"https:\/\/api.w.org\/{rel}","templated":true}]}}