{"id":1009,"date":"2023-10-24T16:05:10","date_gmt":"2023-10-24T19:05:10","guid":{"rendered":"https:\/\/blogdiario.info\/magazine\/?p=1009"},"modified":"2023-10-24T16:07:06","modified_gmt":"2023-10-24T19:07:06","slug":"mujeres-de-la-vina","status":"publish","type":"post","link":"https:\/\/blogdiario.info\/magazine\/2023\/10\/24\/mujeres-de-la-vina\/","title":{"rendered":"Mujeres de la vi\u00f1a"},"content":{"rendered":"\n<figure class=\"wp-block-video\"><video controls src=\"https:\/\/blogdiario.info\/magazine\/images\/2023\/10\/mza.m4v\"><\/video><\/figure>\n\n\n\n<p>La provincia de Mendoza, al pie de los Andes, es la regi\u00f3n vitivin\u00edcola m\u00e1s grande de Argentina. All\u00ed se cultiva la uva negra Malbec, una variedad muy valorada, con la que se elabora el famoso vino tinto del mismo nombre. La producci\u00f3n de vino siempre ha sido un negocio masculino en el pa\u00eds, pero un grupo de mujeres ha decidido crear su propio vino: \u201cApasionadas\u201d.<\/p>\n\n\n\n<p><small>Realizaci\u00f3n: German Kral<br>Producci\u00f3n: Medienkontor<br>Pa\u00eds: Alemania<br>A\u00f1o: 2023<\/small><\/p>\n\n\n\n<p><small>Copyright \u00a9 2023 ElCanillita.info \/ BlogDiario.info &#8211; SalaStampa.Eu, servicio mundial de prensa<\/small><\/p>\n\n\n\n<div style=\"width:90%; padding-left:50px; font-size:0.8em; text-align: justify;\">\n<b>Breve historia del Malbec<\/b><br>\nLa popularidad del Malbec ha disminuido en los \u00faltimos 40 a\u00f1os. Una de las razones es el nombre. Se conoce con tantas denominaciones diferentes que Malbec en Francia significa muy poco. El Oxford Companion to Wine enumera unos 400 sin\u00f3nimos de Malbec, datos que demuestran que debi\u00f3 de ser muy popular en una \u00e9poca. Pero ahora se conoce como una variedad de mezcla menor. Otro factor que disminuy\u00f3 la apreciaci\u00f3n del Malbec franc\u00e9s fueron las desastrosas heladas de 1956. Esto supuso una excusa ideal para replantar variedades m\u00e1s robustas.<br>\n<br>\nPero no todo es malo. El Malbec es la variedad tinta dominante en la zona de Cahors. La normativa de la Appellation Control\u00e9e de Cahors exige un contenido m\u00ednimo del 70% de Malbec en los vinos producidos en la regi\u00f3n.<br>\n<br>\nLa \u00fanica referencia hist\u00f3rica al nombre Malbec indica que procede del apellido de un campesino h\u00fangaro que primero difundi\u00f3 la variedad en Francia y luego m\u00e1s all\u00e1..\n<br><br>\nEn 1868, el profesor Pouet introdujo en Argentina cogollos de Malbec, Cabernet Sauvignon y Merlot procedentes de Burdeos. En el clima c\u00e1lido y seco de Sudam\u00e9rica floreci\u00f3 y pronto se extendi\u00f3 en Argentina y Chile.\n<br><br>\nIr\u00f3nicamente, el programa de arranque de vi\u00f1as de Argentina en los a\u00f1os 80 dej\u00f3 s\u00f3lo 4.046 hectareas de Malbec en el suelo. En la actualidad, la cifra ha vuelto a los 10.1120 hectareas, que producen vinos maravillosos, ricos, complejos, con taninos suaves y una madurez con la que Europa s\u00f3lo puede so\u00f1ar. \n <br><br>\nEn Chile parece que es la tercera variedad m\u00e1s plantada en el pa\u00eds. En cambio, Australia s\u00f3lo contaba con 493.72 hectareas de Malbec en 2002, y esa superficie ha ido disminuyendo con los a\u00f1os.\n<br><br>\nComo la mayor\u00eda de las uvas populares, la Malbec recibe muchos nombres diferentes, pero hay algunos m\u00e1s comunes que otros. En Burdeos se conoce como C\u00f4t o Pressac, en las regiones francesas de Alsacia y Cahors se llama Auxerrois, Argentina le da el nombre de Fer, Portugal se refiere a ella como Tinta Amarela y en Australia a veces la denominan Portugal Malbec.\n<br><br>\n<b>Caracter\u00edsticas de cultivo<\/b>\n<br>\nEl Malbec crece pr\u00e1cticamente en todas partes. Se puede encontrar en Francia, Chile, Brasil, Italia, Madeira, Portugal, Espa\u00f1a, EE.UU., Australia y Argentina, donde es la variedad de uva m\u00e1s plantada.<br><br>\nEs una uva de piel fina y bayas grandes, que necesita mucho sol y calor para alcanzar la plena madurez. Prospera en suelos bien regados y con buen drenaje, pero produce cosechas desiguales en a\u00f1os menos propicios y es susceptible a la podredumbre en condiciones frescas y h\u00famedas. El Malbec tambi\u00e9n es muy sensible a las heladas.<br><br>\nTres &#8220;l\u00f3bulos&#8221; distintos caracterizan las hojas del Malbec, siendo el l\u00f3bulo central el m\u00e1s largo. Las bayas del Malbec son grandes, oscuras y redondas, y los racimos grandes y sueltos.\n<br><br>\n<b>Caracter\u00edsticas del vino<\/b><br>\nEl Malbec es un vino de color rojo intenso y tinta que se utiliza a menudo en mezclas.\n<br><br>\nMezclado con Merlot y Cabernet Sauvignon, el Malbec forma la mezcla bordelesa conocida como clarete. En el Valle del Loira, el Malbec se mezcla con Gamay y Cabernet Franc. En otra mezcla habitual se a\u00f1ade Tannat.\n<br><br>\nEl amor de los argentinos por los tintos potentes ha hecho del Malbec una especialidad nacional. Los Malbec del nuevo mundo maduran para dar taninos ricos y suaves.\n<br><br>\nLos principales aromas de un buen Malbec son: cereza, ciruela, pasas, caf\u00e9, chocolate, cuero y frambuesa. Los principales sabores incluyen: ciruela, cereza, chocolate, frutos secos y bals\u00e1micos. El envejecimiento en roble libera los aromas y sabores a vainilla.\n<br><br>\n<small>Copyright \u00a9 2023 BlogDiario.info &#8211; Edited by Guzzo Photos &#038; Graphic Publications.<\/small><br><br>\n<\/div>\n\n\n\n<p><\/p>\n","protected":false},"excerpt":{"rendered":"<p>Mendoza, Tierra del Sol y del Buen Vino<\/p>\n","protected":false},"author":1,"featured_media":1010,"comment_status":"closed","ping_status":"closed","sticky":false,"template":"","format":"standard","meta":{"footnotes":"","_links_to":"","_links_to_target":""},"categories":[97,109,62,51,38],"tags":[23],"class_list":["post-1009","post","type-post","status-publish","format-standard","has-post-thumbnail","hentry","category-elcanillita","category-dc24","category-actualidad","category-america-del-sud","category-economia-esp","tag-argentina","entry","rows"],"yoast_head":"<!-- This site is optimized with the Yoast SEO plugin v27.4 - https:\/\/yoast.com\/product\/yoast-seo-wordpress\/ -->\n<title>Mujeres de la vi\u00f1a - BlogDiario Magazine<\/title>\n<meta name=\"description\" content=\"Mendoza, Tierra del Sol y del Buen Vino\" \/>\n<meta name=\"robots\" content=\"index, follow, max-snippet:-1, max-image-preview:large, max-video-preview:-1\" \/>\n<link rel=\"canonical\" href=\"https:\/\/blogdiario.info\/magazine\/2023\/10\/24\/mujeres-de-la-vina\/\" \/>\n<meta property=\"og:locale\" content=\"es_ES\" \/>\n<meta property=\"og:type\" content=\"article\" \/>\n<meta property=\"og:title\" content=\"Mujeres de la vi\u00f1a - BlogDiario Magazine\" \/>\n<meta property=\"og:description\" content=\"Mendoza, Tierra del Sol y del Buen Vino\" \/>\n<meta property=\"og:url\" content=\"https:\/\/blogdiario.info\/magazine\/2023\/10\/24\/mujeres-de-la-vina\/\" \/>\n<meta property=\"og:site_name\" content=\"BlogDiario Magazine\" \/>\n<meta property=\"article:published_time\" content=\"2023-10-24T19:05:10+00:00\" \/>\n<meta property=\"article:modified_time\" content=\"2023-10-24T19:07:06+00:00\" \/>\n<meta property=\"og:image\" content=\"https:\/\/blogdiario.info\/magazine\/images\/2023\/10\/mza_20231024.jpg\" \/>\n\t<meta property=\"og:image:width\" content=\"600\" \/>\n\t<meta property=\"og:image:height\" content=\"400\" \/>\n\t<meta property=\"og:image:type\" content=\"image\/jpeg\" \/>\n<meta name=\"author\" content=\"World Press Service | Servicio de Prensa Mundial\" \/>\n<meta name=\"twitter:card\" content=\"summary_large_image\" \/>\n<meta name=\"twitter:label1\" content=\"Escrito por\" \/>\n\t<meta name=\"twitter:data1\" content=\"World Press Service | Servicio de Prensa Mundial\" \/>\n\t<meta name=\"twitter:label2\" content=\"Tiempo de lectura\" \/>\n\t<meta name=\"twitter:data2\" content=\"4 minutos\" \/>\n<script type=\"application\/ld+json\" class=\"yoast-schema-graph\">{\"@context\":\"https:\\\/\\\/schema.org\",\"@graph\":[{\"@type\":\"Article\",\"@id\":\"https:\\\/\\\/blogdiario.info\\\/magazine\\\/2023\\\/10\\\/24\\\/mujeres-de-la-vina\\\/#article\",\"isPartOf\":{\"@id\":\"https:\\\/\\\/blogdiario.info\\\/magazine\\\/2023\\\/10\\\/24\\\/mujeres-de-la-vina\\\/\"},\"author\":{\"name\":\"World Press Service | Servicio de Prensa Mundial\",\"@id\":\"https:\\\/\\\/blogdiario.info\\\/magazine\\\/#\\\/schema\\\/person\\\/b2422fe85574d945bad55513bb0c7354\"},\"headline\":\"Mujeres de la vi\u00f1a\",\"datePublished\":\"2023-10-24T19:05:10+00:00\",\"dateModified\":\"2023-10-24T19:07:06+00:00\",\"mainEntityOfPage\":{\"@id\":\"https:\\\/\\\/blogdiario.info\\\/magazine\\\/2023\\\/10\\\/24\\\/mujeres-de-la-vina\\\/\"},\"wordCount\":723,\"publisher\":{\"@id\":\"https:\\\/\\\/blogdiario.info\\\/magazine\\\/#organization\"},\"image\":{\"@id\":\"https:\\\/\\\/blogdiario.info\\\/magazine\\\/2023\\\/10\\\/24\\\/mujeres-de-la-vina\\\/#primaryimage\"},\"thumbnailUrl\":\"https:\\\/\\\/blogdiario.info\\\/magazine\\\/images\\\/2023\\\/10\\\/mza_20231024.jpg\",\"keywords\":[\"Argentina\"],\"articleSection\":[\".\",\".\",\"Actualidad\",\"America del Sud\",\"Economia\"],\"inLanguage\":\"es-AR\"},{\"@type\":\"WebPage\",\"@id\":\"https:\\\/\\\/blogdiario.info\\\/magazine\\\/2023\\\/10\\\/24\\\/mujeres-de-la-vina\\\/\",\"url\":\"https:\\\/\\\/blogdiario.info\\\/magazine\\\/2023\\\/10\\\/24\\\/mujeres-de-la-vina\\\/\",\"name\":\"Mujeres de la vi\u00f1a - BlogDiario Magazine\",\"isPartOf\":{\"@id\":\"https:\\\/\\\/blogdiario.info\\\/magazine\\\/#website\"},\"primaryImageOfPage\":{\"@id\":\"https:\\\/\\\/blogdiario.info\\\/magazine\\\/2023\\\/10\\\/24\\\/mujeres-de-la-vina\\\/#primaryimage\"},\"image\":{\"@id\":\"https:\\\/\\\/blogdiario.info\\\/magazine\\\/2023\\\/10\\\/24\\\/mujeres-de-la-vina\\\/#primaryimage\"},\"thumbnailUrl\":\"https:\\\/\\\/blogdiario.info\\\/magazine\\\/images\\\/2023\\\/10\\\/mza_20231024.jpg\",\"datePublished\":\"2023-10-24T19:05:10+00:00\",\"dateModified\":\"2023-10-24T19:07:06+00:00\",\"description\":\"Mendoza, Tierra del Sol y del Buen Vino\",\"breadcrumb\":{\"@id\":\"https:\\\/\\\/blogdiario.info\\\/magazine\\\/2023\\\/10\\\/24\\\/mujeres-de-la-vina\\\/#breadcrumb\"},\"inLanguage\":\"es-AR\",\"potentialAction\":[{\"@type\":\"ReadAction\",\"target\":[\"https:\\\/\\\/blogdiario.info\\\/magazine\\\/2023\\\/10\\\/24\\\/mujeres-de-la-vina\\\/\"]}]},{\"@type\":\"ImageObject\",\"inLanguage\":\"es-AR\",\"@id\":\"https:\\\/\\\/blogdiario.info\\\/magazine\\\/2023\\\/10\\\/24\\\/mujeres-de-la-vina\\\/#primaryimage\",\"url\":\"https:\\\/\\\/blogdiario.info\\\/magazine\\\/images\\\/2023\\\/10\\\/mza_20231024.jpg\",\"contentUrl\":\"https:\\\/\\\/blogdiario.info\\\/magazine\\\/images\\\/2023\\\/10\\\/mza_20231024.jpg\",\"width\":600,\"height\":400},{\"@type\":\"BreadcrumbList\",\"@id\":\"https:\\\/\\\/blogdiario.info\\\/magazine\\\/2023\\\/10\\\/24\\\/mujeres-de-la-vina\\\/#breadcrumb\",\"itemListElement\":[{\"@type\":\"ListItem\",\"position\":1,\"name\":\"Home\",\"item\":\"https:\\\/\\\/blogdiario.info\\\/magazine\\\/\"},{\"@type\":\"ListItem\",\"position\":2,\"name\":\"Mujeres de la vi\u00f1a\"}]},{\"@type\":\"WebSite\",\"@id\":\"https:\\\/\\\/blogdiario.info\\\/magazine\\\/#website\",\"url\":\"https:\\\/\\\/blogdiario.info\\\/magazine\\\/\",\"name\":\"BlogDiario Magazine\",\"description\":\"Suplemento multiling\u00fce de ElCanillita.Info\",\"publisher\":{\"@id\":\"https:\\\/\\\/blogdiario.info\\\/magazine\\\/#organization\"},\"potentialAction\":[{\"@type\":\"SearchAction\",\"target\":{\"@type\":\"EntryPoint\",\"urlTemplate\":\"https:\\\/\\\/blogdiario.info\\\/magazine\\\/?s={search_term_string}\"},\"query-input\":{\"@type\":\"PropertyValueSpecification\",\"valueRequired\":true,\"valueName\":\"search_term_string\"}}],\"inLanguage\":\"es-AR\"},{\"@type\":\"Organization\",\"@id\":\"https:\\\/\\\/blogdiario.info\\\/magazine\\\/#organization\",\"name\":\"Guzzo Photos & Graphic Publications\",\"url\":\"https:\\\/\\\/blogdiario.info\\\/magazine\\\/\",\"logo\":{\"@type\":\"ImageObject\",\"inLanguage\":\"es-AR\",\"@id\":\"https:\\\/\\\/blogdiario.info\\\/magazine\\\/#\\\/schema\\\/logo\\\/image\\\/\",\"url\":\"https:\\\/\\\/blogdiario.info\\\/magazine\\\/images\\\/2020\\\/01\\\/cropped-blogdia_magazine.jpg\",\"contentUrl\":\"https:\\\/\\\/blogdiario.info\\\/magazine\\\/images\\\/2020\\\/01\\\/cropped-blogdia_magazine.jpg\",\"width\":589,\"height\":55,\"caption\":\"Guzzo Photos & Graphic Publications\"},\"image\":{\"@id\":\"https:\\\/\\\/blogdiario.info\\\/magazine\\\/#\\\/schema\\\/logo\\\/image\\\/\"}},{\"@type\":\"Person\",\"@id\":\"https:\\\/\\\/blogdiario.info\\\/magazine\\\/#\\\/schema\\\/person\\\/b2422fe85574d945bad55513bb0c7354\",\"name\":\"World Press Service | Servicio de Prensa Mundial\"}]}<\/script>\n<!-- \/ Yoast SEO plugin. -->","yoast_head_json":{"title":"Mujeres de la vi\u00f1a - BlogDiario Magazine","description":"Mendoza, Tierra del Sol y del Buen Vino","robots":{"index":"index","follow":"follow","max-snippet":"max-snippet:-1","max-image-preview":"max-image-preview:large","max-video-preview":"max-video-preview:-1"},"canonical":"https:\/\/blogdiario.info\/magazine\/2023\/10\/24\/mujeres-de-la-vina\/","og_locale":"es_ES","og_type":"article","og_title":"Mujeres de la vi\u00f1a - BlogDiario Magazine","og_description":"Mendoza, Tierra del Sol y del Buen Vino","og_url":"https:\/\/blogdiario.info\/magazine\/2023\/10\/24\/mujeres-de-la-vina\/","og_site_name":"BlogDiario Magazine","article_published_time":"2023-10-24T19:05:10+00:00","article_modified_time":"2023-10-24T19:07:06+00:00","og_image":[{"width":600,"height":400,"url":"https:\/\/blogdiario.info\/magazine\/images\/2023\/10\/mza_20231024.jpg","type":"image\/jpeg"}],"author":"World Press Service | Servicio de Prensa Mundial","twitter_card":"summary_large_image","twitter_misc":{"Escrito por":"World Press Service | Servicio de Prensa Mundial","Tiempo de lectura":"4 minutos"},"schema":{"@context":"https:\/\/schema.org","@graph":[{"@type":"Article","@id":"https:\/\/blogdiario.info\/magazine\/2023\/10\/24\/mujeres-de-la-vina\/#article","isPartOf":{"@id":"https:\/\/blogdiario.info\/magazine\/2023\/10\/24\/mujeres-de-la-vina\/"},"author":{"name":"World Press Service | Servicio de Prensa Mundial","@id":"https:\/\/blogdiario.info\/magazine\/#\/schema\/person\/b2422fe85574d945bad55513bb0c7354"},"headline":"Mujeres de la vi\u00f1a","datePublished":"2023-10-24T19:05:10+00:00","dateModified":"2023-10-24T19:07:06+00:00","mainEntityOfPage":{"@id":"https:\/\/blogdiario.info\/magazine\/2023\/10\/24\/mujeres-de-la-vina\/"},"wordCount":723,"publisher":{"@id":"https:\/\/blogdiario.info\/magazine\/#organization"},"image":{"@id":"https:\/\/blogdiario.info\/magazine\/2023\/10\/24\/mujeres-de-la-vina\/#primaryimage"},"thumbnailUrl":"https:\/\/blogdiario.info\/magazine\/images\/2023\/10\/mza_20231024.jpg","keywords":["Argentina"],"articleSection":[".",".","Actualidad","America del Sud","Economia"],"inLanguage":"es-AR"},{"@type":"WebPage","@id":"https:\/\/blogdiario.info\/magazine\/2023\/10\/24\/mujeres-de-la-vina\/","url":"https:\/\/blogdiario.info\/magazine\/2023\/10\/24\/mujeres-de-la-vina\/","name":"Mujeres de la vi\u00f1a - BlogDiario Magazine","isPartOf":{"@id":"https:\/\/blogdiario.info\/magazine\/#website"},"primaryImageOfPage":{"@id":"https:\/\/blogdiario.info\/magazine\/2023\/10\/24\/mujeres-de-la-vina\/#primaryimage"},"image":{"@id":"https:\/\/blogdiario.info\/magazine\/2023\/10\/24\/mujeres-de-la-vina\/#primaryimage"},"thumbnailUrl":"https:\/\/blogdiario.info\/magazine\/images\/2023\/10\/mza_20231024.jpg","datePublished":"2023-10-24T19:05:10+00:00","dateModified":"2023-10-24T19:07:06+00:00","description":"Mendoza, Tierra del Sol y del Buen Vino","breadcrumb":{"@id":"https:\/\/blogdiario.info\/magazine\/2023\/10\/24\/mujeres-de-la-vina\/#breadcrumb"},"inLanguage":"es-AR","potentialAction":[{"@type":"ReadAction","target":["https:\/\/blogdiario.info\/magazine\/2023\/10\/24\/mujeres-de-la-vina\/"]}]},{"@type":"ImageObject","inLanguage":"es-AR","@id":"https:\/\/blogdiario.info\/magazine\/2023\/10\/24\/mujeres-de-la-vina\/#primaryimage","url":"https:\/\/blogdiario.info\/magazine\/images\/2023\/10\/mza_20231024.jpg","contentUrl":"https:\/\/blogdiario.info\/magazine\/images\/2023\/10\/mza_20231024.jpg","width":600,"height":400},{"@type":"BreadcrumbList","@id":"https:\/\/blogdiario.info\/magazine\/2023\/10\/24\/mujeres-de-la-vina\/#breadcrumb","itemListElement":[{"@type":"ListItem","position":1,"name":"Home","item":"https:\/\/blogdiario.info\/magazine\/"},{"@type":"ListItem","position":2,"name":"Mujeres de la vi\u00f1a"}]},{"@type":"WebSite","@id":"https:\/\/blogdiario.info\/magazine\/#website","url":"https:\/\/blogdiario.info\/magazine\/","name":"BlogDiario Magazine","description":"Suplemento multiling\u00fce de ElCanillita.Info","publisher":{"@id":"https:\/\/blogdiario.info\/magazine\/#organization"},"potentialAction":[{"@type":"SearchAction","target":{"@type":"EntryPoint","urlTemplate":"https:\/\/blogdiario.info\/magazine\/?s={search_term_string}"},"query-input":{"@type":"PropertyValueSpecification","valueRequired":true,"valueName":"search_term_string"}}],"inLanguage":"es-AR"},{"@type":"Organization","@id":"https:\/\/blogdiario.info\/magazine\/#organization","name":"Guzzo Photos & Graphic Publications","url":"https:\/\/blogdiario.info\/magazine\/","logo":{"@type":"ImageObject","inLanguage":"es-AR","@id":"https:\/\/blogdiario.info\/magazine\/#\/schema\/logo\/image\/","url":"https:\/\/blogdiario.info\/magazine\/images\/2020\/01\/cropped-blogdia_magazine.jpg","contentUrl":"https:\/\/blogdiario.info\/magazine\/images\/2020\/01\/cropped-blogdia_magazine.jpg","width":589,"height":55,"caption":"Guzzo Photos & Graphic Publications"},"image":{"@id":"https:\/\/blogdiario.info\/magazine\/#\/schema\/logo\/image\/"}},{"@type":"Person","@id":"https:\/\/blogdiario.info\/magazine\/#\/schema\/person\/b2422fe85574d945bad55513bb0c7354","name":"World Press Service | Servicio de Prensa Mundial"}]}},"views":454,"_links":{"self":[{"href":"https:\/\/blogdiario.info\/magazine\/wp-json\/wp\/v2\/posts\/1009","targetHints":{"allow":["GET"]}}],"collection":[{"href":"https:\/\/blogdiario.info\/magazine\/wp-json\/wp\/v2\/posts"}],"about":[{"href":"https:\/\/blogdiario.info\/magazine\/wp-json\/wp\/v2\/types\/post"}],"author":[{"embeddable":true,"href":"https:\/\/blogdiario.info\/magazine\/wp-json\/wp\/v2\/users\/1"}],"replies":[{"embeddable":true,"href":"https:\/\/blogdiario.info\/magazine\/wp-json\/wp\/v2\/comments?post=1009"}],"version-history":[{"count":0,"href":"https:\/\/blogdiario.info\/magazine\/wp-json\/wp\/v2\/posts\/1009\/revisions"}],"wp:featuredmedia":[{"embeddable":true,"href":"https:\/\/blogdiario.info\/magazine\/wp-json\/wp\/v2\/media\/1010"}],"wp:attachment":[{"href":"https:\/\/blogdiario.info\/magazine\/wp-json\/wp\/v2\/media?parent=1009"}],"wp:term":[{"taxonomy":"category","embeddable":true,"href":"https:\/\/blogdiario.info\/magazine\/wp-json\/wp\/v2\/categories?post=1009"},{"taxonomy":"post_tag","embeddable":true,"href":"https:\/\/blogdiario.info\/magazine\/wp-json\/wp\/v2\/tags?post=1009"}],"curies":[{"name":"wp","href":"https:\/\/api.w.org\/{rel}","templated":true}]}}