{"id":1000,"date":"2023-10-17T16:21:23","date_gmt":"2023-10-17T19:21:23","guid":{"rendered":"https:\/\/blogdiario.info\/magazine\/?p=1000"},"modified":"2023-10-17T16:21:24","modified_gmt":"2023-10-17T19:21:24","slug":"europa-deberia-recibir-a-un-millon-de-gazaties-si-tanto-defiende-los-derechos-humanos","status":"publish","type":"post","link":"https:\/\/blogdiario.info\/magazine\/2023\/10\/17\/europa-deberia-recibir-a-un-millon-de-gazaties-si-tanto-defiende-los-derechos-humanos\/","title":{"rendered":"Europa deber\u00eda recibir a un mill\u00f3n de gazat\u00edes si &#8220;tanto defiende los derechos humanos&#8221;"},"content":{"rendered":"\n<figure class=\"wp-block-image size-full\"><img loading=\"lazy\" decoding=\"async\" width=\"600\" height=\"371\" src=\"https:\/\/blogdiario.info\/magazine\/images\/2023\/10\/gaz_1_20231017.jpg\" alt=\"\" class=\"wp-image-1001\" srcset=\"https:\/\/blogdiario.info\/magazine\/images\/2023\/10\/gaz_1_20231017.jpg 600w, https:\/\/blogdiario.info\/magazine\/images\/2023\/10\/gaz_1_20231017-300x186.jpg 300w\" sizes=\"auto, (max-width: 600px) 100vw, 600px\" \/><\/figure>\n\n\n\n<p>Europa deber\u00eda acoger al mill\u00f3n de personas que intentan huir de Gaza si &#8220;tanto le importan los derechos humanos&#8221;, seg\u00fan ha declarado un alto funcionario egipcio a un hom\u00f3logo europeo.<\/p>\n\n\n\n<p>&#8220;\u00bfQuiere que acojamos a un mill\u00f3n de personas? Pues las enviar\u00e9 a Europa. Si tanto le preocupan los derechos humanos, ac\u00f3jalos usted&#8221;, dijo un funcionario no identificado.<\/p>\n\n\n\n<p>El comentario, publicado por primera vez por el Financial Times, se produjo en medio de informaciones aparecidas en los medios de comunicaci\u00f3n que sugieren que el gobierno egipcio se niega a aceptar el reasentamiento de refugiados palestinos en el norte del Sina\u00ed.<\/p>\n\n\n\n<p>El presidente del Consejo Europeo, Charles Michel, afirm\u00f3 que el conflicto podr\u00eda tener &#8220;importantes consecuencias para la seguridad&#8221; de Europa, con un &#8220;riesgo de oleadas migratorias&#8221; hacia el continente si no se gestiona con cuidado.<\/p>\n\n\n\n<p>Para evitar un \u00e9xodo masivo de la Franja de Gaza a Egipto, el ej\u00e9rcito egipcio ha empezado a establecer posiciones cerca de la frontera, reforz\u00e1ndola con alambre de pua, ampliando las patrullas e instalando un muro de hormig\u00f3n en el paso fronterizo de Rafah con Gaza.<\/p>\n\n\n\n<figure class=\"wp-block-image size-full\"><img loading=\"lazy\" decoding=\"async\" width=\"600\" height=\"735\" src=\"https:\/\/blogdiario.info\/magazine\/images\/2023\/10\/gazamap_20231017.png\" alt=\"\" class=\"wp-image-1002\" srcset=\"https:\/\/blogdiario.info\/magazine\/images\/2023\/10\/gazamap_20231017.png 600w, https:\/\/blogdiario.info\/magazine\/images\/2023\/10\/gazamap_20231017-245x300.png 245w\" sizes=\"auto, (max-width: 600px) 100vw, 600px\" \/><\/figure>\n\n\n\n<p>Esto significa que, si se permite a los palestinos cruzar a Egipto, s\u00f3lo podr\u00e1n hacerlo hasta la zona de seguridad de 8,5 millas en Rafah.<\/p>\n\n\n\n<p>Estados Unidos, que ha estado intentando llegar a un acuerdo que permita a los refugiados salir de Gaza, dijo el martes que Benjamin Netanyahu, primer ministro de Israel, hab\u00eda aceptado que la ayuda humanitaria llegara al enclave costero asediado.<\/p>\n\n\n\n<figure class=\"wp-block-image size-full\"><img loading=\"lazy\" decoding=\"async\" width=\"600\" height=\"370\" src=\"https:\/\/blogdiario.info\/magazine\/images\/2023\/10\/gaz_2_20231017.jpg\" alt=\"\" class=\"wp-image-1003\" srcset=\"https:\/\/blogdiario.info\/magazine\/images\/2023\/10\/gaz_2_20231017.jpg 600w, https:\/\/blogdiario.info\/magazine\/images\/2023\/10\/gaz_2_20231017-300x185.jpg 300w\" sizes=\"auto, (max-width: 600px) 100vw, 600px\" \/><figcaption class=\"wp-element-caption\">Camiones de ayuda hacen cola en el paso fronterizo de Rafah a la espera de que se les permita entrar en Gaza.<\/figcaption><\/figure>\n\n\n\n<p>Los camiones con suministros vitales para Gaza se dirigieron hacia el paso fronterizo de Rafah, \u00fanico punto de acceso al enclave fuera del control de Israel, aunque no era seguro que pudieran cruzarlo.<\/p>\n\n\n\n<p>Entre los suministros que contienen los camiones de ayuda egipcios estacionados en la frontera se encuentran tiendas de campa\u00f1a para dar cobijo a quienes han recibido la orden de huir del norte al sur de Gaza.<\/p>\n\n\n\n<p>Egipto est\u00e1 presionando a Israel para que permita la entrega de ayuda humanitaria a los residentes de Gaza a trav\u00e9s de los pasos fronterizos de Rafah y Kerem Shalom, de modo que el gran n\u00famero de personas no se concentre en la frontera egipcia.<\/p>\n\n\n\n<p>Los convoyes de ayuda han llegado a la ciudad de El Arish, a poco menos de 50 kil\u00f3metros de la frontera con Gaza. Sin embargo, la mediaci\u00f3n estadounidense no ha conseguido llegar a un acuerdo que les permita entrar en la Franja de Gaza.<\/p>\n\n\n\n<p>Egipto se niega a dejar salir a los extranjeros por el paso fronterizo de Rafah antes de permitir la entrada de la ayuda, pero Israel insiste en inspeccionar los camiones antes de permitirles entrar por el paso fronterizo de Kerem Shalom, que controla, en el extremo sur del territorio.<\/p>\n\n\n\n<p> 60.000 personas se han visto desplazadas de sus hogares en el norte de Gaza desde el inicio de las hostilidades entre Ham\u00e1s e Israel, seg\u00fan Naciones Unidas.<\/p>\n\n\n\n<p>Seg\u00fan el Wall Street Journal, funcionarios egipcios han debatido la posibilidad de limitar a 100.000 el n\u00famero de palestinos que Egipto permitir\u00eda entrar. Sin embargo, las autoridades egipcias han rechazado categ\u00f3ricamente la idea de asentar palestinos en el norte del Sina\u00ed.<\/p>\n\n\n\n<p>Sameh Shoukry, ministro egipcio de Asuntos Exteriores, subray\u00f3 el lunes que no hab\u00eda forma de lograr la paz si no era estableciendo un Estado palestino basado en las fronteras de 1967.<\/p>\n\n\n\n<p>Abdel Fattah el-Sisi, presidente de Egipto, ha instado a los palestinos a resistirse a los intentos de obligarles a abandonar Gaza.<\/p>\n\n\n\n<p><strong>Posici\u00f3n europea<\/strong><\/p>\n\n\n\n<p>Mientras tanto, los l\u00edderes de la Uni\u00f3n Europea se reunieron en una cumbre virtual el martes a las 16.30 (GMT) para intentar forjar una postura com\u00fan sobre la guerra entre Israel y Ham\u00e1s.<\/p>\n\n\n\n<p>Michel anunci\u00f3 la celebraci\u00f3n de la cumbre: &#8220;Existe un riesgo importante de migraci\u00f3n y movimientos de un gran n\u00famero de personas hacia los pa\u00edses vecinos que ya tienen un n\u00famero significativo de refugiados en su territorio. Si no se gestionan con cuidado, existe el riesgo de que se produzcan oleadas migratorias hacia Europa&#8221;.<\/p>\n\n\n\n<p>Asimismo, dijo que los l\u00edderes estudiar\u00edan formas de ayudar a los civiles afectados por el conflicto en Israel y Gaza y colaborar\u00edan con otros pa\u00edses de Oriente Pr\u00f3ximo y las regiones del Golfo P\u00e9rsico para tratar de evitar que el conflicto se extienda.<\/p>\n\n\n\n<p>Algunos Estados miembros han expresado su frustraci\u00f3n con Ursula von der Leyen, Presidente de la Comisi\u00f3n Europea, y su respuesta al conflicto.<\/p>\n\n\n\n<p>La Sra. von der Leyen viaj\u00f3 a Israel tras los ataques terroristas, pero algunos gobiernos de la UE sostienen que no ha hecho lo suficiente para insistir en que Jerusal\u00e9n respete el derecho internacional en sus represalias.<\/p>\n\n\n\n<p>&#8220;Adem\u00e1s de triplicar la ayuda humanitaria a los civiles de Gaza, estamos organizando un puente a\u00e9reo humanitario de la UE a Gaza a trav\u00e9s de Egipto. Con los dos primeros vuelos esta semana&#8221;, declar\u00f3 el lunes el Presidente de la Comisi\u00f3n Europea.<\/p>\n\n\n\n<p>A pesar de extender esta rama de olivo a los Estados miembros, la Comisi\u00f3n insiste en que la Sra. von der Leyen exprese su solidaridad con una naci\u00f3n necesitada como y cuando le plazca.<\/p>\n\n\n\n<p>Pero antes de la cumbre virtual del martes, el jefe de la diplomacia de la UE, Josep Borrell, declar\u00f3 que la pol\u00edtica exterior y de seguridad &#8220;sigue siendo responsabilidad de los Estados miembros&#8221;.<\/p>\n\n\n\n<p>Y a\u00f1adi\u00f3: &#8220;La posici\u00f3n es clara: Israel tiene derecho a la defensa, pero esta defensa debe desarrollarse respetando las leyes internacionales y, en particular, las leyes humanitarias, porque la guerra tambi\u00e9n tiene sus leyes&#8221;.<\/p>\n\n\n\n<figure class=\"wp-block-image size-full\"><img loading=\"lazy\" decoding=\"async\" width=\"600\" height=\"374\" src=\"https:\/\/blogdiario.info\/magazine\/images\/2023\/10\/gaz_3_20231017.jpg\" alt=\"\" class=\"wp-image-1004\" srcset=\"https:\/\/blogdiario.info\/magazine\/images\/2023\/10\/gaz_3_20231017.jpg 600w, https:\/\/blogdiario.info\/magazine\/images\/2023\/10\/gaz_3_20231017-300x187.jpg 300w\" sizes=\"auto, (max-width: 600px) 100vw, 600px\" \/><figcaption class=\"wp-element-caption\">Olaf Scholz, canciller alem\u00e1n, se reuni\u00f3 el martes con Benjamin Netanyahu en Tel Aviv<\/figcaption><\/figure>\n\n\n\n<p>Olaf Scholz, canciller alem\u00e1n, viaj\u00f3 el martes a Israel para una &#8220;visita a amigos&#8221;, tras reunirse en Berl\u00edn con el rey Abdal\u00e1 II de Jordania. Tambi\u00e9n tiene previsto reunirse con Abdel Fattah El-Sisi, presidente egipcio.<\/p>\n\n\n\n<p>&#8220;Alemania est\u00e1 firmemente al lado de Israel&#8221;, declar\u00f3 Scholz, antes de advertir del riesgo de que la regi\u00f3n se incline hacia un conflicto m\u00e1s amplio.<\/p>\n\n\n\n<p>Y a\u00f1adi\u00f3: &#8220;Se trata de proteger a la poblaci\u00f3n civil de la Franja de Gaza y evitar una conflagraci\u00f3n.&#8221;<\/p>\n\n\n\n<p><strong>Emmanuel Macron, presidente de Francia, dijo que viajar\u00eda a la regi\u00f3n en el futuro.<\/strong><br>Macron a\u00f1adi\u00f3 que, aunque respetaba el derecho de Israel a defenderse, hab\u00eda transmitido &#8220;mensajes de advertencia pidiendo que se respeten el derecho humanitario, el derecho internacional y la poblaci\u00f3n civil en Gaza y Cisjordania, y que no se recrudezca el conflicto en L\u00edbano.&#8221;<\/p>\n\n\n\n<p><small>Copyright \u00a9 2023 ElCanillita.info \/ BlogDiario.info &#8211; SalaStampa.Eu, servicio mundial de prensa<\/small><\/p>\n","protected":false},"excerpt":{"rendered":"<p>El comentario del funcionario egipcio se produce mientras el presidente del Consejo Europeo, Charles Michel, advierte de que el conflicto puede provocar &#8220;oleadas migratorias&#8221;.<\/p>\n","protected":false},"author":1,"featured_media":1005,"comment_status":"closed","ping_status":"closed","sticky":false,"template":"","format":"standard","meta":{"footnotes":"","_links_to":"","_links_to_target":""},"categories":[97,109,62,119,54],"tags":[],"class_list":["post-1000","post","type-post","status-publish","format-standard","has-post-thumbnail","hentry","category-elcanillita","category-dc24","category-actualidad","category-guerra","category-medio-oriente","entry","rows"],"yoast_head":"<!-- This site is optimized with the Yoast SEO plugin v27.4 - https:\/\/yoast.com\/product\/yoast-seo-wordpress\/ -->\n<title>Europa deber\u00eda recibir a un mill\u00f3n de gazat\u00edes si &quot;tanto defiende los derechos humanos&quot; - BlogDiario Magazine<\/title>\n<meta name=\"description\" content=\"El comentario del funcionario egipcio se produce mientras el presidente del Consejo Europeo, Charles Michel, advierte de que el conflicto puede provocar &quot;oleadas migratorias&quot;.\" \/>\n<meta name=\"robots\" content=\"index, follow, max-snippet:-1, max-image-preview:large, max-video-preview:-1\" \/>\n<link rel=\"canonical\" href=\"https:\/\/blogdiario.info\/magazine\/2023\/10\/17\/europa-deberia-recibir-a-un-millon-de-gazaties-si-tanto-defiende-los-derechos-humanos\/\" \/>\n<meta property=\"og:locale\" content=\"es_ES\" \/>\n<meta property=\"og:type\" content=\"article\" \/>\n<meta property=\"og:title\" content=\"Europa deber\u00eda recibir a un mill\u00f3n de gazat\u00edes si &quot;tanto defiende los derechos humanos&quot; - BlogDiario Magazine\" \/>\n<meta property=\"og:description\" content=\"El comentario del funcionario egipcio se produce mientras el presidente del Consejo Europeo, Charles Michel, advierte de que el conflicto puede provocar &quot;oleadas migratorias&quot;.\" \/>\n<meta property=\"og:url\" content=\"https:\/\/blogdiario.info\/magazine\/2023\/10\/17\/europa-deberia-recibir-a-un-millon-de-gazaties-si-tanto-defiende-los-derechos-humanos\/\" \/>\n<meta property=\"og:site_name\" content=\"BlogDiario Magazine\" \/>\n<meta property=\"article:published_time\" content=\"2023-10-17T19:21:23+00:00\" \/>\n<meta property=\"article:modified_time\" content=\"2023-10-17T19:21:24+00:00\" \/>\n<meta property=\"og:image\" content=\"https:\/\/blogdiario.info\/magazine\/images\/2023\/10\/gaz_cover_20231017.jpg\" \/>\n\t<meta property=\"og:image:width\" content=\"600\" \/>\n\t<meta property=\"og:image:height\" content=\"377\" \/>\n\t<meta property=\"og:image:type\" content=\"image\/jpeg\" \/>\n<meta name=\"author\" content=\"World Press Service | Servicio de Prensa Mundial\" \/>\n<meta name=\"twitter:card\" content=\"summary_large_image\" \/>\n<meta name=\"twitter:label1\" content=\"Escrito por\" \/>\n\t<meta name=\"twitter:data1\" content=\"World Press Service | Servicio de Prensa Mundial\" \/>\n\t<meta name=\"twitter:label2\" content=\"Tiempo de lectura\" \/>\n\t<meta name=\"twitter:data2\" content=\"7 minutos\" \/>\n<script type=\"application\/ld+json\" class=\"yoast-schema-graph\">{\"@context\":\"https:\\\/\\\/schema.org\",\"@graph\":[{\"@type\":\"Article\",\"@id\":\"https:\\\/\\\/blogdiario.info\\\/magazine\\\/2023\\\/10\\\/17\\\/europa-deberia-recibir-a-un-millon-de-gazaties-si-tanto-defiende-los-derechos-humanos\\\/#article\",\"isPartOf\":{\"@id\":\"https:\\\/\\\/blogdiario.info\\\/magazine\\\/2023\\\/10\\\/17\\\/europa-deberia-recibir-a-un-millon-de-gazaties-si-tanto-defiende-los-derechos-humanos\\\/\"},\"author\":{\"name\":\"World Press Service | Servicio de Prensa Mundial\",\"@id\":\"https:\\\/\\\/blogdiario.info\\\/magazine\\\/#\\\/schema\\\/person\\\/b2422fe85574d945bad55513bb0c7354\"},\"headline\":\"Europa deber\u00eda recibir a un mill\u00f3n de gazat\u00edes si &#8220;tanto defiende los derechos humanos&#8221;\",\"datePublished\":\"2023-10-17T19:21:23+00:00\",\"dateModified\":\"2023-10-17T19:21:24+00:00\",\"mainEntityOfPage\":{\"@id\":\"https:\\\/\\\/blogdiario.info\\\/magazine\\\/2023\\\/10\\\/17\\\/europa-deberia-recibir-a-un-millon-de-gazaties-si-tanto-defiende-los-derechos-humanos\\\/\"},\"wordCount\":1168,\"publisher\":{\"@id\":\"https:\\\/\\\/blogdiario.info\\\/magazine\\\/#organization\"},\"image\":{\"@id\":\"https:\\\/\\\/blogdiario.info\\\/magazine\\\/2023\\\/10\\\/17\\\/europa-deberia-recibir-a-un-millon-de-gazaties-si-tanto-defiende-los-derechos-humanos\\\/#primaryimage\"},\"thumbnailUrl\":\"https:\\\/\\\/blogdiario.info\\\/magazine\\\/images\\\/2023\\\/10\\\/gaz_cover_20231017.jpg\",\"articleSection\":[\".\",\".\",\"Actualidad\",\"Guerra\",\"Medio Oriente\"],\"inLanguage\":\"es-AR\"},{\"@type\":\"WebPage\",\"@id\":\"https:\\\/\\\/blogdiario.info\\\/magazine\\\/2023\\\/10\\\/17\\\/europa-deberia-recibir-a-un-millon-de-gazaties-si-tanto-defiende-los-derechos-humanos\\\/\",\"url\":\"https:\\\/\\\/blogdiario.info\\\/magazine\\\/2023\\\/10\\\/17\\\/europa-deberia-recibir-a-un-millon-de-gazaties-si-tanto-defiende-los-derechos-humanos\\\/\",\"name\":\"Europa deber\u00eda recibir a un mill\u00f3n de gazat\u00edes si \\\"tanto defiende los derechos humanos\\\" - BlogDiario Magazine\",\"isPartOf\":{\"@id\":\"https:\\\/\\\/blogdiario.info\\\/magazine\\\/#website\"},\"primaryImageOfPage\":{\"@id\":\"https:\\\/\\\/blogdiario.info\\\/magazine\\\/2023\\\/10\\\/17\\\/europa-deberia-recibir-a-un-millon-de-gazaties-si-tanto-defiende-los-derechos-humanos\\\/#primaryimage\"},\"image\":{\"@id\":\"https:\\\/\\\/blogdiario.info\\\/magazine\\\/2023\\\/10\\\/17\\\/europa-deberia-recibir-a-un-millon-de-gazaties-si-tanto-defiende-los-derechos-humanos\\\/#primaryimage\"},\"thumbnailUrl\":\"https:\\\/\\\/blogdiario.info\\\/magazine\\\/images\\\/2023\\\/10\\\/gaz_cover_20231017.jpg\",\"datePublished\":\"2023-10-17T19:21:23+00:00\",\"dateModified\":\"2023-10-17T19:21:24+00:00\",\"description\":\"El comentario del funcionario egipcio se produce mientras el presidente del Consejo Europeo, Charles Michel, advierte de que el conflicto puede provocar \\\"oleadas migratorias\\\".\",\"breadcrumb\":{\"@id\":\"https:\\\/\\\/blogdiario.info\\\/magazine\\\/2023\\\/10\\\/17\\\/europa-deberia-recibir-a-un-millon-de-gazaties-si-tanto-defiende-los-derechos-humanos\\\/#breadcrumb\"},\"inLanguage\":\"es-AR\",\"potentialAction\":[{\"@type\":\"ReadAction\",\"target\":[\"https:\\\/\\\/blogdiario.info\\\/magazine\\\/2023\\\/10\\\/17\\\/europa-deberia-recibir-a-un-millon-de-gazaties-si-tanto-defiende-los-derechos-humanos\\\/\"]}]},{\"@type\":\"ImageObject\",\"inLanguage\":\"es-AR\",\"@id\":\"https:\\\/\\\/blogdiario.info\\\/magazine\\\/2023\\\/10\\\/17\\\/europa-deberia-recibir-a-un-millon-de-gazaties-si-tanto-defiende-los-derechos-humanos\\\/#primaryimage\",\"url\":\"https:\\\/\\\/blogdiario.info\\\/magazine\\\/images\\\/2023\\\/10\\\/gaz_cover_20231017.jpg\",\"contentUrl\":\"https:\\\/\\\/blogdiario.info\\\/magazine\\\/images\\\/2023\\\/10\\\/gaz_cover_20231017.jpg\",\"width\":600,\"height\":377},{\"@type\":\"BreadcrumbList\",\"@id\":\"https:\\\/\\\/blogdiario.info\\\/magazine\\\/2023\\\/10\\\/17\\\/europa-deberia-recibir-a-un-millon-de-gazaties-si-tanto-defiende-los-derechos-humanos\\\/#breadcrumb\",\"itemListElement\":[{\"@type\":\"ListItem\",\"position\":1,\"name\":\"Home\",\"item\":\"https:\\\/\\\/blogdiario.info\\\/magazine\\\/\"},{\"@type\":\"ListItem\",\"position\":2,\"name\":\"Europa deber\u00eda recibir a un mill\u00f3n de gazat\u00edes si &#8220;tanto defiende los derechos humanos&#8221;\"}]},{\"@type\":\"WebSite\",\"@id\":\"https:\\\/\\\/blogdiario.info\\\/magazine\\\/#website\",\"url\":\"https:\\\/\\\/blogdiario.info\\\/magazine\\\/\",\"name\":\"BlogDiario Magazine\",\"description\":\"Suplemento multiling\u00fce de ElCanillita.Info\",\"publisher\":{\"@id\":\"https:\\\/\\\/blogdiario.info\\\/magazine\\\/#organization\"},\"potentialAction\":[{\"@type\":\"SearchAction\",\"target\":{\"@type\":\"EntryPoint\",\"urlTemplate\":\"https:\\\/\\\/blogdiario.info\\\/magazine\\\/?s={search_term_string}\"},\"query-input\":{\"@type\":\"PropertyValueSpecification\",\"valueRequired\":true,\"valueName\":\"search_term_string\"}}],\"inLanguage\":\"es-AR\"},{\"@type\":\"Organization\",\"@id\":\"https:\\\/\\\/blogdiario.info\\\/magazine\\\/#organization\",\"name\":\"Guzzo Photos & Graphic Publications\",\"url\":\"https:\\\/\\\/blogdiario.info\\\/magazine\\\/\",\"logo\":{\"@type\":\"ImageObject\",\"inLanguage\":\"es-AR\",\"@id\":\"https:\\\/\\\/blogdiario.info\\\/magazine\\\/#\\\/schema\\\/logo\\\/image\\\/\",\"url\":\"https:\\\/\\\/blogdiario.info\\\/magazine\\\/images\\\/2020\\\/01\\\/cropped-blogdia_magazine.jpg\",\"contentUrl\":\"https:\\\/\\\/blogdiario.info\\\/magazine\\\/images\\\/2020\\\/01\\\/cropped-blogdia_magazine.jpg\",\"width\":589,\"height\":55,\"caption\":\"Guzzo Photos & Graphic Publications\"},\"image\":{\"@id\":\"https:\\\/\\\/blogdiario.info\\\/magazine\\\/#\\\/schema\\\/logo\\\/image\\\/\"}},{\"@type\":\"Person\",\"@id\":\"https:\\\/\\\/blogdiario.info\\\/magazine\\\/#\\\/schema\\\/person\\\/b2422fe85574d945bad55513bb0c7354\",\"name\":\"World Press Service | Servicio de Prensa Mundial\"}]}<\/script>\n<!-- \/ Yoast SEO plugin. -->","yoast_head_json":{"title":"Europa deber\u00eda recibir a un mill\u00f3n de gazat\u00edes si \"tanto defiende los derechos humanos\" - BlogDiario Magazine","description":"El comentario del funcionario egipcio se produce mientras el presidente del Consejo Europeo, Charles Michel, advierte de que el conflicto puede provocar \"oleadas migratorias\".","robots":{"index":"index","follow":"follow","max-snippet":"max-snippet:-1","max-image-preview":"max-image-preview:large","max-video-preview":"max-video-preview:-1"},"canonical":"https:\/\/blogdiario.info\/magazine\/2023\/10\/17\/europa-deberia-recibir-a-un-millon-de-gazaties-si-tanto-defiende-los-derechos-humanos\/","og_locale":"es_ES","og_type":"article","og_title":"Europa deber\u00eda recibir a un mill\u00f3n de gazat\u00edes si \"tanto defiende los derechos humanos\" - BlogDiario Magazine","og_description":"El comentario del funcionario egipcio se produce mientras el presidente del Consejo Europeo, Charles Michel, advierte de que el conflicto puede provocar \"oleadas migratorias\".","og_url":"https:\/\/blogdiario.info\/magazine\/2023\/10\/17\/europa-deberia-recibir-a-un-millon-de-gazaties-si-tanto-defiende-los-derechos-humanos\/","og_site_name":"BlogDiario Magazine","article_published_time":"2023-10-17T19:21:23+00:00","article_modified_time":"2023-10-17T19:21:24+00:00","og_image":[{"width":600,"height":377,"url":"https:\/\/blogdiario.info\/magazine\/images\/2023\/10\/gaz_cover_20231017.jpg","type":"image\/jpeg"}],"author":"World Press Service | Servicio de Prensa Mundial","twitter_card":"summary_large_image","twitter_misc":{"Escrito por":"World Press Service | Servicio de Prensa Mundial","Tiempo de lectura":"7 minutos"},"schema":{"@context":"https:\/\/schema.org","@graph":[{"@type":"Article","@id":"https:\/\/blogdiario.info\/magazine\/2023\/10\/17\/europa-deberia-recibir-a-un-millon-de-gazaties-si-tanto-defiende-los-derechos-humanos\/#article","isPartOf":{"@id":"https:\/\/blogdiario.info\/magazine\/2023\/10\/17\/europa-deberia-recibir-a-un-millon-de-gazaties-si-tanto-defiende-los-derechos-humanos\/"},"author":{"name":"World Press Service | Servicio de Prensa Mundial","@id":"https:\/\/blogdiario.info\/magazine\/#\/schema\/person\/b2422fe85574d945bad55513bb0c7354"},"headline":"Europa deber\u00eda recibir a un mill\u00f3n de gazat\u00edes si &#8220;tanto defiende los derechos humanos&#8221;","datePublished":"2023-10-17T19:21:23+00:00","dateModified":"2023-10-17T19:21:24+00:00","mainEntityOfPage":{"@id":"https:\/\/blogdiario.info\/magazine\/2023\/10\/17\/europa-deberia-recibir-a-un-millon-de-gazaties-si-tanto-defiende-los-derechos-humanos\/"},"wordCount":1168,"publisher":{"@id":"https:\/\/blogdiario.info\/magazine\/#organization"},"image":{"@id":"https:\/\/blogdiario.info\/magazine\/2023\/10\/17\/europa-deberia-recibir-a-un-millon-de-gazaties-si-tanto-defiende-los-derechos-humanos\/#primaryimage"},"thumbnailUrl":"https:\/\/blogdiario.info\/magazine\/images\/2023\/10\/gaz_cover_20231017.jpg","articleSection":[".",".","Actualidad","Guerra","Medio Oriente"],"inLanguage":"es-AR"},{"@type":"WebPage","@id":"https:\/\/blogdiario.info\/magazine\/2023\/10\/17\/europa-deberia-recibir-a-un-millon-de-gazaties-si-tanto-defiende-los-derechos-humanos\/","url":"https:\/\/blogdiario.info\/magazine\/2023\/10\/17\/europa-deberia-recibir-a-un-millon-de-gazaties-si-tanto-defiende-los-derechos-humanos\/","name":"Europa deber\u00eda recibir a un mill\u00f3n de gazat\u00edes si \"tanto defiende los derechos humanos\" - BlogDiario Magazine","isPartOf":{"@id":"https:\/\/blogdiario.info\/magazine\/#website"},"primaryImageOfPage":{"@id":"https:\/\/blogdiario.info\/magazine\/2023\/10\/17\/europa-deberia-recibir-a-un-millon-de-gazaties-si-tanto-defiende-los-derechos-humanos\/#primaryimage"},"image":{"@id":"https:\/\/blogdiario.info\/magazine\/2023\/10\/17\/europa-deberia-recibir-a-un-millon-de-gazaties-si-tanto-defiende-los-derechos-humanos\/#primaryimage"},"thumbnailUrl":"https:\/\/blogdiario.info\/magazine\/images\/2023\/10\/gaz_cover_20231017.jpg","datePublished":"2023-10-17T19:21:23+00:00","dateModified":"2023-10-17T19:21:24+00:00","description":"El comentario del funcionario egipcio se produce mientras el presidente del Consejo Europeo, Charles Michel, advierte de que el conflicto puede provocar \"oleadas migratorias\".","breadcrumb":{"@id":"https:\/\/blogdiario.info\/magazine\/2023\/10\/17\/europa-deberia-recibir-a-un-millon-de-gazaties-si-tanto-defiende-los-derechos-humanos\/#breadcrumb"},"inLanguage":"es-AR","potentialAction":[{"@type":"ReadAction","target":["https:\/\/blogdiario.info\/magazine\/2023\/10\/17\/europa-deberia-recibir-a-un-millon-de-gazaties-si-tanto-defiende-los-derechos-humanos\/"]}]},{"@type":"ImageObject","inLanguage":"es-AR","@id":"https:\/\/blogdiario.info\/magazine\/2023\/10\/17\/europa-deberia-recibir-a-un-millon-de-gazaties-si-tanto-defiende-los-derechos-humanos\/#primaryimage","url":"https:\/\/blogdiario.info\/magazine\/images\/2023\/10\/gaz_cover_20231017.jpg","contentUrl":"https:\/\/blogdiario.info\/magazine\/images\/2023\/10\/gaz_cover_20231017.jpg","width":600,"height":377},{"@type":"BreadcrumbList","@id":"https:\/\/blogdiario.info\/magazine\/2023\/10\/17\/europa-deberia-recibir-a-un-millon-de-gazaties-si-tanto-defiende-los-derechos-humanos\/#breadcrumb","itemListElement":[{"@type":"ListItem","position":1,"name":"Home","item":"https:\/\/blogdiario.info\/magazine\/"},{"@type":"ListItem","position":2,"name":"Europa deber\u00eda recibir a un mill\u00f3n de gazat\u00edes si &#8220;tanto defiende los derechos humanos&#8221;"}]},{"@type":"WebSite","@id":"https:\/\/blogdiario.info\/magazine\/#website","url":"https:\/\/blogdiario.info\/magazine\/","name":"BlogDiario Magazine","description":"Suplemento multiling\u00fce de ElCanillita.Info","publisher":{"@id":"https:\/\/blogdiario.info\/magazine\/#organization"},"potentialAction":[{"@type":"SearchAction","target":{"@type":"EntryPoint","urlTemplate":"https:\/\/blogdiario.info\/magazine\/?s={search_term_string}"},"query-input":{"@type":"PropertyValueSpecification","valueRequired":true,"valueName":"search_term_string"}}],"inLanguage":"es-AR"},{"@type":"Organization","@id":"https:\/\/blogdiario.info\/magazine\/#organization","name":"Guzzo Photos & Graphic Publications","url":"https:\/\/blogdiario.info\/magazine\/","logo":{"@type":"ImageObject","inLanguage":"es-AR","@id":"https:\/\/blogdiario.info\/magazine\/#\/schema\/logo\/image\/","url":"https:\/\/blogdiario.info\/magazine\/images\/2020\/01\/cropped-blogdia_magazine.jpg","contentUrl":"https:\/\/blogdiario.info\/magazine\/images\/2020\/01\/cropped-blogdia_magazine.jpg","width":589,"height":55,"caption":"Guzzo Photos & Graphic Publications"},"image":{"@id":"https:\/\/blogdiario.info\/magazine\/#\/schema\/logo\/image\/"}},{"@type":"Person","@id":"https:\/\/blogdiario.info\/magazine\/#\/schema\/person\/b2422fe85574d945bad55513bb0c7354","name":"World Press Service | Servicio de Prensa Mundial"}]}},"views":388,"_links":{"self":[{"href":"https:\/\/blogdiario.info\/magazine\/wp-json\/wp\/v2\/posts\/1000","targetHints":{"allow":["GET"]}}],"collection":[{"href":"https:\/\/blogdiario.info\/magazine\/wp-json\/wp\/v2\/posts"}],"about":[{"href":"https:\/\/blogdiario.info\/magazine\/wp-json\/wp\/v2\/types\/post"}],"author":[{"embeddable":true,"href":"https:\/\/blogdiario.info\/magazine\/wp-json\/wp\/v2\/users\/1"}],"replies":[{"embeddable":true,"href":"https:\/\/blogdiario.info\/magazine\/wp-json\/wp\/v2\/comments?post=1000"}],"version-history":[{"count":0,"href":"https:\/\/blogdiario.info\/magazine\/wp-json\/wp\/v2\/posts\/1000\/revisions"}],"wp:featuredmedia":[{"embeddable":true,"href":"https:\/\/blogdiario.info\/magazine\/wp-json\/wp\/v2\/media\/1005"}],"wp:attachment":[{"href":"https:\/\/blogdiario.info\/magazine\/wp-json\/wp\/v2\/media?parent=1000"}],"wp:term":[{"taxonomy":"category","embeddable":true,"href":"https:\/\/blogdiario.info\/magazine\/wp-json\/wp\/v2\/categories?post=1000"},{"taxonomy":"post_tag","embeddable":true,"href":"https:\/\/blogdiario.info\/magazine\/wp-json\/wp\/v2\/tags?post=1000"}],"curies":[{"name":"wp","href":"https:\/\/api.w.org\/{rel}","templated":true}]}}